{"id":100,"date":"2011-02-01T13:04:00","date_gmt":"2011-02-01T13:04:00","guid":{"rendered":"\/Blogg\/post\/30-dagarslista3b-Dag-25.aspx"},"modified":"2011-02-01T13:04:00","modified_gmt":"2011-02-01T13:04:00","slug":"30-dagarslista-dag-25","status":"publish","type":"post","link":"https:\/\/blogg.fumei.se\/?p=100","title":{"rendered":"30-dagarslista; Dag 25"},"content":{"rendered":"<p>Dag 25: En bild av din dag.<\/p>\n<p>Jag kan ju inte g&aring; omkring och ta kort p&aring; hur det ser ut n&auml;r jag jobbar, s&aring; ni f&aring;r h&aring;lla tillgodo med en bild p&aring; min arbetsplats utifr&aring;n.<\/p>\n<p>&nbsp;<img decoding=\"async\" src=\"\/blogg\/image.axd?picture=2011%2f2%2fkk%c3%b6.png\" alt=\"\" \/><\/p>\n<p>&nbsp;<\/p>\n<p>&nbsp;<\/p>\n","protected":false},"excerpt":{"rendered":"<p>Dag 25: En bild av din dag. Jag kan ju inte g&aring; omkring och ta kort p&aring; hur det ser ut n&auml;r jag jobbar, s&aring; ni f&aring;r h&aring;lla tillgodo med en bild p&aring; min arbetsplats utifr&aring;n. &nbsp; &nbsp; &nbsp;<\/p>\n","protected":false},"author":1,"featured_media":0,"comment_status":"open","ping_status":"open","sticky":false,"template":"","format":"standard","meta":{"jetpack_post_was_ever_published":false,"_jetpack_newsletter_access":"","_jetpack_dont_email_post_to_subs":false,"_jetpack_newsletter_tier_id":0,"_jetpack_memberships_contains_paywalled_content":false,"_jetpack_memberships_contains_paid_content":false,"footnotes":"","jetpack_publicize_message":"","jetpack_publicize_feature_enabled":true,"jetpack_social_post_already_shared":false,"jetpack_social_options":{"image_generator_settings":{"template":"highway","default_image_id":0,"font":"","enabled":false},"version":2}},"categories":[47],"tags":[],"class_list":["post-100","post","type-post","status-publish","format-standard","hentry","category-vardagsliv"],"jetpack_publicize_connections":[],"jetpack_featured_media_url":"","jetpack_shortlink":"https:\/\/wp.me\/p3qko4-1C","jetpack_sharing_enabled":true,"jetpack_likes_enabled":true,"jetpack-related-posts":[{"id":143,"url":"https:\/\/blogg.fumei.se\/?p=143","url_meta":{"origin":100,"position":0},"title":"30-dagarslista","author":"M :)","date":"2011-01-01","format":false,"excerpt":"Dag 1: En bild p\u00e5 dig sj\u00e4lv och femton fakta om dig sj\u00e4lv.Dag 2; En bild p\u00e5 dig sj\u00e4lv och den person du varit v\u00e4n med l\u00e4ngst.Dag 3; En bild p\u00e5 dig och n\u00e5gon som f\u00e5r dig att skratta mycket.Dag 4; En bild p\u00e5 n\u00e5got du skulle vilja g\u00f6ra igen.Dag\u2026","rel":"","context":"I \u201dVardagsliv\u201d","block_context":{"text":"Vardagsliv","link":"https:\/\/blogg.fumei.se\/?cat=47"},"img":{"alt_text":"","src":"","width":0,"height":0},"classes":[]},{"id":25,"url":"https:\/\/blogg.fumei.se\/?p=25","url_meta":{"origin":100,"position":1},"title":"EFIT","author":"M :)","date":"2011-07-04","format":false,"excerpt":"Idag var det [EFIT] - Ett Foto I Timmen. Det g\u00e5r ut p\u00e5 att man tar ett foto i timmen, precis som det l\u00e5ter. Jag har tagit alla mina bilder med mobilkameran, som ju numera \"bara\" \u00e4r p\u00e5 2mp och som dessutom saknar blixt, s\u00e5 ni f\u00e5r ta dem som\u2026","rel":"","context":"I \u201dVardagsliv\u201d","block_context":{"text":"Vardagsliv","link":"https:\/\/blogg.fumei.se\/?cat=47"},"img":{"alt_text":"","src":"https:\/\/i0.wp.com\/blogg.fumei.se\/wp-content\/uploads\/2011\/07\/2011-07-04-08.jpg?resize=350%2C200","width":350,"height":200},"classes":[]},{"id":2746,"url":"https:\/\/blogg.fumei.se\/?p=2746","url_meta":{"origin":100,"position":2},"title":"Buzzning: Pantene Pro-V","author":"M :)","date":"2012-08-26","format":false,"excerpt":"Detta erbjudande \u00e4r inte l\u00e4ngre aktuellt! Jag \u00e4r en Buzzador. Det inneb\u00e4r att jag med j\u00e4mna mellanrum f\u00e5r erbjudanden om att testa produkter eller tj\u00e4nster \u00e5t olika f\u00f6retag, att ber\u00e4tta om produkten\/tj\u00e4nsten f\u00f6r v\u00e4nner, bekanta och kollegor och att jag sedan rapporterar vad jag och de jag \"buzzat\" f\u00f6r tyckte\u2026","rel":"","context":"I \u201dVardagsliv\u201d","block_context":{"text":"Vardagsliv","link":"https:\/\/blogg.fumei.se\/?cat=47"},"img":{"alt_text":"","src":"https:\/\/i0.wp.com\/blogg.fumei.se\/wp-content\/uploads\/2012\/08\/pantene4.png?resize=350%2C200","width":350,"height":200},"classes":[]},{"id":824,"url":"https:\/\/blogg.fumei.se\/?p=824","url_meta":{"origin":100,"position":3},"title":"GRATTIS NINA!!","author":"M :)","date":"2009-01-05","format":false,"excerpt":"P\u00e5 25-\u00e5rsdagen! Hoppas din dag \u00e4r och har varit helt j\u00e4vla b\u00e4st!! H\u00e4r f\u00e5r du en t\u00e5rta och lite blommor, eftersom jag inte kan komma p\u00e5 L\u00f6rdag ;)","rel":"","context":"I \u201dVardagsliv\u201d","block_context":{"text":"Vardagsliv","link":"https:\/\/blogg.fumei.se\/?cat=47"},"img":{"alt_text":"","src":"","width":0,"height":0},"classes":[]},{"id":138,"url":"https:\/\/blogg.fumei.se\/?p=138","url_meta":{"origin":100,"position":4},"title":"30-dagarslista; Dag 3","author":"M :)","date":"2011-01-03","format":false,"excerpt":"Dag 3; En bild p\u00e5 dig och n\u00e5gon som f\u00e5r dig att skratta mycket. Hmm...jag har ingen bild p\u00e5 mig och Monty Python-g\u00e4nget hihi s\u00e5 det f\u00e5r bli en bild p\u00e5 mig och Stella. Lilla s\u00f6ta vovven \u00e4r s\u00e5 knasig och sprallig s\u00e5 man kan inte h\u00e5lla sig f\u00f6r skratt\u2026","rel":"","context":"I \u201dVardagsliv\u201d","block_context":{"text":"Vardagsliv","link":"https:\/\/blogg.fumei.se\/?cat=47"},"img":{"alt_text":"","src":"","width":0,"height":0},"classes":[]},{"id":139,"url":"https:\/\/blogg.fumei.se\/?p=139","url_meta":{"origin":100,"position":5},"title":"30-dagarslista; Dag 2","author":"M :)","date":"2011-01-02","format":false,"excerpt":"Dag 2; En bild p\u00e5 dig sj\u00e4lv och den person du varit v\u00e4n med l\u00e4ngst. Men eftersom jag inte har n\u00e5n bild p\u00e5 mig och Niclas, f\u00e5r det bli en bild p\u00e5 mig och Anna. (F\u00f6r jag f\u00f6ruts\u00e4tter att det menas n\u00e5gon man \u00e4r v\u00e4n med fortfarande efter alla \u00e5r.\u2026","rel":"","context":"I \u201dVardagsliv\u201d","block_context":{"text":"Vardagsliv","link":"https:\/\/blogg.fumei.se\/?cat=47"},"img":{"alt_text":"","src":"","width":0,"height":0},"classes":[]}],"_links":{"self":[{"href":"https:\/\/blogg.fumei.se\/index.php?rest_route=\/wp\/v2\/posts\/100","targetHints":{"allow":["GET"]}}],"collection":[{"href":"https:\/\/blogg.fumei.se\/index.php?rest_route=\/wp\/v2\/posts"}],"about":[{"href":"https:\/\/blogg.fumei.se\/index.php?rest_route=\/wp\/v2\/types\/post"}],"author":[{"embeddable":true,"href":"https:\/\/blogg.fumei.se\/index.php?rest_route=\/wp\/v2\/users\/1"}],"replies":[{"embeddable":true,"href":"https:\/\/blogg.fumei.se\/index.php?rest_route=%2Fwp%2Fv2%2Fcomments&post=100"}],"version-history":[{"count":0,"href":"https:\/\/blogg.fumei.se\/index.php?rest_route=\/wp\/v2\/posts\/100\/revisions"}],"wp:attachment":[{"href":"https:\/\/blogg.fumei.se\/index.php?rest_route=%2Fwp%2Fv2%2Fmedia&parent=100"}],"wp:term":[{"taxonomy":"category","embeddable":true,"href":"https:\/\/blogg.fumei.se\/index.php?rest_route=%2Fwp%2Fv2%2Fcategories&post=100"},{"taxonomy":"post_tag","embeddable":true,"href":"https:\/\/blogg.fumei.se\/index.php?rest_route=%2Fwp%2Fv2%2Ftags&post=100"}],"curies":[{"name":"wp","href":"https:\/\/api.w.org\/{rel}","templated":true}]}}