{"id":102,"date":"2011-02-01T13:02:00","date_gmt":"2011-02-01T13:02:00","guid":{"rendered":"\/Blogg\/post\/30-dagarslista3b-Dag-23.aspx"},"modified":"2011-02-01T13:02:00","modified_gmt":"2011-02-01T13:02:00","slug":"30-dagarslista-dag-23","status":"publish","type":"post","link":"https:\/\/blogg.fumei.se\/?p=102","title":{"rendered":"30-dagarslista; Dag 23"},"content":{"rendered":"<p>Dag 23: En bild av din favoritbok.<\/p>\n<p>Jag ska allts&aring; v&auml;lja <em>en<\/em>??!! Djisus&#8230;d&aring; f&aring;r det bli<\/p>\n<p>&nbsp;<img decoding=\"async\" src=\"\/blogg\/image.axd?picture=2011%2f2%2fpsily.png\" alt=\"\" \/><\/p>\n<p>Jag s&auml;ger bara: L&Auml;S DEN!!!<\/p>\n<p>&nbsp;<\/p>\n<p>&nbsp;<\/p>\n","protected":false},"excerpt":{"rendered":"<p>Dag 23: En bild av din favoritbok. Jag ska allts&aring; v&auml;lja en??!! Djisus&#8230;d&aring; f&aring;r det bli &nbsp; Jag s&auml;ger bara: L&Auml;S DEN!!! &nbsp; &nbsp;<\/p>\n","protected":false},"author":1,"featured_media":0,"comment_status":"open","ping_status":"open","sticky":false,"template":"","format":"standard","meta":{"jetpack_post_was_ever_published":false,"_jetpack_newsletter_access":"","_jetpack_dont_email_post_to_subs":false,"_jetpack_newsletter_tier_id":0,"_jetpack_memberships_contains_paywalled_content":false,"_jetpack_memberships_contains_paid_content":false,"footnotes":"","jetpack_publicize_message":"","jetpack_publicize_feature_enabled":true,"jetpack_social_post_already_shared":false,"jetpack_social_options":{"image_generator_settings":{"template":"highway","default_image_id":0,"font":"","enabled":false},"version":2}},"categories":[47],"tags":[],"class_list":["post-102","post","type-post","status-publish","format-standard","hentry","category-vardagsliv"],"jetpack_publicize_connections":[],"jetpack_featured_media_url":"","jetpack_shortlink":"https:\/\/wp.me\/p3qko4-1E","jetpack_sharing_enabled":true,"jetpack_likes_enabled":true,"jetpack-related-posts":[{"id":3110,"url":"https:\/\/blogg.fumei.se\/?p=3110","url_meta":{"origin":102,"position":0},"title":"Kalasandet som kom av sig","author":"M :)","date":"2013-08-13","format":false,"excerpt":"K\u00e4ra ansvariga f\u00f6r trafikplaneringen p\u00e5 V\u00e4sttrafik! \u00a0 Jag undrar lite hur man fr\u00e5n V\u00e4sttrafiks sida har t\u00e4nkt, n\u00e4r man under Kulturkalaset endast k\u00f6r ordinarie turer till orter utanf\u00f6r stor-G\u00f6teborg. Vi som bor i de yttre delarna av regionen har ingen m\u00f6jlighet att njuta av och uppleva de evenemang som sker\u2026","rel":"","context":"I \u201dVardagsliv\u201d","block_context":{"text":"Vardagsliv","link":"https:\/\/blogg.fumei.se\/?cat=47"},"img":{"alt_text":"","src":"","width":0,"height":0},"classes":[]},{"id":242,"url":"https:\/\/blogg.fumei.se\/?p=242","url_meta":{"origin":102,"position":1},"title":"Tjej&#038;Killsnack vecka 17","author":"EmEff","date":"2010-05-04","format":false,"excerpt":"Veckans fr\u00e5gor. L\u00e4s mer om vad TJEJ&KILLSNACK \u00e4r\/hitta alla fr\u00e5gor h\u00e4r S\u00f6mn 1. Hur m\u00e5nga timmar beh\u00f6ver du f\u00f6r att vara utvilad?N\u00e5nsatns mellan 6 och 8, det beror lite p\u00e5 hur tr\u00f6tt jag \u00e4r. 2. Hur ofta brukar komma du ih\u00e5g dina dr\u00f6mmar?Det varierar. Senaste tiden har jag kommit ih\u00e5g\u2026","rel":"","context":"I \u201dVardagsliv\u201d","block_context":{"text":"Vardagsliv","link":"https:\/\/blogg.fumei.se\/?cat=47"},"img":{"alt_text":"","src":"","width":0,"height":0},"classes":[]},{"id":3105,"url":"https:\/\/blogg.fumei.se\/?p=3105","url_meta":{"origin":102,"position":2},"title":"Statistiken ljuger inte","author":"M :)","date":"2013-07-31","format":false,"excerpt":"Den 23:e Juli skev jag ett inl\u00e4gg d\u00e4r jag undrade lite \u00f6ver vilka som egentligen l\u00e4ser den h\u00e4r bloggen. Det \u00e4r r\u00e4tt fascinerande att s\u00e5 m\u00e5nga m\u00e4nniskor l\u00e4ser min blogg! Det \u00e4r \u00e4nnu mer fascinerande att det bara \u00e4r 10 av dessa som verkar vilka erk\u00e4nna det. Av 77 bes\u00f6kare\u2026","rel":"","context":"I \u201dVardagsliv\u201d","block_context":{"text":"Vardagsliv","link":"https:\/\/blogg.fumei.se\/?cat=47"},"img":{"alt_text":"","src":"","width":0,"height":0},"classes":[]},{"id":143,"url":"https:\/\/blogg.fumei.se\/?p=143","url_meta":{"origin":102,"position":3},"title":"30-dagarslista","author":"M :)","date":"2011-01-01","format":false,"excerpt":"Dag 1: En bild p\u00e5 dig sj\u00e4lv och femton fakta om dig sj\u00e4lv.Dag 2; En bild p\u00e5 dig sj\u00e4lv och den person du varit v\u00e4n med l\u00e4ngst.Dag 3; En bild p\u00e5 dig och n\u00e5gon som f\u00e5r dig att skratta mycket.Dag 4; En bild p\u00e5 n\u00e5got du skulle vilja g\u00f6ra igen.Dag\u2026","rel":"","context":"I \u201dVardagsliv\u201d","block_context":{"text":"Vardagsliv","link":"https:\/\/blogg.fumei.se\/?cat=47"},"img":{"alt_text":"","src":"","width":0,"height":0},"classes":[]},{"id":206,"url":"https:\/\/blogg.fumei.se\/?p=206","url_meta":{"origin":102,"position":4},"title":"Antingen eller&#8230;","author":"EmEff","date":"2010-07-02","format":false,"excerpt":"Dags f\u00f6r en lista. Det var ett tag sen, mest f\u00f6r att jag inte hittat n\u00e5n rolig, men nu k\u00f6r vi!Kopiera till din egen blogg och markera dina val med fetstil. 1. Volvo eller Saab?2. Kjol eller Byxa?3. Tulpan eller Ros?4. Svart eller Vit?5. V\u00e5r eller H\u00f6st?6.\u00a0Hund eller Katt?7. Kaffe\u2026","rel":"","context":"I \u201dVardagsliv\u201d","block_context":{"text":"Vardagsliv","link":"https:\/\/blogg.fumei.se\/?cat=47"},"img":{"alt_text":"","src":"","width":0,"height":0},"classes":[]},{"id":1217,"url":"https:\/\/blogg.fumei.se\/?p=1217","url_meta":{"origin":102,"position":5},"title":"Fototriss &#8211; glitter","author":"M :)","date":"2009-12-13","format":false,"excerpt":"Mycket glitter blev det efter att vi f\u00e5tt upp v\u00e5r gran ikv\u00e4ll, s\u00e5 jag bjuder f\u00f6rst p\u00e5 en detaljbild av spektaklet: Solen glimmar...inte s\u00e5 mycket men \u00e4nd\u00e5 s\u00e5 pass att man nj\u00f6t av utsikten fr\u00e5n Silja Serenades f\u00f6rd\u00e4ck. S\u00f6ndag 23 Augusti 2009. Ett av mina favoritfoton av dottern. Man kan\u2026","rel":"","context":"I \u201dVardagsliv\u201d","block_context":{"text":"Vardagsliv","link":"https:\/\/blogg.fumei.se\/?cat=47"},"img":{"alt_text":"","src":"","width":0,"height":0},"classes":[]}],"_links":{"self":[{"href":"https:\/\/blogg.fumei.se\/index.php?rest_route=\/wp\/v2\/posts\/102","targetHints":{"allow":["GET"]}}],"collection":[{"href":"https:\/\/blogg.fumei.se\/index.php?rest_route=\/wp\/v2\/posts"}],"about":[{"href":"https:\/\/blogg.fumei.se\/index.php?rest_route=\/wp\/v2\/types\/post"}],"author":[{"embeddable":true,"href":"https:\/\/blogg.fumei.se\/index.php?rest_route=\/wp\/v2\/users\/1"}],"replies":[{"embeddable":true,"href":"https:\/\/blogg.fumei.se\/index.php?rest_route=%2Fwp%2Fv2%2Fcomments&post=102"}],"version-history":[{"count":0,"href":"https:\/\/blogg.fumei.se\/index.php?rest_route=\/wp\/v2\/posts\/102\/revisions"}],"wp:attachment":[{"href":"https:\/\/blogg.fumei.se\/index.php?rest_route=%2Fwp%2Fv2%2Fmedia&parent=102"}],"wp:term":[{"taxonomy":"category","embeddable":true,"href":"https:\/\/blogg.fumei.se\/index.php?rest_route=%2Fwp%2Fv2%2Fcategories&post=102"},{"taxonomy":"post_tag","embeddable":true,"href":"https:\/\/blogg.fumei.se\/index.php?rest_route=%2Fwp%2Fv2%2Ftags&post=102"}],"curies":[{"name":"wp","href":"https:\/\/api.w.org\/{rel}","templated":true}]}}