{"id":103,"date":"2011-02-01T13:01:00","date_gmt":"2011-02-01T13:01:00","guid":{"rendered":"\/Blogg\/post\/30-dagarslista3b-Dag-22.aspx"},"modified":"2011-02-01T13:01:00","modified_gmt":"2011-02-01T13:01:00","slug":"30-dagarslista-dag-22","status":"publish","type":"post","link":"https:\/\/blogg.fumei.se\/?p=103","title":{"rendered":"30-dagarslista; Dag 22"},"content":{"rendered":"<p>Dag 22: En bild p&aring; n&aring;got du &ouml;nskar du vore b&auml;ttre p&aring;.<\/p>\n<p>&nbsp;<img decoding=\"async\" src=\"\/blogg\/image.axd?picture=2011%2f2%2fitalienska.png\" alt=\"\" \/><\/p>\n<p>L&auml;tt som en pl&auml;tt! Har alltid velat kunna prata italienska b&auml;ttre &auml;n vad jag g&ouml;r. Inte f&ouml;r att jag beh&ouml;ver b&ouml;rja fr&aring;n grunden, men lite praktik vore trevligt. <br \/>Och nej, jag pratar inte med mor och far. Av samma anledning som m&aring;nga andra inte pratar ett spr&aring;k man vill &ouml;va\/kunna b&auml;ttre &#8211; att tala ett fr&auml;mmande spr&aring;k med n&aring;gon som talar flytande svenska g&ouml;r att man inte anstr&auml;nger sig och i f&ouml;rl&auml;ngningen inte l&auml;r sig ordentligt.<\/p>\n<p>&nbsp;<\/p>\n","protected":false},"excerpt":{"rendered":"<p>Dag 22: En bild p&aring; n&aring;got du &ouml;nskar du vore b&auml;ttre p&aring;. &nbsp; L&auml;tt som en pl&auml;tt! Har alltid velat kunna prata italienska b&auml;ttre &auml;n vad jag g&ouml;r. Inte f&ouml;r att jag beh&ouml;ver b&ouml;rja fr&aring;n grunden, men lite praktik vore trevligt. Och nej, jag pratar inte med mor och far. Av samma anledning som m&aring;nga&#8230;<\/p>\n","protected":false},"author":1,"featured_media":0,"comment_status":"open","ping_status":"open","sticky":false,"template":"","format":"standard","meta":{"jetpack_post_was_ever_published":false,"_jetpack_newsletter_access":"","_jetpack_dont_email_post_to_subs":false,"_jetpack_newsletter_tier_id":0,"_jetpack_memberships_contains_paywalled_content":false,"_jetpack_memberships_contains_paid_content":false,"footnotes":"","jetpack_publicize_message":"","jetpack_publicize_feature_enabled":true,"jetpack_social_post_already_shared":false,"jetpack_social_options":{"image_generator_settings":{"template":"highway","default_image_id":0,"font":"","enabled":false},"version":2}},"categories":[47],"tags":[],"class_list":["post-103","post","type-post","status-publish","format-standard","hentry","category-vardagsliv"],"jetpack_publicize_connections":[],"jetpack_featured_media_url":"","jetpack_shortlink":"https:\/\/wp.me\/p3qko4-1F","jetpack_sharing_enabled":true,"jetpack_likes_enabled":true,"jetpack-related-posts":[{"id":143,"url":"https:\/\/blogg.fumei.se\/?p=143","url_meta":{"origin":103,"position":0},"title":"30-dagarslista","author":"M :)","date":"2011-01-01","format":false,"excerpt":"Dag 1: En bild p\u00e5 dig sj\u00e4lv och femton fakta om dig sj\u00e4lv.Dag 2; En bild p\u00e5 dig sj\u00e4lv och den person du varit v\u00e4n med l\u00e4ngst.Dag 3; En bild p\u00e5 dig och n\u00e5gon som f\u00e5r dig att skratta mycket.Dag 4; En bild p\u00e5 n\u00e5got du skulle vilja g\u00f6ra igen.Dag\u2026","rel":"","context":"I \u201dVardagsliv\u201d","block_context":{"text":"Vardagsliv","link":"https:\/\/blogg.fumei.se\/?cat=47"},"img":{"alt_text":"","src":"","width":0,"height":0},"classes":[]},{"id":810,"url":"https:\/\/blogg.fumei.se\/?p=810","url_meta":{"origin":103,"position":1},"title":"Bokrecension &#8211; Svindlande H\u00f6jder","author":"M :)","date":"2009-01-15","format":false,"excerpt":"Ja, Kerstin, nu har jag \u00e4ntligen l\u00e4st den, och nu ska jag f\u00f6rs\u00f6ka mig p\u00e5 att sammanfatta och tycka.Vet inte riktigt vad jag ska s\u00e4ga om den h\u00e4r boken egentligen. Jag b\u00f6rjade l\u00e4sa den p\u00e5 engelska, eftersom jag tycker om att l\u00e4sa engelska b\u00f6cker p\u00e5 originalspr\u00e5ket. Om jag kunde fler\u2026","rel":"","context":"I \u201dB\u00f6cker och l\u00e4sning\u201d","block_context":{"text":"B\u00f6cker och l\u00e4sning","link":"https:\/\/blogg.fumei.se\/?cat=29"},"img":{"alt_text":"","src":"","width":0,"height":0},"classes":[]},{"id":3015,"url":"https:\/\/blogg.fumei.se\/?p=3015","url_meta":{"origin":103,"position":2},"title":"Tiden g\u00e5r fort \u00e4ven om man inte har s\u00e5 roligt&#8230;","author":"M :)","date":"2013-07-12","format":false,"excerpt":"Idag \u00e4r ingen bra dag. Idag \u00e4r det n\u00e4mligen exakt en m\u00e5nad sen J talade om f\u00f6re mig att han inte ville forts\u00e4tta ha ett liv tillsammans med mig. Idag grinar jag. Inte hela tiden, men r\u00e4tt mycket, \u00e4nd\u00e5. M\u00e5nga \u00e4r de, som sagt att det blir l\u00e4ttare och b\u00e4ttre,\u2026","rel":"","context":"I \u201dVardagsliv\u201d","block_context":{"text":"Vardagsliv","link":"https:\/\/blogg.fumei.se\/?cat=47"},"img":{"alt_text":"","src":"","width":0,"height":0},"classes":[]},{"id":1211,"url":"https:\/\/blogg.fumei.se\/?p=1211","url_meta":{"origin":103,"position":3},"title":"Dagens ilandsproblem","author":"M :)","date":"2009-12-18","format":false,"excerpt":"Eller egentligen inte bara dagens. N\u00e5got jag retat mig p\u00e5 och undrat \u00f6ver varje g\u00e5ng det intr\u00e4far. Folk som har h\u00f6rlurar, men som spelar s\u00e5 h\u00f6gt att alla andra runtomkring kan h\u00f6ra exakt vilken l\u00e5t som spelas, tom orden som sjungs. Varf\u00f6r vill man ha s\u00e5 h\u00f6g musik rakt in\u2026","rel":"","context":"I \u201dVardagsliv\u201d","block_context":{"text":"Vardagsliv","link":"https:\/\/blogg.fumei.se\/?cat=47"},"img":{"alt_text":"","src":"","width":0,"height":0},"classes":[]},{"id":233,"url":"https:\/\/blogg.fumei.se\/?p=233","url_meta":{"origin":103,"position":4},"title":"Vad sa du, sa du?","author":"M :)","date":"2010-05-11","format":false,"excerpt":"\u00d6vertrakasserat konto, korrigerad pl\u00e5t och en l\u00e4ppsyl. Pedistal, interjuv, falmsk\u00e4rm, hallelulja, brambil och h\u00e4stift. \u00c4rligt talat, det \u00e4r inte konstigt att barn och ungdomar idag inte kan prata och skriva ordentlit n\u00e4r vi vuxna inte kan det. Eller f\u00f6rresten, \"vi\" - jag \u00e4r ju lite spr\u00e5kpolis, s\u00e5 jag s\u00e4ger faktiskt\u2026","rel":"","context":"I \u201dVardagsliv\u201d","block_context":{"text":"Vardagsliv","link":"https:\/\/blogg.fumei.se\/?cat=47"},"img":{"alt_text":"","src":"","width":0,"height":0},"classes":[]},{"id":237,"url":"https:\/\/blogg.fumei.se\/?p=237","url_meta":{"origin":103,"position":5},"title":"En liten filmrecension: &#8221;30 Days of night&#8221;","author":"M :)","date":"2010-05-09","format":false,"excerpt":"Egentligen gillar jag ju inte skr\u00e4ckfilmer. Men den senaste tiden har det blivit en del s\u00e5dana n\u00e4r mina barn f\u00e5tt v\u00e4lja film h\u00e4r hemma, och s\u00e5 var det ju det d\u00e4r med vampyrer. Jag kan inte l\u00e5ta bli att se en film om vampyrer. S\u00e4rskilt inte som den har f\u00e5tt\u2026","rel":"","context":"I \u201dVardagsliv\u201d","block_context":{"text":"Vardagsliv","link":"https:\/\/blogg.fumei.se\/?cat=47"},"img":{"alt_text":"","src":"","width":0,"height":0},"classes":[]}],"_links":{"self":[{"href":"https:\/\/blogg.fumei.se\/index.php?rest_route=\/wp\/v2\/posts\/103","targetHints":{"allow":["GET"]}}],"collection":[{"href":"https:\/\/blogg.fumei.se\/index.php?rest_route=\/wp\/v2\/posts"}],"about":[{"href":"https:\/\/blogg.fumei.se\/index.php?rest_route=\/wp\/v2\/types\/post"}],"author":[{"embeddable":true,"href":"https:\/\/blogg.fumei.se\/index.php?rest_route=\/wp\/v2\/users\/1"}],"replies":[{"embeddable":true,"href":"https:\/\/blogg.fumei.se\/index.php?rest_route=%2Fwp%2Fv2%2Fcomments&post=103"}],"version-history":[{"count":0,"href":"https:\/\/blogg.fumei.se\/index.php?rest_route=\/wp\/v2\/posts\/103\/revisions"}],"wp:attachment":[{"href":"https:\/\/blogg.fumei.se\/index.php?rest_route=%2Fwp%2Fv2%2Fmedia&parent=103"}],"wp:term":[{"taxonomy":"category","embeddable":true,"href":"https:\/\/blogg.fumei.se\/index.php?rest_route=%2Fwp%2Fv2%2Fcategories&post=103"},{"taxonomy":"post_tag","embeddable":true,"href":"https:\/\/blogg.fumei.se\/index.php?rest_route=%2Fwp%2Fv2%2Ftags&post=103"}],"curies":[{"name":"wp","href":"https:\/\/api.w.org\/{rel}","templated":true}]}}