{"id":104,"date":"2011-02-01T13:00:00","date_gmt":"2011-02-01T13:00:00","guid":{"rendered":"\/Blogg\/post\/30-dagarslista3b-Dag-21.aspx"},"modified":"2011-02-01T13:00:00","modified_gmt":"2011-02-01T13:00:00","slug":"30-dagarslista-dag-21","status":"publish","type":"post","link":"https:\/\/blogg.fumei.se\/?p=104","title":{"rendered":"30-dagarslista; Dag 21"},"content":{"rendered":"<p>Dag 21: En bild p&aring; n&aring;got du helst vill gl&ouml;mma.<\/p>\n<p>&nbsp;<img decoding=\"async\" src=\"\/blogg\/image.axd?picture=2011%2f2%2ffinger_mobbing_by_cathy86-d304yhi.png\" alt=\"\" \/><\/p>\n<p>Det finns m&aring;nga saker man g&auml;rna vill f&ouml;rpassa till gl&ouml;mskans skogar, men n&aring;got jag g&auml;rna vill gl&ouml;mma, men aldrig kan gl&ouml;mma, det &auml;r att jag var mobbad i skolan n&auml;r jag var liten.<br \/>Pga detta, eller kanske tack vare, s&aring; anser jag idag att alla m&auml;nniskor &auml;r lika mycket v&auml;rda, har samma r&auml;ttigheter (och skyldigheter) som andra och att ingen &#8211; <em><strong>ingen<\/strong><\/em> &#8211; ska n&aring;gonsin beh&ouml;va uts&auml;ttas f&ouml;r att bli utst&ouml;tt eller mobbad.<br \/>Sj&auml;lvklart &auml;r jag ocks&aring; en retsticka ibland, men jag f&ouml;rs&ouml;ker alltid f&aring; alla att &#8221;vara med&#8221;.<\/p>\n<p>Bilden &auml;r l&aring;nad fr&aring;n<a href=\"http:\/\/cathy86.deviantart.com\/\" target=\"_blank\"><strong> [Cathy86]<\/strong><\/a>&nbsp;p&aring; Deviantart.com<\/p>\n<p>&nbsp;<\/p>\n","protected":false},"excerpt":{"rendered":"<p>Dag 21: En bild p&aring; n&aring;got du helst vill gl&ouml;mma. &nbsp; Det finns m&aring;nga saker man g&auml;rna vill f&ouml;rpassa till gl&ouml;mskans skogar, men n&aring;got jag g&auml;rna vill gl&ouml;mma, men aldrig kan gl&ouml;mma, det &auml;r att jag var mobbad i skolan n&auml;r jag var liten.Pga detta, eller kanske tack vare, s&aring; anser jag idag att alla&#8230;<\/p>\n","protected":false},"author":1,"featured_media":0,"comment_status":"open","ping_status":"open","sticky":false,"template":"","format":"standard","meta":{"jetpack_post_was_ever_published":false,"_jetpack_newsletter_access":"","_jetpack_dont_email_post_to_subs":false,"_jetpack_newsletter_tier_id":0,"_jetpack_memberships_contains_paywalled_content":false,"_jetpack_memberships_contains_paid_content":false,"footnotes":"","jetpack_publicize_message":"","jetpack_publicize_feature_enabled":true,"jetpack_social_post_already_shared":false,"jetpack_social_options":{"image_generator_settings":{"template":"highway","default_image_id":0,"font":"","enabled":false},"version":2}},"categories":[47],"tags":[],"class_list":["post-104","post","type-post","status-publish","format-standard","hentry","category-vardagsliv"],"jetpack_publicize_connections":[],"jetpack_featured_media_url":"","jetpack_shortlink":"https:\/\/wp.me\/p3qko4-1G","jetpack_sharing_enabled":true,"jetpack_likes_enabled":true,"jetpack-related-posts":[{"id":1608,"url":"https:\/\/blogg.fumei.se\/?p=1608","url_meta":{"origin":104,"position":0},"title":"L\u00e4sarenk\u00e4t","author":"M :)","date":"2011-10-15","format":false,"excerpt":"Hur \u00e4r du som l\u00e4sare? Det undrar Enligt O, och jag \u00e4r inte sen att haka p\u00e5. snabb \u00a0l\u00e5ngsam l\u00e4ser alla ord \u00a0skummar en del - om boken best\u00e5r av l\u00e5nga, tradiga uppreprningar och stycken som inte ger n\u00e5got till ber\u00e4ttelsen gillar l\u00e5nga beskrivningar hoppar \u00f6ver det som inte f\u00f6r\u2026","rel":"","context":"I \u201dVardagsliv\u201d","block_context":{"text":"Vardagsliv","link":"https:\/\/blogg.fumei.se\/?cat=47"},"img":{"alt_text":"","src":"","width":0,"height":0},"classes":[]},{"id":143,"url":"https:\/\/blogg.fumei.se\/?p=143","url_meta":{"origin":104,"position":1},"title":"30-dagarslista","author":"M :)","date":"2011-01-01","format":false,"excerpt":"Dag 1: En bild p\u00e5 dig sj\u00e4lv och femton fakta om dig sj\u00e4lv.Dag 2; En bild p\u00e5 dig sj\u00e4lv och den person du varit v\u00e4n med l\u00e4ngst.Dag 3; En bild p\u00e5 dig och n\u00e5gon som f\u00e5r dig att skratta mycket.Dag 4; En bild p\u00e5 n\u00e5got du skulle vilja g\u00f6ra igen.Dag\u2026","rel":"","context":"I \u201dVardagsliv\u201d","block_context":{"text":"Vardagsliv","link":"https:\/\/blogg.fumei.se\/?cat=47"},"img":{"alt_text":"","src":"","width":0,"height":0},"classes":[]},{"id":1177,"url":"https:\/\/blogg.fumei.se\/?p=1177","url_meta":{"origin":104,"position":2},"title":"Morgonkaffe","author":"M :)","date":"2009-10-04","format":false,"excerpt":"sitter fint n\u00e4r man inte vill eller kan sova. Jag ville g\u00e4rna sova n\u00e5n timme till i morse, men hj\u00e4rnan ville visst inte det, f\u00f6r jag hade mardr\u00f6mmar. N\u00e5got om att jag skulle ut p\u00e5 en grusv\u00e4g utanf\u00f6r huset - som helt pl\u00f6tsligt var en g\u00e5rd - f\u00f6r att plocka\u2026","rel":"","context":"I \u201dVardagsliv\u201d","block_context":{"text":"Vardagsliv","link":"https:\/\/blogg.fumei.se\/?cat=47"},"img":{"alt_text":"","src":"","width":0,"height":0},"classes":[]},{"id":1485,"url":"https:\/\/blogg.fumei.se\/?p=1485","url_meta":{"origin":104,"position":3},"title":"Borecension: Sarahs nyckel","author":"M :)","date":"2011-09-28","format":false,"excerpt":"Sarahs nyckel av Tatiana De Rosnay. Bazar F\u00f6rlag, 2009. Baksidestext: Juli 1942: Sarah, en 10-\u00e5rig judisk fl icka, g\u00f6mmer sin yngre bror i garderoben strax innan familjen brutalt arresteras av den franska polisen i den beryktade hopsamlingen av judiska familjer VeldHiv. Hon l\u00e5ser garderobsd\u00f6rren och stoppar nyckeln i fi ckan,\u2026","rel":"","context":"I \u201dB\u00f6cker och l\u00e4sning\u201d","block_context":{"text":"B\u00f6cker och l\u00e4sning","link":"https:\/\/blogg.fumei.se\/?cat=29"},"img":{"alt_text":"","src":"https:\/\/i0.wp.com\/blogg.fumei.se\/wp-content\/uploads\/2011\/09\/9789170281877_large_sarahs-nyckel.jpg?resize=350%2C200","width":350,"height":200},"classes":[]},{"id":722,"url":"https:\/\/blogg.fumei.se\/?p=722","url_meta":{"origin":104,"position":4},"title":"Lilla julafton","author":"M :)","date":"2008-12-21","format":false,"excerpt":"Eftersom Fia och Robin \u00e5ker till sin k\u00e4re far imorgon, och blir borta \u00f6ver hela julen (och lite till...), s\u00e5 fick de varsin julklapp i f\u00f6rskott av mig idag n\u00e4r vi hade adventsfika. Robin fick tredje delen i serien om Eragon; \"Brisingr\", och Fia fick \"N\u00e4r jag h\u00f6r din r\u00f6st\"\u2026","rel":"","context":"I \u201dVardagsliv\u201d","block_context":{"text":"Vardagsliv","link":"https:\/\/blogg.fumei.se\/?cat=47"},"img":{"alt_text":"","src":"","width":0,"height":0},"classes":[]},{"id":99,"url":"https:\/\/blogg.fumei.se\/?p=99","url_meta":{"origin":104,"position":5},"title":"30-dagarslista; Dag 26","author":"M :)","date":"2011-02-01","format":false,"excerpt":"Dag 26: En bild p\u00e5 n\u00e5got som betyder mycket f\u00f6r dig. N\u00e5got - as in materiellt sett - som betyder mycket f\u00f6r mig...datorn, mobilen...men ocks\u00e5 alla mina saker h\u00e4r hemma...fotografier \u00e4r ju n\u00e5got jag inte g\u00e4rna vill bli av med: \u00a0 N\u00e5gra av de bilder jag s\u00e5 sm\u00e5ningom ska ha\u2026","rel":"","context":"I \u201dVardagsliv\u201d","block_context":{"text":"Vardagsliv","link":"https:\/\/blogg.fumei.se\/?cat=47"},"img":{"alt_text":"","src":"","width":0,"height":0},"classes":[]}],"_links":{"self":[{"href":"https:\/\/blogg.fumei.se\/index.php?rest_route=\/wp\/v2\/posts\/104","targetHints":{"allow":["GET"]}}],"collection":[{"href":"https:\/\/blogg.fumei.se\/index.php?rest_route=\/wp\/v2\/posts"}],"about":[{"href":"https:\/\/blogg.fumei.se\/index.php?rest_route=\/wp\/v2\/types\/post"}],"author":[{"embeddable":true,"href":"https:\/\/blogg.fumei.se\/index.php?rest_route=\/wp\/v2\/users\/1"}],"replies":[{"embeddable":true,"href":"https:\/\/blogg.fumei.se\/index.php?rest_route=%2Fwp%2Fv2%2Fcomments&post=104"}],"version-history":[{"count":0,"href":"https:\/\/blogg.fumei.se\/index.php?rest_route=\/wp\/v2\/posts\/104\/revisions"}],"wp:attachment":[{"href":"https:\/\/blogg.fumei.se\/index.php?rest_route=%2Fwp%2Fv2%2Fmedia&parent=104"}],"wp:term":[{"taxonomy":"category","embeddable":true,"href":"https:\/\/blogg.fumei.se\/index.php?rest_route=%2Fwp%2Fv2%2Fcategories&post=104"},{"taxonomy":"post_tag","embeddable":true,"href":"https:\/\/blogg.fumei.se\/index.php?rest_route=%2Fwp%2Fv2%2Ftags&post=104"}],"curies":[{"name":"wp","href":"https:\/\/api.w.org\/{rel}","templated":true}]}}