{"id":107,"date":"2011-01-30T21:42:00","date_gmt":"2011-01-30T21:42:00","guid":{"rendered":"\/Blogg\/post\/30-dagarslista3b-Dag-18.aspx"},"modified":"2011-01-30T21:42:00","modified_gmt":"2011-01-30T21:42:00","slug":"30-dagarslista-dag-18","status":"publish","type":"post","link":"https:\/\/blogg.fumei.se\/?p=107","title":{"rendered":"30-dagarslista; Dag 18"},"content":{"rendered":"<p>Dag 18: En bild p&aring; din st&ouml;rsta os&auml;kerhet.<\/p>\n<p>&nbsp;<img decoding=\"async\" src=\"\/blogg\/image.axd?picture=2011%2f2%2fv%c3%a5ga.png\" alt=\"\" \/><\/p>\n<p>Jag v&aring;gar inte alltid &#8221;ta steget&#8221;&#8230;f&ouml;rs&ouml;ka mig p&aring; nya saker&#8230;evig pessimist&#8230;<\/p>\n<p><span style=\"font-size: xx-small;\"><em>Bilden l&aring;nad ifr&aring;n <\/em><\/span><a href=\"http:\/\/lbsfotovarberg.blogspot.com\/\"><span style=\"font-size: xx-small;\"><em>http:\/\/lbsfotovarberg.blogspot.com\/<\/em><\/span><\/a><\/p>\n<p>&nbsp;<\/p>\n","protected":false},"excerpt":{"rendered":"<p>Dag 18: En bild p&aring; din st&ouml;rsta os&auml;kerhet. &nbsp; Jag v&aring;gar inte alltid &#8221;ta steget&#8221;&#8230;f&ouml;rs&ouml;ka mig p&aring; nya saker&#8230;evig pessimist&#8230; Bilden l&aring;nad ifr&aring;n http:\/\/lbsfotovarberg.blogspot.com\/ &nbsp;<\/p>\n","protected":false},"author":1,"featured_media":0,"comment_status":"open","ping_status":"open","sticky":false,"template":"","format":"standard","meta":{"jetpack_post_was_ever_published":false,"_jetpack_newsletter_access":"","_jetpack_dont_email_post_to_subs":false,"_jetpack_newsletter_tier_id":0,"_jetpack_memberships_contains_paywalled_content":false,"_jetpack_memberships_contains_paid_content":false,"footnotes":"","jetpack_publicize_message":"","jetpack_publicize_feature_enabled":true,"jetpack_social_post_already_shared":false,"jetpack_social_options":{"image_generator_settings":{"template":"highway","default_image_id":0,"font":"","enabled":false},"version":2}},"categories":[47],"tags":[],"class_list":["post-107","post","type-post","status-publish","format-standard","hentry","category-vardagsliv"],"jetpack_publicize_connections":[],"jetpack_featured_media_url":"","jetpack_shortlink":"https:\/\/wp.me\/p3qko4-1J","jetpack_sharing_enabled":true,"jetpack_likes_enabled":true,"jetpack-related-posts":[{"id":143,"url":"https:\/\/blogg.fumei.se\/?p=143","url_meta":{"origin":107,"position":0},"title":"30-dagarslista","author":"M :)","date":"2011-01-01","format":false,"excerpt":"Dag 1: En bild p\u00e5 dig sj\u00e4lv och femton fakta om dig sj\u00e4lv.Dag 2; En bild p\u00e5 dig sj\u00e4lv och den person du varit v\u00e4n med l\u00e4ngst.Dag 3; En bild p\u00e5 dig och n\u00e5gon som f\u00e5r dig att skratta mycket.Dag 4; En bild p\u00e5 n\u00e5got du skulle vilja g\u00f6ra igen.Dag\u2026","rel":"","context":"I \u201dVardagsliv\u201d","block_context":{"text":"Vardagsliv","link":"https:\/\/blogg.fumei.se\/?cat=47"},"img":{"alt_text":"","src":"","width":0,"height":0},"classes":[]},{"id":65,"url":"https:\/\/blogg.fumei.se\/?p=65","url_meta":{"origin":107,"position":1},"title":"30 dagar i b\u00f6cker &#8211; Dag 18","author":"M :)","date":"2011-02-23","format":false,"excerpt":"Day 18 \u2013 A book that disappointed you \"Vi, de drunknade\" av Carsten Jensen. Om jag s\u00e4ger s\u00e5 h\u00e4r: jag h\u00f6rde bara goda ord och positiv kritik om den h\u00e4r boken, och skulle f\u00e5 l\u00e5na den av en arbetskamrat. En dag kom hon med ett paket, det visade sig att\u2026","rel":"","context":"I \u201dVardagsliv\u201d","block_context":{"text":"Vardagsliv","link":"https:\/\/blogg.fumei.se\/?cat=47"},"img":{"alt_text":"","src":"https:\/\/i0.wp.com\/blogg.fumei.se\/wp-content\/uploads\/2011\/02\/drunknade.png?resize=350%2C200","width":350,"height":200},"classes":[]},{"id":3566,"url":"https:\/\/blogg.fumei.se\/?p=3566","url_meta":{"origin":107,"position":2},"title":"Jag \u00f6nskar dig","author":"M :)","date":"2015-04-25","format":false,"excerpt":"...\u00a0inte guld, mitt barn ej heller pengar och makt. Jag \u00f6nskar dig modet att vara dig sj\u00e4lv och st\u00e5 f\u00f6r det du har sagt. Jag \u00f6nskar dig inte en stenfri v\u00e4g, men kraften att v\u00e4gen g\u00e5. Jag \u00f6nskar dig v\u00e4nner i rikligt m\u00e5tt och v\u00e4nner att lita p\u00e5. (Inger Th\u00f6rnqvist)\u2026","rel":"","context":"I \u201dFamiljen\u201d","block_context":{"text":"Familjen","link":"https:\/\/blogg.fumei.se\/?cat=34"},"img":{"alt_text":"Robin19","src":"https:\/\/i0.wp.com\/blogg.fumei.se\/wp-content\/uploads\/2015\/04\/Robin19.jpg?resize=350%2C200","width":350,"height":200,"srcset":"https:\/\/i0.wp.com\/blogg.fumei.se\/wp-content\/uploads\/2015\/04\/Robin19.jpg?resize=350%2C200 1x, https:\/\/i0.wp.com\/blogg.fumei.se\/wp-content\/uploads\/2015\/04\/Robin19.jpg?resize=525%2C300 1.5x"},"classes":[]},{"id":18,"url":"https:\/\/blogg.fumei.se\/?p=18","url_meta":{"origin":107,"position":3},"title":"Det \u00e4r Fridas dag idag","author":"M :)","date":"2011-08-23","format":false,"excerpt":"GRATTIS P\u00c5 F\u00d6DELSEDAGEN! \u00f6nskar moster, Fia, Robin och Jorge\u00a0","rel":"","context":"I \u201dVardagsliv\u201d","block_context":{"text":"Vardagsliv","link":"https:\/\/blogg.fumei.se\/?cat=47"},"img":{"alt_text":"","src":"https:\/\/i0.wp.com\/blogg.fumei.se\/wp-content\/uploads\/2011\/08\/Frida91.png?resize=350%2C200","width":350,"height":200,"srcset":"https:\/\/i0.wp.com\/blogg.fumei.se\/wp-content\/uploads\/2011\/08\/Frida91.png?resize=350%2C200 1x, https:\/\/i0.wp.com\/blogg.fumei.se\/wp-content\/uploads\/2011\/08\/Frida91.png?resize=525%2C300 1.5x"},"classes":[]},{"id":204,"url":"https:\/\/blogg.fumei.se\/?p=204","url_meta":{"origin":107,"position":4},"title":"ETA","author":"M :)","date":"2010-07-07","format":false,"excerpt":"Onsdag 18 Augusti, 2010 klockan 14.15. Nu ska jag bara se till att jag f\u00e5r eftermiddagen ledig den dagen. Kan bli k\u00f6rigt med tanke p\u00e5 att vi fortfarande k\u00f6r p\u00e5 sommarschema, men jag har ju v\u00e4rldens b\u00e4sta arbetskamrater, s\u00e5 det ska nog l\u00f6sa sig p\u00e5 ett eller annat s\u00e4tt. 42\u2026","rel":"","context":"I \u201dVardagsliv\u201d","block_context":{"text":"Vardagsliv","link":"https:\/\/blogg.fumei.se\/?cat=47"},"img":{"alt_text":"","src":"","width":0,"height":0},"classes":[]},{"id":41,"url":"https:\/\/blogg.fumei.se\/?p=41","url_meta":{"origin":107,"position":5},"title":"Proudly presents&#8230;","author":"M :)","date":"2011-05-21","format":false,"excerpt":"dagens f\u00f6delsedagsbarn: Det \u00e4r lite sv\u00e5rt att fatta, men f\u00f6r 18 \u00e5r sedan l\u00e5g jag p\u00e5 BB N\u00c4L med den allra underbaraste lilla bebisflicka i famnen! Genom \u00e5ren har det inte alltid varit lika underbart, men hon kommer alltid att vara min \u00e4lskade, s\u00f6taste dotter! GRATTIS P\u00c5 F\u00d6DELSEDAGEN SOPHIA!","rel":"","context":"I \u201dFamiljen\u201d","block_context":{"text":"Familjen","link":"https:\/\/blogg.fumei.se\/?cat=34"},"img":{"alt_text":"","src":"https:\/\/i0.wp.com\/blogg.fumei.se\/wp-content\/uploads\/2011\/05\/fia18scrap-emeff2011-1024x1024.png?resize=350%2C200","width":350,"height":200,"srcset":"https:\/\/i0.wp.com\/blogg.fumei.se\/wp-content\/uploads\/2011\/05\/fia18scrap-emeff2011-1024x1024.png?resize=350%2C200 1x, https:\/\/i0.wp.com\/blogg.fumei.se\/wp-content\/uploads\/2011\/05\/fia18scrap-emeff2011-1024x1024.png?resize=525%2C300 1.5x"},"classes":[]}],"_links":{"self":[{"href":"https:\/\/blogg.fumei.se\/index.php?rest_route=\/wp\/v2\/posts\/107","targetHints":{"allow":["GET"]}}],"collection":[{"href":"https:\/\/blogg.fumei.se\/index.php?rest_route=\/wp\/v2\/posts"}],"about":[{"href":"https:\/\/blogg.fumei.se\/index.php?rest_route=\/wp\/v2\/types\/post"}],"author":[{"embeddable":true,"href":"https:\/\/blogg.fumei.se\/index.php?rest_route=\/wp\/v2\/users\/1"}],"replies":[{"embeddable":true,"href":"https:\/\/blogg.fumei.se\/index.php?rest_route=%2Fwp%2Fv2%2Fcomments&post=107"}],"version-history":[{"count":0,"href":"https:\/\/blogg.fumei.se\/index.php?rest_route=\/wp\/v2\/posts\/107\/revisions"}],"wp:attachment":[{"href":"https:\/\/blogg.fumei.se\/index.php?rest_route=%2Fwp%2Fv2%2Fmedia&parent=107"}],"wp:term":[{"taxonomy":"category","embeddable":true,"href":"https:\/\/blogg.fumei.se\/index.php?rest_route=%2Fwp%2Fv2%2Fcategories&post=107"},{"taxonomy":"post_tag","embeddable":true,"href":"https:\/\/blogg.fumei.se\/index.php?rest_route=%2Fwp%2Fv2%2Ftags&post=107"}],"curies":[{"name":"wp","href":"https:\/\/api.w.org\/{rel}","templated":true}]}}