{"id":109,"date":"2011-01-30T21:40:00","date_gmt":"2011-01-30T21:40:00","guid":{"rendered":"\/Blogg\/post\/30-dagarslista3b-Dag-16.aspx"},"modified":"2011-01-30T21:40:00","modified_gmt":"2011-01-30T21:40:00","slug":"30-dagarslista-dag-16","status":"publish","type":"post","link":"https:\/\/blogg.fumei.se\/?p=109","title":{"rendered":"30-dagarslista; Dag 16"},"content":{"rendered":"<p>Dag 16: En bild p&aring; n&aring;gon som inspirerar dig.<\/p>\n<p>&nbsp;<img decoding=\"async\" src=\"\/blogg\/image.axd?picture=2011%2f1%2frachael-ray.png\" alt=\"\" \/><\/p>\n<p>Rachael Ray lagar mat i TV, och hon verkar ha himla kul medan hon g&ouml;r det, och dessutom ser det smarrigt v&auml;rre ut! Jag vill ocks&aring; vara s&aring; duktig p&aring; att laga mat!<\/p>\n<p>&nbsp;<\/p>\n<p>&nbsp;<\/p>\n","protected":false},"excerpt":{"rendered":"<p>Dag 16: En bild p&aring; n&aring;gon som inspirerar dig. &nbsp; Rachael Ray lagar mat i TV, och hon verkar ha himla kul medan hon g&ouml;r det, och dessutom ser det smarrigt v&auml;rre ut! Jag vill ocks&aring; vara s&aring; duktig p&aring; att laga mat! &nbsp; &nbsp;<\/p>\n","protected":false},"author":1,"featured_media":0,"comment_status":"open","ping_status":"open","sticky":false,"template":"","format":"standard","meta":{"jetpack_post_was_ever_published":false,"_jetpack_newsletter_access":"","_jetpack_dont_email_post_to_subs":false,"_jetpack_newsletter_tier_id":0,"_jetpack_memberships_contains_paywalled_content":false,"_jetpack_memberships_contains_paid_content":false,"footnotes":"","jetpack_publicize_message":"","jetpack_publicize_feature_enabled":true,"jetpack_social_post_already_shared":false,"jetpack_social_options":{"image_generator_settings":{"template":"highway","default_image_id":0,"font":"","enabled":false},"version":2}},"categories":[47],"tags":[],"class_list":["post-109","post","type-post","status-publish","format-standard","hentry","category-vardagsliv"],"jetpack_publicize_connections":[],"jetpack_featured_media_url":"","jetpack_shortlink":"https:\/\/wp.me\/p3qko4-1L","jetpack_sharing_enabled":true,"jetpack_likes_enabled":true,"jetpack-related-posts":[{"id":1795,"url":"https:\/\/blogg.fumei.se\/?p=1795","url_meta":{"origin":109,"position":0},"title":"1:a Advent 2011","author":"M :)","date":"2011-11-27","format":false,"excerpt":"Herregud vilken trist rubrik, men jag har verkligen ingen fantasi f\u00f6r det just nu! \u00c4r hur tr\u00f6tt som helst, och har fortfarande inte str\u00e4ckt ut kroppen ordentligt efter att vi satt i bilen i flera timmar ig\u00e5r. Det var ju dags f\u00f6r operation l\u00e4mna-bilen-i-V\u00e4xj\u00f6, s\u00e5 J och jag k\u00f6rde ner\u2026","rel":"","context":"I \u201dVardagsliv\u201d","block_context":{"text":"Vardagsliv","link":"https:\/\/blogg.fumei.se\/?cat=47"},"img":{"alt_text":"","src":"https:\/\/i0.wp.com\/blogg.fumei.se\/wp-content\/uploads\/2011\/11\/2011-11-26-15.54.29-300x225.jpg?resize=350%2C200","width":350,"height":200},"classes":[]},{"id":1141,"url":"https:\/\/blogg.fumei.se\/?p=1141","url_meta":{"origin":109,"position":1},"title":"Tjejsnack vecka 43","author":"M :)","date":"2009-10-31","format":false,"excerpt":"Vill du ocks\u00e5 vara med? Du hittar Tjejsnack h\u00e4r. Dagar 1. Vad g\u00f6r du helst en fredagkv\u00e4ll?Det beror ju lite p\u00e5 vad som h\u00e4nder och sker i v\u00e4rlden utanf\u00f6r hemmet. N\u00e5n enstaka g\u00e5ng hamnar man p\u00e5 en After Work (som aldrig brukar sluta i tid...) eller hemma hos n\u00e5gon kompis\u2026","rel":"","context":"I \u201dVardagsliv\u201d","block_context":{"text":"Vardagsliv","link":"https:\/\/blogg.fumei.se\/?cat=47"},"img":{"alt_text":"","src":"","width":0,"height":0},"classes":[]},{"id":1022,"url":"https:\/\/blogg.fumei.se\/?p=1022","url_meta":{"origin":109,"position":2},"title":"S\u00f6ndagslista","author":"M :)","date":"2009-07-19","format":false,"excerpt":"1. St\u00e4nger du av mobilen n\u00e4r du sover?Nej.\u00a0Dels anv\u00e4nder jag den som v\u00e4ckarklocka, dels\u00a0vill jag\u00a0kunna bli n\u00e5dd om det h\u00e4nder n\u00e5got.2. Vem s\u00e5g dig senast naken?\u00c5h herregud det \u00e4r s\u00e5 l\u00e4ngesen att jag inte minns!3. Hur s\u00e5g du ut p\u00e5 h\u00f6gstadiet?Kort, alldaglig, vanlig...4. Hur kommer du se ut om tjugo\u2026","rel":"","context":"I \u201dVardagsliv\u201d","block_context":{"text":"Vardagsliv","link":"https:\/\/blogg.fumei.se\/?cat=47"},"img":{"alt_text":"","src":"","width":0,"height":0},"classes":[]},{"id":53,"url":"https:\/\/blogg.fumei.se\/?p=53","url_meta":{"origin":109,"position":3},"title":"Pizza tajm","author":"M :)","date":"2011-03-27","format":false,"excerpt":"Nu har jag anm\u00e4lt mig till \u00e4nnu ett test p\u00e5 [Smartson] , n\u00e4mligen att testa [Grandiosa Minipizza X-tra Allt]. Det finns tv\u00e5 smaker - calzone (ost och skinka) eller kebab - och man fick v\u00e4lja antingen eller eller vilket som. Jag valde calzone, f\u00f6r jag har p\u00e5 k\u00e4nn att de\u2026","rel":"","context":"I \u201dVardagsliv\u201d","block_context":{"text":"Vardagsliv","link":"https:\/\/blogg.fumei.se\/?cat=47"},"img":{"alt_text":"","src":"","width":0,"height":0},"classes":[]},{"id":264,"url":"https:\/\/blogg.fumei.se\/?p=264","url_meta":{"origin":109,"position":4},"title":"H\u00e4nder i veckan","author":"M :)","date":"2010-03-23","format":false,"excerpt":"Jag t\u00e4nkte att det kunde vara en kategori. Alltid \u00e4r det n\u00e5got man ser fram emot eller m\u00e5ste ta tag i varje vecka. Nu \u00e4r det visserligen redan tisdag kv\u00e4ll, men \u00e4nd\u00e5. I m\u00e5ndags var ju Robin ch jag iv\u00e4g till barnhabiliteringen f\u00f6r hans \u00e5rliga \"besiktning\". Sjukgymnasten m\u00e4ter och vrider\u2026","rel":"","context":"I \u201dVardagsliv\u201d","block_context":{"text":"Vardagsliv","link":"https:\/\/blogg.fumei.se\/?cat=47"},"img":{"alt_text":"","src":"","width":0,"height":0},"classes":[]},{"id":2114,"url":"https:\/\/blogg.fumei.se\/?p=2114","url_meta":{"origin":109,"position":5},"title":"Sparsam planering","author":"M :)","date":"2012-02-26","format":false,"excerpt":"F\u00f6r att underl\u00e4tta saker och ting (l\u00e4s: matlagningen) h\u00e4r hemma skriver jag matsedlar f\u00f6r varje vecka. Vissa veckor funkar det j\u00e4ttebra, andra inte alls. I vilket fall som helst, s\u00e5 underl\u00e4ttar det en hel del att veta vad som ska lagas och serveras i god tid. Dessutom g\u00e5r det inte\u2026","rel":"","context":"I \u201dPyssel, DIY och knep&amp;kn\u00e5p\u201d","block_context":{"text":"Pyssel, DIY och knep&amp;kn\u00e5p","link":"https:\/\/blogg.fumei.se\/?cat=32"},"img":{"alt_text":"","src":"","width":0,"height":0},"classes":[]}],"_links":{"self":[{"href":"https:\/\/blogg.fumei.se\/index.php?rest_route=\/wp\/v2\/posts\/109","targetHints":{"allow":["GET"]}}],"collection":[{"href":"https:\/\/blogg.fumei.se\/index.php?rest_route=\/wp\/v2\/posts"}],"about":[{"href":"https:\/\/blogg.fumei.se\/index.php?rest_route=\/wp\/v2\/types\/post"}],"author":[{"embeddable":true,"href":"https:\/\/blogg.fumei.se\/index.php?rest_route=\/wp\/v2\/users\/1"}],"replies":[{"embeddable":true,"href":"https:\/\/blogg.fumei.se\/index.php?rest_route=%2Fwp%2Fv2%2Fcomments&post=109"}],"version-history":[{"count":0,"href":"https:\/\/blogg.fumei.se\/index.php?rest_route=\/wp\/v2\/posts\/109\/revisions"}],"wp:attachment":[{"href":"https:\/\/blogg.fumei.se\/index.php?rest_route=%2Fwp%2Fv2%2Fmedia&parent=109"}],"wp:term":[{"taxonomy":"category","embeddable":true,"href":"https:\/\/blogg.fumei.se\/index.php?rest_route=%2Fwp%2Fv2%2Fcategories&post=109"},{"taxonomy":"post_tag","embeddable":true,"href":"https:\/\/blogg.fumei.se\/index.php?rest_route=%2Fwp%2Fv2%2Ftags&post=109"}],"curies":[{"name":"wp","href":"https:\/\/api.w.org\/{rel}","templated":true}]}}