{"id":111,"date":"2011-01-21T13:25:00","date_gmt":"2011-01-21T13:25:00","guid":{"rendered":"\/Blogg\/post\/Tea-for-two.aspx"},"modified":"2011-01-21T13:25:00","modified_gmt":"2011-01-21T13:25:00","slug":"tea-for-two","status":"publish","type":"post","link":"https:\/\/blogg.fumei.se\/?p=111","title":{"rendered":"Tea for two"},"content":{"rendered":"<p>F&ouml;rsta helgen i Februari &auml;r det dags f&ouml;r bokm&auml;ssans bloggambassad&ouml;rer att tr&auml;ffas IRL f&ouml;rs f&ouml;rsta g&aring;ngen, och det betyder att Kerstin kommer till G&ouml;teborg! Givetvis har vi redan bokat in en dejt. Det kommer som vanligt att bli kort men intensivt, men det blir nog j&auml;ttebra &auml;nd&aring;!<br \/>Jag har tagit mig friheten att best&auml;mma vart vi ska fika n&aring;gonstans den h&auml;r g&aring;ngen:<\/p>\n<p style=\"text-align: center;\">&nbsp;<img decoding=\"async\" src=\"\/blogg\/image.axd?picture=2011%2f1%2fcastellettea3.jpg\" alt=\"\" \/><\/p>\n<p style=\"text-align: center;\"><img decoding=\"async\" src=\"\/blogg\/image.axd?picture=2011%2f1%2fcastellet.jpg\" alt=\"\" \/><\/p>\n<p style=\"text-align: left;\">&nbsp;<\/p>\n","protected":false},"excerpt":{"rendered":"<p>F&ouml;rsta helgen i Februari &auml;r det dags f&ouml;r bokm&auml;ssans bloggambassad&ouml;rer att tr&auml;ffas IRL f&ouml;rs f&ouml;rsta g&aring;ngen, och det betyder att Kerstin kommer till G&ouml;teborg! Givetvis har vi redan bokat in en dejt. Det kommer som vanligt att bli kort men intensivt, men det blir nog j&auml;ttebra &auml;nd&aring;!Jag har tagit mig friheten att best&auml;mma vart vi&#8230;<\/p>\n","protected":false},"author":1,"featured_media":0,"comment_status":"open","ping_status":"open","sticky":false,"template":"","format":"standard","meta":{"jetpack_post_was_ever_published":false,"_jetpack_newsletter_access":"","_jetpack_dont_email_post_to_subs":false,"_jetpack_newsletter_tier_id":0,"_jetpack_memberships_contains_paywalled_content":false,"_jetpack_memberships_contains_paid_content":false,"footnotes":"","jetpack_publicize_message":"","jetpack_publicize_feature_enabled":true,"jetpack_social_post_already_shared":false,"jetpack_social_options":{"image_generator_settings":{"template":"highway","default_image_id":0,"font":"","enabled":false},"version":2}},"categories":[47],"tags":[],"class_list":["post-111","post","type-post","status-publish","format-standard","hentry","category-vardagsliv"],"jetpack_publicize_connections":[],"jetpack_featured_media_url":"","jetpack_shortlink":"https:\/\/wp.me\/p3qko4-1N","jetpack_sharing_enabled":true,"jetpack_likes_enabled":true,"jetpack-related-posts":[{"id":1009,"url":"https:\/\/blogg.fumei.se\/?p=1009","url_meta":{"origin":111,"position":0},"title":"Filmrecension &#8211; Harry Potter och Halvblodsprinsen","author":"M :)","date":"2009-07-30","format":false,"excerpt":"Jag har l\u00e4st boken. Tv\u00e5 g\u00e5nger till och med. Och nu har jag \u00e4ntligen sett filmen. Vanligtvis brukar jag se den n\u00e5gon g\u00e5ng under premi\u00e4rveckan (tillsammans med barnen; en tradition vi har), men den h\u00e4r g\u00e5ngen drog det ut p\u00e5 tiden, eftersom en viss ung fr\u00f6ken \u00e4r ute och fl\u00e4nger\u2026","rel":"","context":"I \u201dFilmer och TV\u201d","block_context":{"text":"Filmer och TV","link":"https:\/\/blogg.fumei.se\/?cat=43"},"img":{"alt_text":"","src":"","width":0,"height":0},"classes":[]},{"id":3478,"url":"https:\/\/blogg.fumei.se\/?p=3478","url_meta":{"origin":111,"position":1},"title":"Testardags!","author":"M :)","date":"2015-01-21","format":false,"excerpt":"Varje m\u00e5nad f\u00e5r jag ett paket fr\u00e5n Testagram. I paketet hittar jag 5-6 produkter i full storlek som jag ska anv\u00e4nda och utv\u00e4rdera. Det \u00e4r lite sp\u00e4nnande att \u00f6ppna paketet f\u00f6r man vet inte vad som ligger d\u00e4r i fr\u00e5n g\u00e5ng till g\u00e5ng. Nu \u00e4r det inte gratis att vara\u2026","rel":"","context":"I \u201dVardagsliv\u201d","block_context":{"text":"Vardagsliv","link":"https:\/\/blogg.fumei.se\/?cat=47"},"img":{"alt_text":"20150121_152842","src":"https:\/\/i0.wp.com\/blogg.fumei.se\/wp-content\/uploads\/2015\/01\/20150121_152842-488x650.jpg?resize=350%2C200","width":350,"height":200},"classes":[]},{"id":924,"url":"https:\/\/blogg.fumei.se\/?p=924","url_meta":{"origin":111,"position":2},"title":"Ledig helg = l\u00e4sning","author":"M :)","date":"2009-05-30","format":false,"excerpt":"Jag \u00e4r ledig hela helgen (l\u00f6rdag och s\u00f6ndag - jippii!), s\u00e5 jag har massor av tid att l\u00e4sa b\u00f6cker. Eller borde ha, om jag inte vore s\u00e5 tr\u00f6tt p\u00e5 arbetsdagarna att jag l\u00e4mnar allt hush\u00e5llsarbetet till mina lediga dagar.Men, n\u00e4r det \u00e4r s\u00e5 fint v\u00e4der som det har varit idag,\u2026","rel":"","context":"I \u201dVardagsliv\u201d","block_context":{"text":"Vardagsliv","link":"https:\/\/blogg.fumei.se\/?cat=47"},"img":{"alt_text":"","src":"","width":0,"height":0},"classes":[]},{"id":475,"url":"https:\/\/blogg.fumei.se\/?p=475","url_meta":{"origin":111,"position":3},"title":"Jag fick en id\u00e9!","author":"M :)","date":"2008-08-19","format":false,"excerpt":"Jag pysslar mycket med Paint Shop Pro. Jag provade Photoshop en g\u00e5ng i tiden men tyckte det var kr\u00e5ngligt, sen hittade jag PSP. Ett litet problem f\u00f6r m\u00e5nga \u00e4r dock att n\u00e4stan allt som skrivs om PSP och hur man anv\u00e4nder det \u00e4r p\u00e5 engelska. Det finns \u00e4ven en uppsj\u00f6\u2026","rel":"","context":"I \u201dPSP\u201d","block_context":{"text":"PSP","link":"https:\/\/blogg.fumei.se\/?cat=62"},"img":{"alt_text":"","src":"","width":0,"height":0},"classes":[]},{"id":2174,"url":"https:\/\/blogg.fumei.se\/?p=2174","url_meta":{"origin":111,"position":4},"title":"Motionera mera?","author":"M :)","date":"2012-03-14","format":false,"excerpt":"Emma skrev om en app - C25K - hon laddat hem till sin mobil som skulle hj\u00e4lpa henne komma ig\u00e5ng med att springa. Jag tyckte det l\u00e4t som n\u00e5t som vrkade kunna funka \u00e4ven f\u00f6r mig, s\u00e5 jag kollade in appen och laddade hem den jag ocks\u00e5. Sen b\u00f6rjade jag\u2026","rel":"","context":"I \u201dVardagsliv\u201d","block_context":{"text":"Vardagsliv","link":"https:\/\/blogg.fumei.se\/?cat=47"},"img":{"alt_text":"","src":"","width":0,"height":0},"classes":[]},{"id":61,"url":"https:\/\/blogg.fumei.se\/?p=61","url_meta":{"origin":111,"position":5},"title":"30 dagar i b\u00f6cker &#8211; Dag 28 till 30","author":"M :)","date":"2011-03-08","format":false,"excerpt":"H\u00e4r kommer nu de sista tre dagarna i bokenk\u00e4ten: Day 28 \u2013 Favorite title Det finns m\u00e5nga roliga, underfundiga, minnesv\u00e4rda och bra titlar, men en av de jag tycker b\u00e4st om \u00e4r till en bok jag inte ens l\u00e4st; [P\u00e5 spaning efter den tid som flytt] av Marcel Proust. P\u00e5\u2026","rel":"","context":"I \u201dVardagsliv\u201d","block_context":{"text":"Vardagsliv","link":"https:\/\/blogg.fumei.se\/?cat=47"},"img":{"alt_text":"","src":"","width":0,"height":0},"classes":[]}],"_links":{"self":[{"href":"https:\/\/blogg.fumei.se\/index.php?rest_route=\/wp\/v2\/posts\/111","targetHints":{"allow":["GET"]}}],"collection":[{"href":"https:\/\/blogg.fumei.se\/index.php?rest_route=\/wp\/v2\/posts"}],"about":[{"href":"https:\/\/blogg.fumei.se\/index.php?rest_route=\/wp\/v2\/types\/post"}],"author":[{"embeddable":true,"href":"https:\/\/blogg.fumei.se\/index.php?rest_route=\/wp\/v2\/users\/1"}],"replies":[{"embeddable":true,"href":"https:\/\/blogg.fumei.se\/index.php?rest_route=%2Fwp%2Fv2%2Fcomments&post=111"}],"version-history":[{"count":0,"href":"https:\/\/blogg.fumei.se\/index.php?rest_route=\/wp\/v2\/posts\/111\/revisions"}],"wp:attachment":[{"href":"https:\/\/blogg.fumei.se\/index.php?rest_route=%2Fwp%2Fv2%2Fmedia&parent=111"}],"wp:term":[{"taxonomy":"category","embeddable":true,"href":"https:\/\/blogg.fumei.se\/index.php?rest_route=%2Fwp%2Fv2%2Fcategories&post=111"},{"taxonomy":"post_tag","embeddable":true,"href":"https:\/\/blogg.fumei.se\/index.php?rest_route=%2Fwp%2Fv2%2Ftags&post=111"}],"curies":[{"name":"wp","href":"https:\/\/api.w.org\/{rel}","templated":true}]}}