{"id":112,"date":"2011-01-20T21:01:00","date_gmt":"2011-01-20T21:01:00","guid":{"rendered":"\/Blogg\/post\/Kvallsfika.aspx"},"modified":"2011-01-20T21:01:00","modified_gmt":"2011-01-20T21:01:00","slug":"kvallsfika","status":"publish","type":"post","link":"https:\/\/blogg.fumei.se\/?p=112","title":{"rendered":"Kv\u00e4llsfika"},"content":{"rendered":"<p>Enkelt, snabbt, billigt och gott \ud83d\ude42<\/p>\n<p>Mosa ihop<\/p>\n<ul>\n<li>1 banan<\/li>\n<li>ca 15 frusna jordgubbar<\/li>\n<li>2 dl turkisk yogurt<\/li>\n<li>2 dl mj&ouml;lk och en skv&auml;tt koncentrerad apelsinjuice<\/li>\n<\/ul>\n<div>i en mixer eller anv&auml;nd stavmixer. H&auml;ll upp i glas och drick. Smaskens!<\/div>\n<p>&nbsp;<\/p>\n","protected":false},"excerpt":{"rendered":"<p>Enkelt, snabbt, billigt och gott \ud83d\ude42 Mosa ihop 1 banan ca 15 frusna jordgubbar 2 dl turkisk yogurt 2 dl mj&ouml;lk och en skv&auml;tt koncentrerad apelsinjuice i en mixer eller anv&auml;nd stavmixer. H&auml;ll upp i glas och drick. Smaskens! &nbsp;<\/p>\n","protected":false},"author":1,"featured_media":0,"comment_status":"open","ping_status":"open","sticky":false,"template":"","format":"standard","meta":{"jetpack_post_was_ever_published":false,"_jetpack_newsletter_access":"","_jetpack_dont_email_post_to_subs":false,"_jetpack_newsletter_tier_id":0,"_jetpack_memberships_contains_paywalled_content":false,"_jetpack_memberships_contains_paid_content":false,"footnotes":"","jetpack_publicize_message":"","jetpack_publicize_feature_enabled":true,"jetpack_social_post_already_shared":false,"jetpack_social_options":{"image_generator_settings":{"template":"highway","default_image_id":0,"font":"","enabled":false},"version":2}},"categories":[47],"tags":[],"class_list":["post-112","post","type-post","status-publish","format-standard","hentry","category-vardagsliv"],"jetpack_publicize_connections":[],"jetpack_featured_media_url":"","jetpack_shortlink":"https:\/\/wp.me\/p3qko4-1O","jetpack_sharing_enabled":true,"jetpack_likes_enabled":true,"jetpack-related-posts":[{"id":115,"url":"https:\/\/blogg.fumei.se\/?p=115","url_meta":{"origin":112,"position":0},"title":"Mtadags","author":"M :)","date":"2011-01-17","format":false,"excerpt":"Idag blev det s\u00e5 d\u00e4r nyttigt igen f\u00f6r min del, precis som det har varit de senaste 16 dagarna. Dagens middag bestod av linsgryta och ugnsstekt laxkotlett. I och f\u00f6r sig skulle vi alla \u00e4ta lax, men barnen och J fick dela p\u00e5 potatisgrat\u00e4ngen som blev \u00f6ver fr\u00e5n g\u00e5rdagens middag.\u2026","rel":"","context":"I \u201dVardagsliv\u201d","block_context":{"text":"Vardagsliv","link":"https:\/\/blogg.fumei.se\/?cat=47"},"img":{"alt_text":"","src":"","width":0,"height":0},"classes":[]},{"id":2674,"url":"https:\/\/blogg.fumei.se\/?p=2674","url_meta":{"origin":112,"position":1},"title":"Recept: Lax- och spenatpaj","author":"M :)","date":"2012-08-15","format":false,"excerpt":"En paj med filodeg ist\u00e4llet f\u00f6r vanlig pajdeg. Man kan g\u00f6ra en stor eller tre sm\u00e5 pajer. Jag gjorde tre sm\u00e5 i folieformar, och fick fyra bitar\/portioner ur varje. En stor ger allts\u00e5 12 bitar\/portioner. Tilllagningstid:\u00a045 min Kalorier:\u00a0253 \/ portion Energif\u00f6rdelning (en portion): Fett: 20 gram Protein: 12 gram Kolhydrater:\u2026","rel":"","context":"I \u201dMat och \u00e4tbart\u201d","block_context":{"text":"Mat och \u00e4tbart","link":"https:\/\/blogg.fumei.se\/?cat=206"},"img":{"alt_text":"","src":"https:\/\/i0.wp.com\/blogg.fumei.se\/wp-content\/uploads\/2012\/08\/20120814_200702-300x168.jpg?resize=350%2C200","width":350,"height":200},"classes":[]},{"id":3772,"url":"https:\/\/blogg.fumei.se\/?p=3772","url_meta":{"origin":112,"position":2},"title":"Middagstips","author":"M :)","date":"2015-12-11","format":false,"excerpt":"H\u00e4romdagen gjorde jag pumpasoppa. Jag hade aldrig smakat pumpa s\u00e5 det var en ny upplevelse, men det blev v\u00e4ldigt gott! Nu anv\u00e4nde inte jag en riktig pumpa, utan en butternutpumpa. Skillnaden ser ni h\u00e4r; butternutpumpa \u00e4r den smala. H\u00e4r kommer receptet f\u00f6r den som vill testa sj\u00e4lv: 1 butternutpumpa 1\u2026","rel":"","context":"I \u201dMat och \u00e4tbart\u201d","block_context":{"text":"Mat och \u00e4tbart","link":"https:\/\/blogg.fumei.se\/?cat=206"},"img":{"alt_text":"","src":"https:\/\/i0.wp.com\/blogg.fumei.se\/wp-content\/uploads\/2015\/12\/pumpkin-simple-image.jpg?resize=350%2C200","width":350,"height":200},"classes":[]},{"id":1425,"url":"https:\/\/blogg.fumei.se\/?p=1425","url_meta":{"origin":112,"position":3},"title":"S\u00f6ndagsgodis","author":"M :)","date":"2011-09-18","format":false,"excerpt":"Fattar ni hur sk\u00f6nt det \u00e4r att kunna r\u00f6ra sig igen?? Jag k\u00e4nner visserligen av de t onda i musklerna fortfarande, men det mesta flyter p\u00e5 r\u00e4tt okej, bara jag inte ta i f\u00f6r h\u00e5rt eller g\u00f6r n\u00e5gra hastiga r\u00f6relser. \u00c5terst\u00e5r nu bara att se hur det g\u00e5r p\u00e5 jobbet\u2026","rel":"","context":"I \u201dVardagsliv\u201d","block_context":{"text":"Vardagsliv","link":"https:\/\/blogg.fumei.se\/?cat=47"},"img":{"alt_text":"","src":"","width":0,"height":0},"classes":[]},{"id":159,"url":"https:\/\/blogg.fumei.se\/?p=159","url_meta":{"origin":112,"position":4},"title":"S\u00f6ndagsmiddag","author":"M :)","date":"2010-11-21","format":false,"excerpt":"H\u00e4romdagen satt jag i f\u00f6r\u00e4ldrarnas k\u00f6k och vi diskuterade mat. Efter en stund kom vi fram till att det var v\u00e4\u00e4\u00e4ldigt l\u00e4nge sen vi \u00e5t Bagna Cauda.Bagna Cauda \u00e4r en r\u00e4tt man \u00e4ter fr\u00e4mst i Italiens nordliga region Piemonte, d\u00e4r du kan bes\u00f6ka orter som Asti, Novara och OS-staden Turin.\u2026","rel":"","context":"I \u201dVardagsliv\u201d","block_context":{"text":"Vardagsliv","link":"https:\/\/blogg.fumei.se\/?cat=47"},"img":{"alt_text":"","src":"","width":0,"height":0},"classes":[]},{"id":6971,"url":"https:\/\/blogg.fumei.se\/?p=6971","url_meta":{"origin":112,"position":5},"title":"Sommart\u00e5rta","author":"M :)","date":"2024-05-21","format":false,"excerpt":"Jag sl\u00e4ngde ihop en cheesecake \u00e5t mina kollegor som tack f\u00f6r hj\u00e4lpen n\u00e4r. jag blev sjuk f\u00f6rra veckan. Botten \u00e4r klassisk cheesecakebotten: digestive kex och sm\u00f6r. Jag fyllde den f\u00f6rst med citronfromage och sedan med vanlig cheesecakefyllning, garnerade med massor av jordgubbar, citronmeliss och riven choklad. H\u00e4r kommer receptet om\u2026","rel":"","context":"I \u201dMat och \u00e4tbart\u201d","block_context":{"text":"Mat och \u00e4tbart","link":"https:\/\/blogg.fumei.se\/?cat=206"},"img":{"alt_text":"","src":"https:\/\/i0.wp.com\/blogg.fumei.se\/wp-content\/uploads\/2024\/05\/59EC9D2D-2C71-4C6B-9877-5F50140D55B6_1_105_c-edited.jpeg?resize=350%2C200&ssl=1","width":350,"height":200,"srcset":"https:\/\/i0.wp.com\/blogg.fumei.se\/wp-content\/uploads\/2024\/05\/59EC9D2D-2C71-4C6B-9877-5F50140D55B6_1_105_c-edited.jpeg?resize=350%2C200&ssl=1 1x, https:\/\/i0.wp.com\/blogg.fumei.se\/wp-content\/uploads\/2024\/05\/59EC9D2D-2C71-4C6B-9877-5F50140D55B6_1_105_c-edited.jpeg?resize=525%2C300&ssl=1 1.5x"},"classes":[]}],"_links":{"self":[{"href":"https:\/\/blogg.fumei.se\/index.php?rest_route=\/wp\/v2\/posts\/112","targetHints":{"allow":["GET"]}}],"collection":[{"href":"https:\/\/blogg.fumei.se\/index.php?rest_route=\/wp\/v2\/posts"}],"about":[{"href":"https:\/\/blogg.fumei.se\/index.php?rest_route=\/wp\/v2\/types\/post"}],"author":[{"embeddable":true,"href":"https:\/\/blogg.fumei.se\/index.php?rest_route=\/wp\/v2\/users\/1"}],"replies":[{"embeddable":true,"href":"https:\/\/blogg.fumei.se\/index.php?rest_route=%2Fwp%2Fv2%2Fcomments&post=112"}],"version-history":[{"count":0,"href":"https:\/\/blogg.fumei.se\/index.php?rest_route=\/wp\/v2\/posts\/112\/revisions"}],"wp:attachment":[{"href":"https:\/\/blogg.fumei.se\/index.php?rest_route=%2Fwp%2Fv2%2Fmedia&parent=112"}],"wp:term":[{"taxonomy":"category","embeddable":true,"href":"https:\/\/blogg.fumei.se\/index.php?rest_route=%2Fwp%2Fv2%2Fcategories&post=112"},{"taxonomy":"post_tag","embeddable":true,"href":"https:\/\/blogg.fumei.se\/index.php?rest_route=%2Fwp%2Fv2%2Ftags&post=112"}],"curies":[{"name":"wp","href":"https:\/\/api.w.org\/{rel}","templated":true}]}}