{"id":1140,"date":"2009-10-31T13:40:18","date_gmt":"2009-10-31T13:40:18","guid":{"rendered":"http:\/\/blogg.fumei.se\/?p=1140"},"modified":"2009-10-31T13:40:18","modified_gmt":"2009-10-31T13:40:18","slug":"tjejsnack-vecka-44","status":"publish","type":"post","link":"https:\/\/blogg.fumei.se\/?p=1140","title":{"rendered":"Tjejsnack vecka 44"},"content":{"rendered":"<p>Vill du ocks\u00e5 vara med? Du hittar Tjejsnack <a href=\"http:\/\/mlilja.net\/tjejsnack\/\" target=\"_blank\">h\u00e4r<\/a>.<\/p>\n<p><strong><span style=\"text-decoration: underline;\">Reflexer<\/span><\/strong><\/p>\n<p><strong>1. Anv\u00e4nder du reflexer, om ej varf\u00f6r?<\/strong><br \/>Japp, jag anv\u00e4nder reflexer. <\/p>\n<p><strong>2. Vad har du\/skulle vilja ha f\u00f6r typ av reflexer?<\/strong><br \/>Jag har s\u00e5na d\u00e4r reflexband som man s\u00e4tter runt hand- och fotleder, och s\u00e5 har jag ett par stycken att h\u00e4nga p\u00e5 v\u00e4skor och baktill p\u00e5 jackan. N\u00e4r jag \u00e4r ute och g\u00e5r f\u00f6r n\u00f6jes skull har jag ibland reflexv\u00e4st.<\/p>\n<p><strong>3. Hur reagerar du n\u00e4r det dyker upp n\u00e5gon i m\u00f6rkret utan reflexer?<\/strong><br \/>Jag brukar oftast hajja till och s\u00e5 brukar jag t\u00e4nka att jag hoppas att de h\u00e5ller sig till upplysta omr\u00e5den eller skaffar en reflex. men nej, jag brukar inte s\u00e4ga till folk att de b\u00f6r g\u00f6ra det.<\/p>\n<p><strong>4. Tycker du att skolan ska dela ut gratisreflexer till barnen?<\/strong><br \/>Ja. Det gjorde de n\u00e4r jag var liten. Det \u00e4r en billig livf\u00f6rs\u00e4kring, och f\u00f6rs\u00e4kringsbolagen som har hand om skolornas f\u00f6rs\u00e4kringar borde nog ha r\u00e5d med s\u00e5nt. B\u00e4ttre l\u00e4gga pengarna d\u00e4r \u00e4n p\u00e5 skyh\u00f6ga avtal till cheferna.<\/p>\n<p><strong>5. N\u00e4r senast \u00e4r du glad att du hade inbygda reflexer?<\/strong><br \/>P\u00e5 jobbet kan det ofta h\u00e4nda att man f\u00e5r parera b\u00e5de slag och sparkar fr\u00e5n kvinnr som inte kan hantera sin sm\u00e4rta under f\u00f6rlossningen. D\u00e5 g\u00e4ller det att ducka snabbt.<\/p>\n","protected":false},"excerpt":{"rendered":"<p>Vill du ocks\u00e5 vara med? Du hittar Tjejsnack h\u00e4r. Reflexer 1. Anv\u00e4nder du reflexer, om ej varf\u00f6r?Japp, jag anv\u00e4nder reflexer. 2. Vad har du\/skulle vilja ha f\u00f6r typ av reflexer?Jag har s\u00e5na d\u00e4r reflexband som man s\u00e4tter runt hand- och fotleder, och s\u00e5 har jag ett par stycken att h\u00e4nga p\u00e5 v\u00e4skor och baktill p\u00e5&#8230;<\/p>\n","protected":false},"author":1,"featured_media":0,"comment_status":"open","ping_status":"open","sticky":false,"template":"","format":"standard","meta":{"jetpack_post_was_ever_published":false,"_jetpack_newsletter_access":"","_jetpack_dont_email_post_to_subs":false,"_jetpack_newsletter_tier_id":0,"_jetpack_memberships_contains_paywalled_content":false,"_jetpack_memberships_contains_paid_content":false,"footnotes":"","jetpack_publicize_message":"","jetpack_publicize_feature_enabled":true,"jetpack_social_post_already_shared":false,"jetpack_social_options":{"image_generator_settings":{"template":"highway","default_image_id":0,"font":"","enabled":false},"version":2}},"categories":[47],"tags":[],"class_list":["post-1140","post","type-post","status-publish","format-standard","hentry","category-vardagsliv"],"jetpack_publicize_connections":[],"jetpack_featured_media_url":"","jetpack_shortlink":"https:\/\/wp.me\/p3qko4-io","jetpack_sharing_enabled":true,"jetpack_likes_enabled":true,"jetpack-related-posts":[{"id":236,"url":"https:\/\/blogg.fumei.se\/?p=236","url_meta":{"origin":1140,"position":0},"title":"Tjej&#038;Killsnack vecka 19","author":"EmEff","date":"2010-05-09","format":false,"excerpt":"Veckans fr\u00e5gor. L\u00e4s mer om vad TJEJ&KILLSNACK \u00e4r\/hitta alla fr\u00e5gor h\u00e4r. Trafiks\u00e4kerhet 1. Anv\u00e4nder du cykelhj\u00e4lm?Nja, jag g\u00f6r ju inte det. Fast jag vet att jag borde, och jag har ju en s\u00e5 det \u00e4r v\u00e4l egentligen bara lathet. Och kanske lite en tanke om att det ser s\u00e5 l\u00f6jligt\u2026","rel":"","context":"I \u201dVardagsliv\u201d","block_context":{"text":"Vardagsliv","link":"https:\/\/blogg.fumei.se\/?cat=47"},"img":{"alt_text":"","src":"","width":0,"height":0},"classes":[]},{"id":446,"url":"https:\/\/blogg.fumei.se\/?p=446","url_meta":{"origin":1140,"position":1},"title":"V\u00e4lkommen till min nya blogg!","author":"M :)","date":"2008-07-16","format":false,"excerpt":"Nya och nya...jag som aldrig varit med blogg innan tycker ju att det l\u00e5ter som om jag har b\u00f6rjat p\u00e5 ny kula med bloggandet, medan jag i sj\u00e4lva verket \u00e4r totalt nyb\u00f6rjare p\u00e5 det h\u00e4r! S\u00e5 faktiskt har jag inte den blekaste om vad jag ska skriva om. men det\u2026","rel":"","context":"I \u201dVardagsliv\u201d","block_context":{"text":"Vardagsliv","link":"https:\/\/blogg.fumei.se\/?cat=47"},"img":{"alt_text":"","src":"","width":0,"height":0},"classes":[]},{"id":930,"url":"https:\/\/blogg.fumei.se\/?p=930","url_meta":{"origin":1140,"position":2},"title":"Tjejsnack vecka 22","author":"M :)","date":"2009-05-24","format":false,"excerpt":"Vill du ocks\u00e5 vara med? Hitta fr\u00e5gorna h\u00e4r.F\u00e5f\u00e4nga1. Hur ofta klipper du dig?Alldeles f\u00f6r s\u00e4llan. N\u00e4r man lever p\u00e5 existensminimum finns det en massa saker som m\u00e5ste g\u00e5 f\u00f6re fris\u00f6rbes\u00f6k. men eftersom jag har l\u00e5ngt h\u00e5r som jag aldrig (eller v\u00e4ldigt s\u00e4llan) anv\u00e4nder annat \u00e4n schampo och balsam till, s\u00e5\u2026","rel":"","context":"I \u201dVardagsliv\u201d","block_context":{"text":"Vardagsliv","link":"https:\/\/blogg.fumei.se\/?cat=47"},"img":{"alt_text":"","src":"","width":0,"height":0},"classes":[]},{"id":1053,"url":"https:\/\/blogg.fumei.se\/?p=1053","url_meta":{"origin":1140,"position":3},"title":"Tjejsnack vecka 35","author":"M :)","date":"2009-08-27","format":false,"excerpt":"Vill du ocks\u00e5 vara med? Du hittar Tjejsnack h\u00e4r. G\u00e4ster 1. Hur ofta brukar du ha g\u00e4ster? Det beror p\u00e5 vad som menas med g\u00e4ster. Mina f\u00f6r\u00e4ldrar h\u00e4lsar p\u00e5 n\u00e5n g\u00e5ng varje vecka, annars \u00e4r det inte m\u00e5nga g\u00e4ster som passerar genom v\u00e5rt hem. AV n\u00e5n anledning verkar de flesta\u2026","rel":"","context":"I \u201dVardagsliv\u201d","block_context":{"text":"Vardagsliv","link":"https:\/\/blogg.fumei.se\/?cat=47"},"img":{"alt_text":"","src":"","width":0,"height":0},"classes":[]},{"id":1210,"url":"https:\/\/blogg.fumei.se\/?p=1210","url_meta":{"origin":1140,"position":4},"title":"Tjejsnack vecka 51","author":"M :)","date":"2009-12-20","format":false,"excerpt":"Vill du ocks\u00e5 vara med? Du hittar Tjejsnack h\u00e4r.Julafton 1. Vad skulle du inte vilja vara utan p\u00e5 julbordet?Allt! Jag kan inte v\u00e4lja. Utan att det som st\u00e5r p\u00e5 bordet blir det inget riktigt julbord. 2. Vilken \u00e4r din favorit i Kalles Jul-slinga av tecknat?Nja, jag har nog ingen favorit.\u2026","rel":"","context":"I \u201dVardagsliv\u201d","block_context":{"text":"Vardagsliv","link":"https:\/\/blogg.fumei.se\/?cat=47"},"img":{"alt_text":"","src":"","width":0,"height":0},"classes":[]},{"id":988,"url":"https:\/\/blogg.fumei.se\/?p=988","url_meta":{"origin":1140,"position":5},"title":"Tjejsnack vecka 23","author":"M :)","date":"2009-06-14","format":false,"excerpt":"J\u00f6sses vad jag ligger efter med Tjejsnack! B\u00e4st att \u00e5tg\u00e4rda det bums! Vill du ocks\u00e5 vara med? Du hittar fr\u00e5gorna h\u00e4r.\u00c4rlighet1. S\u00e4ger du till om du f\u00e5r f\u00f6r mycket tillbaka i kassan?F\u00f6r det mesta. Fast oftast handlar jag p\u00e5 kortet, s\u00e5 d\u00e5 brukar jag inte f\u00e5 v\u00e4xel tillbaka. De g\u00e5nger\u2026","rel":"","context":"I \u201dVardagsliv\u201d","block_context":{"text":"Vardagsliv","link":"https:\/\/blogg.fumei.se\/?cat=47"},"img":{"alt_text":"","src":"","width":0,"height":0},"classes":[]}],"_links":{"self":[{"href":"https:\/\/blogg.fumei.se\/index.php?rest_route=\/wp\/v2\/posts\/1140","targetHints":{"allow":["GET"]}}],"collection":[{"href":"https:\/\/blogg.fumei.se\/index.php?rest_route=\/wp\/v2\/posts"}],"about":[{"href":"https:\/\/blogg.fumei.se\/index.php?rest_route=\/wp\/v2\/types\/post"}],"author":[{"embeddable":true,"href":"https:\/\/blogg.fumei.se\/index.php?rest_route=\/wp\/v2\/users\/1"}],"replies":[{"embeddable":true,"href":"https:\/\/blogg.fumei.se\/index.php?rest_route=%2Fwp%2Fv2%2Fcomments&post=1140"}],"version-history":[{"count":0,"href":"https:\/\/blogg.fumei.se\/index.php?rest_route=\/wp\/v2\/posts\/1140\/revisions"}],"wp:attachment":[{"href":"https:\/\/blogg.fumei.se\/index.php?rest_route=%2Fwp%2Fv2%2Fmedia&parent=1140"}],"wp:term":[{"taxonomy":"category","embeddable":true,"href":"https:\/\/blogg.fumei.se\/index.php?rest_route=%2Fwp%2Fv2%2Fcategories&post=1140"},{"taxonomy":"post_tag","embeddable":true,"href":"https:\/\/blogg.fumei.se\/index.php?rest_route=%2Fwp%2Fv2%2Ftags&post=1140"}],"curies":[{"name":"wp","href":"https:\/\/api.w.org\/{rel}","templated":true}]}}