{"id":1141,"date":"2009-10-31T13:31:28","date_gmt":"2009-10-31T13:31:28","guid":{"rendered":"http:\/\/blogg.fumei.se\/?p=1141"},"modified":"2009-10-31T13:31:28","modified_gmt":"2009-10-31T13:31:28","slug":"tjejsnack-vecka-43","status":"publish","type":"post","link":"https:\/\/blogg.fumei.se\/?p=1141","title":{"rendered":"Tjejsnack vecka 43"},"content":{"rendered":"<p>Vill du ocks\u00e5 vara med? Du hittar Tjejsnack <a href=\"http:\/\/mlilja.net\/tjejsnack\/\" target=\"_blank\">h\u00e4r<\/a>.<\/p>\n<p><strong><span style=\"text-decoration: underline;\">Dagar<\/span><\/strong><\/p>\n<p><strong>1. Vad g\u00f6r du helst en fredagkv\u00e4ll?<\/strong><br \/>Det beror ju lite p\u00e5 vad som h\u00e4nder och sker i v\u00e4rlden utanf\u00f6r hemmet. N\u00e5n enstaka g\u00e5ng hamnar man p\u00e5 en After Work (som aldrig brukar sluta i tid&#8230;) eller hemma hos n\u00e5gon kompis p\u00e5 mat och god dryck eller p\u00e5 bio, men oftast spenderas mina fredagkv\u00e4llar antingen p\u00e5 jobbet eller hemma i soffan. Jag f\u00f6redrar de i soffan, men de p\u00e5 jobbet kan ibland vara riktigt trevliga.<\/p>\n<p><strong>2. Vad gillar du m\u00e5ndagsmorgnar?<br \/><\/strong>De \u00e4r v\u00e4l som vilken morgon som helst. Om jag ska jobba en dagtur gillar jag ingen morgon, eftersom det inneb\u00e4r att jag m\u00e5ste upp kl 4.15. Ska jag jobba kv\u00e4llspass eller inte alls har jag ju turen att kunna dra mig ett par timmar till eftersom barnen \u00e4r s\u00e5 stora nu att de fixar allt sj\u00e4lva.<\/p>\n<p><strong>3. \u00c4ter du \u201cfinare\u201d mat n\u00e5gon speciell dag?<br \/><\/strong>Finare vet jag inte om det \u00e4r, men jag f\u00f6rs\u00f6ker se till att vi \u00e4ter ordentligt lagad middag p\u00e5 s\u00f6ndagarna, eftersom det \u00e4r den enda dagen jag inte jobbar. Det betyder ju ocks\u00e5 att jag har gott om tid att laga maten (allts\u00e5 blir det lite mer avancerat \u00e4n spagetti och k\u00f6ttf\u00e4rss\u00e5s eller makaroner och korv)\u00a0och duka s\u00e5 att vi kan \u00e4ta middag tillsammans hela familjen. Det h\u00e4nder ju inte alltf\u00f6r ofta i en familj med tv\u00e5 ton\u00e5rsbarn och en skiftarbetande ensamst\u00e5ende mamma&#8230;<\/p>\n<p><strong>4. Vilken \u00e4r din favoritdag?<br \/><\/strong>Den dag jag \u00e4r ledig fr\u00e5n jobbet. Och l\u00f6nedagen.<\/p>\n<p><strong>5. \u00c4r onsdag en lille-l\u00f6rdag f\u00f6r dig?<\/strong><br \/>nej. Den var nog det ett par \u00e5r n\u00e4r jag var i 20-\u00e5rs\u00e5ldern, men inte nu l\u00e4ngre. Vill man festa beh\u00f6ver man v\u00e4l inte bry sig om vilken dag det \u00e4r?<\/p>\n","protected":false},"excerpt":{"rendered":"<p>Vill du ocks\u00e5 vara med? Du hittar Tjejsnack h\u00e4r. Dagar 1. Vad g\u00f6r du helst en fredagkv\u00e4ll?Det beror ju lite p\u00e5 vad som h\u00e4nder och sker i v\u00e4rlden utanf\u00f6r hemmet. N\u00e5n enstaka g\u00e5ng hamnar man p\u00e5 en After Work (som aldrig brukar sluta i tid&#8230;) eller hemma hos n\u00e5gon kompis p\u00e5 mat och god dryck&#8230;<\/p>\n","protected":false},"author":1,"featured_media":0,"comment_status":"open","ping_status":"open","sticky":false,"template":"","format":"standard","meta":{"jetpack_post_was_ever_published":false,"_jetpack_newsletter_access":"","_jetpack_dont_email_post_to_subs":false,"_jetpack_newsletter_tier_id":0,"_jetpack_memberships_contains_paywalled_content":false,"_jetpack_memberships_contains_paid_content":false,"footnotes":"","jetpack_publicize_message":"","jetpack_publicize_feature_enabled":true,"jetpack_social_post_already_shared":false,"jetpack_social_options":{"image_generator_settings":{"template":"highway","default_image_id":0,"font":"","enabled":false},"version":2}},"categories":[47],"tags":[],"class_list":["post-1141","post","type-post","status-publish","format-standard","hentry","category-vardagsliv"],"jetpack_publicize_connections":[],"jetpack_featured_media_url":"","jetpack_shortlink":"https:\/\/wp.me\/p3qko4-ip","jetpack_sharing_enabled":true,"jetpack_likes_enabled":true,"jetpack-related-posts":[{"id":265,"url":"https:\/\/blogg.fumei.se\/?p=265","url_meta":{"origin":1141,"position":0},"title":"Tjej&#038;Killsnack vecka 12","author":"EmEff","date":"2010-03-23","format":false,"excerpt":"L\u00e4s mer om vad TJEJ&KILLSNACK \u00e4r\/hitta alla fr\u00e5gor h\u00e4r. Rutiner 1. Hur ser dina ink\u00f6psvanor ut?Jag storhandlar en g\u00e5ng i m\u00e5nade. D\u00e5 k\u00f6per jag allt som g\u00e5r att frysa in och alla konserver och torrvaror, allts\u00e5 s\u00e5nt som h\u00e5ller l\u00e4nge. Sen brukar det bli ett par v\u00e4ndor till aff\u00e4ren varje\u2026","rel":"","context":"I \u201dVardagsliv\u201d","block_context":{"text":"Vardagsliv","link":"https:\/\/blogg.fumei.se\/?cat=47"},"img":{"alt_text":"","src":"","width":0,"height":0},"classes":[]},{"id":1089,"url":"https:\/\/blogg.fumei.se\/?p=1089","url_meta":{"origin":1141,"position":1},"title":"Tjejsnack vecka 40","author":"M :)","date":"2009-09-28","format":false,"excerpt":"Vill du ocks\u00e5 vara med? Du hittar Tjejsnack h\u00e4r.Sjukligt 1. Vilka barnsjukdomar har du haft?Jag har haft vattenkoppor och p\u00e5ssjuka. Det \u00e4r de enda jag s\u00e4kert vet om. N\u00e5gra blev man ju vaccinerad emot \"p\u00e5 min tid\"; m\u00e4sslingen, r\u00f6da hund och n\u00e5n mer. Just ja, polio, men den r\u00e4knas inte...2.\u2026","rel":"","context":"I \u201dVardagsliv\u201d","block_context":{"text":"Vardagsliv","link":"https:\/\/blogg.fumei.se\/?cat=47"},"img":{"alt_text":"","src":"","width":0,"height":0},"classes":[]},{"id":1194,"url":"https:\/\/blogg.fumei.se\/?p=1194","url_meta":{"origin":1141,"position":2},"title":"Tjejsnack vecka 45","author":"M :)","date":"2009-11-17","format":false,"excerpt":"Vill du ocks\u00e5 vara med? Du hittar Tjejsnack h\u00e4r. H\u00f6gtider 1. Finns det n\u00e5gon helgdag som du tycker \u00e4r helt on\u00f6dig?Nja, alla fyller de v\u00e4l n\u00e5got slags syfte, \u00e4ven om m\u00e5nga inte firar dem p\u00e5 traditionellt s\u00e4tt l\u00e4ngre. Men 1:a Maj tycker jag nog har gjort sitt. Den var ju\u2026","rel":"","context":"I \u201dVardagsliv\u201d","block_context":{"text":"Vardagsliv","link":"https:\/\/blogg.fumei.se\/?cat=47"},"img":{"alt_text":"","src":"","width":0,"height":0},"classes":[]},{"id":1034,"url":"https:\/\/blogg.fumei.se\/?p=1034","url_meta":{"origin":1141,"position":3},"title":"Tjejsnack vecka 27","author":"M :)","date":"2009-07-09","format":false,"excerpt":"Vill du ocks\u00e5 vara med? Du hittar Tjejsnack h\u00e4r.D\u00f6den 1. \u00c4r du r\u00e4dd f\u00f6r att d\u00f6? Nej. D\u00e4remot \u00e4r jag r\u00e4dd f\u00f6r att jag ska d\u00f6 p\u00e5 ett onaturligt s\u00e4tt; genom en olycka eller liknande. 2. Har du varit p\u00e5 n\u00e5gons begravning? Ja. N\u00e4r jag gick i gymnasiet var det\u2026","rel":"","context":"I \u201dVardagsliv\u201d","block_context":{"text":"Vardagsliv","link":"https:\/\/blogg.fumei.se\/?cat=47"},"img":{"alt_text":"","src":"","width":0,"height":0},"classes":[]},{"id":901,"url":"https:\/\/blogg.fumei.se\/?p=901","url_meta":{"origin":1141,"position":4},"title":"Tjejsnack vecka 2, 2009","author":"M :)","date":"2009-04-19","format":false,"excerpt":"Milo har startat upp Tjejsnack igen! J J\u00e4ttekul! Jag hade t\u00e4nkt vara med fr\u00e5n b\u00f6rjan, men av n\u00e5gon anledning kom det hela tiden n\u00e5got annt emellan n\u00e4r jag skulle skriva mina svar p\u00e5 f\u00f6rra veckans fr\u00e5gor, s\u00e5 jag g\u00f6r ett seri\u00f6st f\u00f6rs\u00f6k den h\u00e4r veckan ist\u00e4llet. Here goes: 1. Vad\u2026","rel":"","context":"I \u201dVardagsliv\u201d","block_context":{"text":"Vardagsliv","link":"https:\/\/blogg.fumei.se\/?cat=47"},"img":{"alt_text":"","src":"","width":0,"height":0},"classes":[]},{"id":321,"url":"https:\/\/blogg.fumei.se\/?p=321","url_meta":{"origin":1141,"position":5},"title":"Tjej&#038;Killsnack vecka 52, 2009","author":"EmEff","date":"2009-12-27","format":false,"excerpt":"Vill du ocks\u00e5 vara med? Du hittar Tjejsnack h\u00e4r. Decemberslut 1. Vad fick du i julklapp?Jag fick nytt duschaggregat, ett halsband och ett armband och \"Den f\u00f6rlorade Symbolen\" av Dan Brown.2. Vem firade du julafton med?Mina barn och mina f\u00f6r\u00e4ldrar.3. Vad var det b\u00e4sta med julen i \u00e5r?Att jag inte\u2026","rel":"","context":"I \u201dVardagsliv\u201d","block_context":{"text":"Vardagsliv","link":"https:\/\/blogg.fumei.se\/?cat=47"},"img":{"alt_text":"","src":"","width":0,"height":0},"classes":[]}],"_links":{"self":[{"href":"https:\/\/blogg.fumei.se\/index.php?rest_route=\/wp\/v2\/posts\/1141","targetHints":{"allow":["GET"]}}],"collection":[{"href":"https:\/\/blogg.fumei.se\/index.php?rest_route=\/wp\/v2\/posts"}],"about":[{"href":"https:\/\/blogg.fumei.se\/index.php?rest_route=\/wp\/v2\/types\/post"}],"author":[{"embeddable":true,"href":"https:\/\/blogg.fumei.se\/index.php?rest_route=\/wp\/v2\/users\/1"}],"replies":[{"embeddable":true,"href":"https:\/\/blogg.fumei.se\/index.php?rest_route=%2Fwp%2Fv2%2Fcomments&post=1141"}],"version-history":[{"count":0,"href":"https:\/\/blogg.fumei.se\/index.php?rest_route=\/wp\/v2\/posts\/1141\/revisions"}],"wp:attachment":[{"href":"https:\/\/blogg.fumei.se\/index.php?rest_route=%2Fwp%2Fv2%2Fmedia&parent=1141"}],"wp:term":[{"taxonomy":"category","embeddable":true,"href":"https:\/\/blogg.fumei.se\/index.php?rest_route=%2Fwp%2Fv2%2Fcategories&post=1141"},{"taxonomy":"post_tag","embeddable":true,"href":"https:\/\/blogg.fumei.se\/index.php?rest_route=%2Fwp%2Fv2%2Ftags&post=1141"}],"curies":[{"name":"wp","href":"https:\/\/api.w.org\/{rel}","templated":true}]}}