{"id":1145,"date":"2009-10-19T19:45:27","date_gmt":"2009-10-19T19:45:27","guid":{"rendered":"http:\/\/blogg.fumei.se\/?p=1145"},"modified":"2009-10-19T19:45:27","modified_gmt":"2009-10-19T19:45:27","slug":"travel-and-change-of-place-impart-new-vigor-to-the-mind","status":"publish","type":"post","link":"https:\/\/blogg.fumei.se\/?p=1145","title":{"rendered":"Travel and change of place impart new vigor to the mind"},"content":{"rendered":"<p>Sagt av <a href=\"http:\/\/sv.wikipedia.org\/wiki\/Seneca_den_yngre\" target=\"_blank\">Seneca<\/a>\u00a0n\u00e5gon g\u00e5ng mellan \u00e5r 4 fKr och \u00e5r 65 eKr. Men det var inte honom jag skulle skriva om, det bara k\u00e4ndes s\u00e5 passande med ett citat om resor och resande h\u00e4r.<br \/>Jag ska ju n\u00e4mligen ut och resa. Igen. Fast inte s\u00e5 l\u00e5ngt den h\u00e4r g\u00e5ngen. Heller. Jag ska till Stockholm och tr\u00e4ffa <a href=\"http:\/\/kerstinydrefors.blogg.se\/\" target=\"_blank\">Kerstin<\/a> och se <a href=\"http:\/\/muse.mu\/\" target=\"_blank\">Muse<\/a>. I den ordningen.<\/p>\n<p>Men jag funderar fram och tillbaka \u00f6ver <em>hur<\/em> jag ska resa. Jag t\u00e4nkte ta\u00a0bussen, som f\u00f6rra g\u00e5ngen, men \u00e5ka fr\u00e5n J\u00f6nk\u00f6ping den h\u00e4r g\u00e5ngen, f\u00f6r att spara n\u00e5n timme i restid (det \u00e4r drygt nog \u00e4nd\u00e5 med 5 timmar p\u00e5 en buss). Det skulle kosta ungef\u00e4r lika mycket som att \u00e5ka fr\u00e5n Gbg men allts\u00e5 ge kortare restid.<br \/>Se t\u00e4nkte jag k\u00f6pa en sistaminutenbiljett med SJ, men d\u00e5 f\u00e5r man inte vara \u00e4ldre \u00e4n 26 \u00e5r. Eller jo, om man har fyllt 65 kan man b\u00f6rja resa p\u00e5 det s\u00e4ttet igen. Alla som \u00e4r mellan 27 och 64 har tydligen en massa pengar att l\u00e4gga p\u00e5 sent bokade t\u00e5gbiljetter&#8230;<\/p>\n<p>Anyway, jag hittade en t\u00e5gbiljett fr\u00e5n Sk\u00f6vde till Sthlm p\u00e5 fredag f\u00f6r 342 kronor. Den kanske ligger p\u00e5 inte-s\u00e5-mycket-mer imorgon. I s\u00e5 fall k\u00f6per jag den. S\u00e5 f\u00e5r det bli bussresa hem. F\u00f6r t\u00e5g hem skulle bli dyyyrt.<\/p>\n<p>S\u00e5, Kerstin, imorgon n\u00e4r jag har bokat biljetterna vet jag ocks\u00e5 vilka tider som g\u00e4ller, s\u00e5 d\u00e5 h\u00f6r jag av mig.<\/p>\n<p>Annars inget nytt under solen (eller regnmolnet&#8230;). Jobbat idag, och det har varit l\u00e4tt r\u00f6rigt i skallen, jag blandade om orden flera g\u00e5nger n\u00e4r jag skulle s\u00e4ga saker, och jag gjorde en del sm\u00e5 missar, som visserligen gick att r\u00e4tta till kvickt och l\u00e4tt p\u00e5 en g\u00e5ng, men n\u00e4r eftermiddagspassets personal hade kommit s\u00e5\u00a0\u00e5kte jag\u00a0hem. <\/p>\n<p>Pratade med husv\u00e4rden om grannen ovanf\u00f6r, och hon skulle ringa honom genast. Sen kom vaktis och fixade s\u00e5 alla elementen v\u00e4rmer h\u00e4r hemma, och jag fick l\u00f6fte om att de ska ta bort extra fryssk\u00e5pet som st\u00e5r i mitt k\u00f6k. Det \u00e4r inget jag vill ha eller beh\u00f6ver, och det stod d\u00e4r n\u00e4r jag flyttade in, s\u00e5 det ska jag inte beh\u00f6va flytta. Det skulle bli s\u00e5 mycket b\u00e4ttre utan det i k\u00f6ket.<\/p>\n<p>Nu ska jag tjata lite p\u00e5 sexton\u00e5ringen hehe.<\/p>\n","protected":false},"excerpt":{"rendered":"<p>Sagt av Seneca\u00a0n\u00e5gon g\u00e5ng mellan \u00e5r 4 fKr och \u00e5r 65 eKr. Men det var inte honom jag skulle skriva om, det bara k\u00e4ndes s\u00e5 passande med ett citat om resor och resande h\u00e4r.Jag ska ju n\u00e4mligen ut och resa. Igen. Fast inte s\u00e5 l\u00e5ngt den h\u00e4r g\u00e5ngen. Heller. Jag ska till Stockholm och tr\u00e4ffa&#8230;<\/p>\n","protected":false},"author":1,"featured_media":0,"comment_status":"open","ping_status":"open","sticky":false,"template":"","format":"standard","meta":{"jetpack_post_was_ever_published":false,"_jetpack_newsletter_access":"","_jetpack_dont_email_post_to_subs":false,"_jetpack_newsletter_tier_id":0,"_jetpack_memberships_contains_paywalled_content":false,"_jetpack_memberships_contains_paid_content":false,"footnotes":"","jetpack_publicize_message":"","jetpack_publicize_feature_enabled":true,"jetpack_social_post_already_shared":false,"jetpack_social_options":{"image_generator_settings":{"template":"highway","default_image_id":0,"font":"","enabled":false},"version":2}},"categories":[47],"tags":[],"class_list":["post-1145","post","type-post","status-publish","format-standard","hentry","category-vardagsliv"],"jetpack_publicize_connections":[],"jetpack_featured_media_url":"","jetpack_shortlink":"https:\/\/wp.me\/p3qko4-it","jetpack_sharing_enabled":true,"jetpack_likes_enabled":true,"jetpack-related-posts":[{"id":7125,"url":"https:\/\/blogg.fumei.se\/?p=7125","url_meta":{"origin":1145,"position":0},"title":"\u00d6ppet brev till V\u00e4sttrafik","author":"M :)","date":"2023-11-01","format":false,"excerpt":"Det k\u00e4nns som att V\u00e4sttrafik har ett personligt uppdrag att g\u00f6ra livet sv\u00e5rt f\u00f6r oss resen\u00e4rer. Jag vet inte hur m\u00e5nga g\u00e5nger jag har st\u00e5tt vid en h\u00e5llplats och v\u00e4ntat p\u00e5 en buss som inte kommer i tid eller som inte dyker upp alls. Det \u00e4r frustrerande att konstant beh\u00f6va\u2026","rel":"","context":"I \u201dVardagsliv\u201d","block_context":{"text":"Vardagsliv","link":"https:\/\/blogg.fumei.se\/?cat=47"},"img":{"alt_text":"","src":"","width":0,"height":0},"classes":[]},{"id":2988,"url":"https:\/\/blogg.fumei.se\/?p=2988","url_meta":{"origin":1145,"position":1},"title":"En lite b\u00e4ttre dag","author":"M :)","date":"2013-07-01","format":false,"excerpt":"Hej. Det \u00e4r jag igen.\u00a0Du vet, hon som skriver i den h\u00e4r bloggen n\u00e4r lust och vilja kommer \u00f6ver mig. P\u00e5 sista tiden har det inte blivit s\u00e5 mycket skrivande av. Det har helt enkelt inte funnits s\u00e5 mycket att skriva om. F\u00f6r sanningen \u00e4r ju att det inte \u00e4r\u2026","rel":"","context":"I \u201dVardagsliv\u201d","block_context":{"text":"Vardagsliv","link":"https:\/\/blogg.fumei.se\/?cat=47"},"img":{"alt_text":"","src":"","width":0,"height":0},"classes":[]},{"id":215,"url":"https:\/\/blogg.fumei.se\/?p=215","url_meta":{"origin":1145,"position":2},"title":"Senaste nytt","author":"EmEff","date":"2010-06-15","format":false,"excerpt":"F\u00f6rra g\u00e5ngen jag pratade med handl\u00e4ggaren p\u00e5 MV sa han ju att jag skulle \u00e5terkomma om en m\u00e5nad och d\u00e5 skulle han kunna ha ett n\u00e4rmare besked \u00e5t mig. Efter att ha f\u00f6rs\u00f6kt komma \u00e5t en telefon under sj\u00e4lva telefontiden (en timme mellan 8.30 och 9.30)\u00a0och, de g\u00e5nger jag lyckats\u2026","rel":"","context":"I \u201dVardagsliv\u201d","block_context":{"text":"Vardagsliv","link":"https:\/\/blogg.fumei.se\/?cat=47"},"img":{"alt_text":"","src":"","width":0,"height":0},"classes":[]},{"id":4816,"url":"https:\/\/blogg.fumei.se\/?p=4816","url_meta":{"origin":1145,"position":3},"title":"Midsommar i London","author":"M :)","date":"2018-06-25","format":false,"excerpt":"\u00c5rets midsommarhelg spenderades i London tillsammans med Mikael, Melina och Max. Vi kom fram p\u00e5 torsdagskv\u00e4llen, och innan vi hittat till v\u00e5rt hotell och checkat in hann det bli ganska sent, s\u00e5 vi tog bara en liten promenad och k\u00f6pte n\u00e5t att \u00e4ta, sen var det l\u00e4ggdags ganska snart eftersom\u2026","rel":"","context":"I \u201dFamiljen\u201d","block_context":{"text":"Familjen","link":"https:\/\/blogg.fumei.se\/?cat=34"},"img":{"alt_text":"","src":"https:\/\/i0.wp.com\/blogg.fumei.se\/wp-content\/uploads\/2020\/08\/16D20D23-07CC-4B21-9F0A-790DE06FA8A0.jpeg?resize=350%2C200","width":350,"height":200},"classes":[]},{"id":1037,"url":"https:\/\/blogg.fumei.se\/?p=1037","url_meta":{"origin":1145,"position":4},"title":"Det \u00e4r r\u00e4tt sansl\u00f6st","author":"M :)","date":"2009-07-08","format":false,"excerpt":"att jag ska beh\u00f6va \u00e5ka t\u00e5g och buss i 2,5 timmar f\u00f6r att ta mig till Trollh\u00e4ttan hemifr\u00e5n mig. Om jag hade \u00e5kt bil hade samma resa tagit ca en timme, eftersom det bara \u00e4r ca 8 mil emellan, men nu \u00e4r jag ist\u00e4llet tvungen att f\u00f6rst \u00e5ka till gbg,\u2026","rel":"","context":"I \u201dVardagsliv\u201d","block_context":{"text":"Vardagsliv","link":"https:\/\/blogg.fumei.se\/?cat=47"},"img":{"alt_text":"","src":"","width":0,"height":0},"classes":[]},{"id":3386,"url":"https:\/\/blogg.fumei.se\/?p=3386","url_meta":{"origin":1145,"position":5},"title":"Utflyktande","author":"M :)","date":"2014-08-01","format":false,"excerpt":"I m\u00e5ndags packade jag lite fika och badkl\u00e4der i ryggan och satte mig p\u00e5 bussen till Marstrand. Jag kan inte minnas att jag varit d\u00e4r n\u00e5gon g\u00e5ng, men har jag det s\u00e5 var det i s\u00e5 fall n\u00e4r jag var v\u00e4ldigt liten. Jag har m\u00e5nga g\u00e5nger \u00e4nd\u00e5 t\u00e4nkt \u00e5ka dit,\u2026","rel":"","context":"I \u201dVardagsliv\u201d","block_context":{"text":"Vardagsliv","link":"https:\/\/blogg.fumei.se\/?cat=47"},"img":{"alt_text":"","src":"https:\/\/i0.wp.com\/blogg.fumei.se\/wp-content\/uploads\/2014\/08\/CIMG0173.jpg?resize=350%2C200","width":350,"height":200,"srcset":"https:\/\/i0.wp.com\/blogg.fumei.se\/wp-content\/uploads\/2014\/08\/CIMG0173.jpg?resize=350%2C200 1x, https:\/\/i0.wp.com\/blogg.fumei.se\/wp-content\/uploads\/2014\/08\/CIMG0173.jpg?resize=525%2C300 1.5x, https:\/\/i0.wp.com\/blogg.fumei.se\/wp-content\/uploads\/2014\/08\/CIMG0173.jpg?resize=700%2C400 2x, https:\/\/i0.wp.com\/blogg.fumei.se\/wp-content\/uploads\/2014\/08\/CIMG0173.jpg?resize=1050%2C600 3x, https:\/\/i0.wp.com\/blogg.fumei.se\/wp-content\/uploads\/2014\/08\/CIMG0173.jpg?resize=1400%2C800 4x"},"classes":[]}],"_links":{"self":[{"href":"https:\/\/blogg.fumei.se\/index.php?rest_route=\/wp\/v2\/posts\/1145","targetHints":{"allow":["GET"]}}],"collection":[{"href":"https:\/\/blogg.fumei.se\/index.php?rest_route=\/wp\/v2\/posts"}],"about":[{"href":"https:\/\/blogg.fumei.se\/index.php?rest_route=\/wp\/v2\/types\/post"}],"author":[{"embeddable":true,"href":"https:\/\/blogg.fumei.se\/index.php?rest_route=\/wp\/v2\/users\/1"}],"replies":[{"embeddable":true,"href":"https:\/\/blogg.fumei.se\/index.php?rest_route=%2Fwp%2Fv2%2Fcomments&post=1145"}],"version-history":[{"count":0,"href":"https:\/\/blogg.fumei.se\/index.php?rest_route=\/wp\/v2\/posts\/1145\/revisions"}],"wp:attachment":[{"href":"https:\/\/blogg.fumei.se\/index.php?rest_route=%2Fwp%2Fv2%2Fmedia&parent=1145"}],"wp:term":[{"taxonomy":"category","embeddable":true,"href":"https:\/\/blogg.fumei.se\/index.php?rest_route=%2Fwp%2Fv2%2Fcategories&post=1145"},{"taxonomy":"post_tag","embeddable":true,"href":"https:\/\/blogg.fumei.se\/index.php?rest_route=%2Fwp%2Fv2%2Ftags&post=1145"}],"curies":[{"name":"wp","href":"https:\/\/api.w.org\/{rel}","templated":true}]}}