{"id":1150,"date":"2009-10-16T10:41:10","date_gmt":"2009-10-16T10:41:10","guid":{"rendered":"http:\/\/blogg.fumei.se\/?p=1150"},"modified":"2024-03-24T12:04:52","modified_gmt":"2024-03-24T11:04:52","slug":"sno-och-romantik","status":"publish","type":"post","link":"https:\/\/blogg.fumei.se\/?p=1150","title":{"rendered":"Sn\u00f6 och romantik"},"content":{"rendered":"<p>Vaknade f\u00f6rsta g\u00e5ngen av att Robin sa &#8221;hej d\u00e5 nu g\u00e5r jag till skolan&#8221;, vaknade andra g\u00e5ngen av att Fia hojtar &#8221;j\u00e4vla skit&#8221;. N\u00e4r jag fr\u00e5gade varf\u00f6r hon gastar svarade hon &#8221;det sn\u00f6ar&#8221;. S\u00e5 det var bara att traska upp och titta p\u00e5 el\u00e4ndet. K\u00e4nns helt sjukt att det sn\u00f6ar i mitten av Oktober. Det har ju inte ens varit den \u00e5rliga h\u00f6ststormen \u00e4n, den som sopar bort alla l\u00f6v fr\u00e5n tr\u00f6den och m\u00f6rkl\u00e4gger halva landet genom att f\u00e4lla en massa tr\u00e4d.<\/p>\n<p style=\"text-align: center;\"><object width=\"600\" height=\"361\" classid=\"clsid:d27cdb6e-ae6d-11cf-96b8-444553540000\" codebase=\"http:\/\/download.macromedia.com\/pub\/shockwave\/cabs\/flash\/swflash.cab#version=6,0,40,0\"><param name=\"src\" value=\"http:\/\/static.photobucket.com\/player.swf?file=http:\/\/vidmg.photobucket.com\/albums\/v612\/iwer\/20091016040.flv\" \/><param name=\"wmode\" value=\"transparent\" \/><param name=\"allowfullscreen\" value=\"true\" \/><\/object><\/p>\n<p>J\u00e4ttekul, verkligen, att allting som kostar pengar h\u00e4nder allt p\u00e5 samma g\u00e5ng. Fias dator \u00e4r s\u00f6nder och lagningen omfattas visst inte av garantin, utan av elevens hemf\u00f6rs\u00e4kring. Vilket i praktiken inneb\u00e4r att mamma f\u00e5r betala sis\u00e5d\u00e4r en 1500 sp\u00e4nn. Som jag egentligen inte har.<br \/>\nOch nu d\u00e5, s\u00e5 m\u00e5ste jag k\u00f6pa vinterskor\/st\u00f6vlar lite tidigare \u00e4n planerat. *sucka* \u00c5ka till Stockholm \u00e4r egentligen inget som ing\u00e5r i budgeten just nu, men jag SKA \u00e5ka! Det hela f\u00e5r l\u00f6sa sig p\u00e5 n\u00e5t s\u00e4tt&#8230;<\/p>\n<p>Ig\u00e5r kv\u00e4ll n\u00e4r jag just t\u00e4nkte sl\u00e4cka ner datorn och g\u00e5 och l\u00e4gga mig, skrev <a href=\"http:\/\/emmut.blogg.se\/\" target=\"_blank\" rel=\"noopener\">Emma<\/a> p\u00e5 FB att nu blir det snart en \u00e4rbar kvinna av henne. S\u00e5 grattis\u00a0till f\u00f6rlovningen, Emma och Silvio!<\/p>\n","protected":false},"excerpt":{"rendered":"<p>Vaknade f\u00f6rsta g\u00e5ngen av att Robin sa &#8221;hej d\u00e5 nu g\u00e5r jag till skolan&#8221;, vaknade andra g\u00e5ngen av att Fia hojtar &#8221;j\u00e4vla skit&#8221;. N\u00e4r jag fr\u00e5gade varf\u00f6r hon gastar svarade hon &#8221;det sn\u00f6ar&#8221;. S\u00e5 det var bara att traska upp och titta p\u00e5 el\u00e4ndet. K\u00e4nns helt sjukt att det sn\u00f6ar i mitten av Oktober. Det&#8230;<\/p>\n","protected":false},"author":1,"featured_media":0,"comment_status":"open","ping_status":"open","sticky":false,"template":"","format":"standard","meta":{"jetpack_post_was_ever_published":false,"_jetpack_newsletter_access":"","_jetpack_dont_email_post_to_subs":false,"_jetpack_newsletter_tier_id":0,"_jetpack_memberships_contains_paywalled_content":false,"_jetpack_memberships_contains_paid_content":false,"footnotes":"","jetpack_publicize_message":"","jetpack_publicize_feature_enabled":true,"jetpack_social_post_already_shared":false,"jetpack_social_options":{"image_generator_settings":{"template":"highway","default_image_id":0,"font":"","enabled":false},"version":2}},"categories":[47],"tags":[],"class_list":["post-1150","post","type-post","status-publish","format-standard","hentry","category-vardagsliv"],"jetpack_publicize_connections":[],"jetpack_featured_media_url":"","jetpack_shortlink":"https:\/\/wp.me\/p3qko4-iy","jetpack_sharing_enabled":true,"jetpack_likes_enabled":true,"jetpack-related-posts":[{"id":165,"url":"https:\/\/blogg.fumei.se\/?p=165","url_meta":{"origin":1150,"position":0},"title":"D\u00e5 var det dags igen&#8230;","author":"M :)","date":"2010-11-09","format":false,"excerpt":"N\u00e5gon g\u00e5ng efter midnatt inatt b\u00f6rjade det sn\u00f6a, och det sn\u00f6ar fortfarande. F\u00f6r en g\u00e5ngs skull hade v\u00e4derleksrapporten r\u00e4tt! I dag p\u00e5 morgonen vaknade jag till det h\u00e4r: ...och Robin undrade lite f\u00f6rsiktigt om jag fortfarande skulle iv\u00e4g och jobba idag. Han tvivlar p\u00e5 att t\u00e5gen k\u00f6r n\u00e4r det \u00e4r\u2026","rel":"","context":"I \u201dVardagsliv\u201d","block_context":{"text":"Vardagsliv","link":"https:\/\/blogg.fumei.se\/?cat=47"},"img":{"alt_text":"","src":"","width":0,"height":0},"classes":[]},{"id":291,"url":"https:\/\/blogg.fumei.se\/?p=291","url_meta":{"origin":1150,"position":1},"title":"Jaha ja&#8230;","author":"EmEff","date":"2010-02-20","format":false,"excerpt":"Jag skulle ju jobba inatt. Tror ni det blir s\u00e5? Nej. F\u00f6r det sn\u00f6ar. Som fan. T\u00e5g och bussar \u00e4r inst\u00e4llda, folk f\u00e5r gr\u00e4va sig ut ur sina hus och kan knappt, om ens alls, ta sig till sina jobb eller annat de bokat in. Sverige st\u00e5r helt enkelt stilla.\u2026","rel":"","context":"I \u201dVardagsliv\u201d","block_context":{"text":"Vardagsliv","link":"https:\/\/blogg.fumei.se\/?cat=47"},"img":{"alt_text":"","src":"","width":0,"height":0},"classes":[]},{"id":838,"url":"https:\/\/blogg.fumei.se\/?p=838","url_meta":{"origin":1150,"position":2},"title":"Melodifestival och sn\u00f6yra","author":"M :)","date":"2009-02-21","format":false,"excerpt":"Ikv\u00e4ll var det dags f\u00f6r tredje delfinalen av melodifestivalen. jag t\u00e4nkte redan innan att det blir nog BWO och EMD som g\u00e5r vidare till finalen, och kanske Rickfors till andra chansen p\u00e5 gamla meriter, men sen visste jag inte riktigt vem jag ville skicka med honom till andra chansen. Om\u2026","rel":"","context":"I \u201dVardagsliv\u201d","block_context":{"text":"Vardagsliv","link":"https:\/\/blogg.fumei.se\/?cat=47"},"img":{"alt_text":"","src":"","width":0,"height":0},"classes":[]},{"id":2901,"url":"https:\/\/blogg.fumei.se\/?p=2901","url_meta":{"origin":1150,"position":3},"title":"Lagom lat helg","author":"M :)","date":"2013-01-14","format":false,"excerpt":"Det har blivit lite f\u00f6r mycket jobb och lite f\u00f6r lite vila de senaste m\u00e5naderna, och det har kommit ikapp mig nu, s\u00e5 f\u00f6rra veckan var det mycket mindre roligt \u00e4n vanligt att kliva upp klockan tjugo \u00f6ver fyra p\u00e5 morgonen. I torsdags var jag dessutom s\u00e5 tr\u00f6tt att jag\u2026","rel":"","context":"I \u201dVardagsliv\u201d","block_context":{"text":"Vardagsliv","link":"https:\/\/blogg.fumei.se\/?cat=47"},"img":{"alt_text":"","src":"","width":0,"height":0},"classes":[]},{"id":1134,"url":"https:\/\/blogg.fumei.se\/?p=1134","url_meta":{"origin":1150,"position":4},"title":"Jobba, jobba, jobba&#8230;","author":"M :)","date":"2009-09-05","format":false,"excerpt":"Ja det k\u00e4nns som om jag inte g\u00f6r mycket annat \u00e4n jobbar. Men f\u00f6rhoppningsvis v\u00e4ger de extrapass jag jobbat den h\u00e4r veckan upp f\u00f6r sjukskrivningen f\u00f6rra veckan, s\u00e5 att jag inte f\u00f6rlorar alldeles f\u00f6r mycket p\u00e5 det. Nu \u00e4r jag i alla fall ledig. L\u00e5nghelg. L\u00f6rdag, S\u00f6ndag och M\u00e5ndag. Fast\u2026","rel":"","context":"I \u201dVardagsliv\u201d","block_context":{"text":"Vardagsliv","link":"https:\/\/blogg.fumei.se\/?cat=47"},"img":{"alt_text":"","src":"","width":0,"height":0},"classes":[]},{"id":1178,"url":"https:\/\/blogg.fumei.se\/?p=1178","url_meta":{"origin":1150,"position":5},"title":"Viljan \u00e4r stor&#8230;","author":"M :)","date":"2009-10-03","format":false,"excerpt":"men ibland blir det helt enkelt inte av att man f\u00e5r gjort vissa saker man f\u00f6resatt sig. Idag hade jag tex t\u00e4nkt st\u00e4da ordentligt h\u00e4r hemma, f\u00f6r att sen laga en god l\u00f6rdagsmiddag \u00e5t mig och barnen, och sedan avsluta dagen med f\u00f6rhoppningsvis lite MSN och kanske tom en film.\u2026","rel":"","context":"I \u201dVardagsliv\u201d","block_context":{"text":"Vardagsliv","link":"https:\/\/blogg.fumei.se\/?cat=47"},"img":{"alt_text":"","src":"","width":0,"height":0},"classes":[]}],"_links":{"self":[{"href":"https:\/\/blogg.fumei.se\/index.php?rest_route=\/wp\/v2\/posts\/1150","targetHints":{"allow":["GET"]}}],"collection":[{"href":"https:\/\/blogg.fumei.se\/index.php?rest_route=\/wp\/v2\/posts"}],"about":[{"href":"https:\/\/blogg.fumei.se\/index.php?rest_route=\/wp\/v2\/types\/post"}],"author":[{"embeddable":true,"href":"https:\/\/blogg.fumei.se\/index.php?rest_route=\/wp\/v2\/users\/1"}],"replies":[{"embeddable":true,"href":"https:\/\/blogg.fumei.se\/index.php?rest_route=%2Fwp%2Fv2%2Fcomments&post=1150"}],"version-history":[{"count":1,"href":"https:\/\/blogg.fumei.se\/index.php?rest_route=\/wp\/v2\/posts\/1150\/revisions"}],"predecessor-version":[{"id":6627,"href":"https:\/\/blogg.fumei.se\/index.php?rest_route=\/wp\/v2\/posts\/1150\/revisions\/6627"}],"wp:attachment":[{"href":"https:\/\/blogg.fumei.se\/index.php?rest_route=%2Fwp%2Fv2%2Fmedia&parent=1150"}],"wp:term":[{"taxonomy":"category","embeddable":true,"href":"https:\/\/blogg.fumei.se\/index.php?rest_route=%2Fwp%2Fv2%2Fcategories&post=1150"},{"taxonomy":"post_tag","embeddable":true,"href":"https:\/\/blogg.fumei.se\/index.php?rest_route=%2Fwp%2Fv2%2Ftags&post=1150"}],"curies":[{"name":"wp","href":"https:\/\/api.w.org\/{rel}","templated":true}]}}