{"id":1151,"date":"2009-10-14T21:06:13","date_gmt":"2009-10-14T21:06:13","guid":{"rendered":"http:\/\/blogg.fumei.se\/?p=1151"},"modified":"2024-03-24T12:03:42","modified_gmt":"2024-03-24T11:03:42","slug":"najs-prajs","status":"publish","type":"post","link":"https:\/\/blogg.fumei.se\/?p=1151","title":{"rendered":"Najs prajs"},"content":{"rendered":"<p>Japp, det kan man kalla lasagne med sallad och dricka f\u00f6r 59 kronor. Det var n\u00e4mligen vad jag och Nina \u00e5t till lunch ig\u00e5r n\u00e4r vi tr\u00e4ffades i Gbg. Nina hade ju f\u00e5tt ett ryck och k\u00f6pt t\u00e5gbiljetter t.o.r Gbg f\u00f6r sina (n\u00e4stan) sista pengar, bara f\u00f6r att hon ville g\u00f6ra n\u00e5t annat \u00e4n bara sitta hemma i V\u00e4xj\u00f6. Ja ja, alla s\u00e4tt \u00e4r bra utom de d\u00e5liga, heter det ju&#8230;<\/p>\n<p>Vi hade i alla fall en v\u00e4ldigt trevlig eftermiddag med en massa tj\u00f4t, lite tittande i aff\u00e4rer d\u00e4r vi \u00e4nd\u00e5 inte hade r\u00e5d att handla, mera tittande i aff\u00e4rer d\u00e4r vi i vanliga fall har r\u00e5d att handla men inte just ig\u00e5r n\u00e4r vi var lite lagom panka b\u00e5da tv\u00e5. Bla ett antikvariat som vi inte ens gick in i f\u00f6r vi hade nog bara suckat h\u00e4nf\u00f6rt. I skylten stod bla en skinninbunden volym med Shakespeares samlade verk. Den sg lagom gammal och mysig ut. P\u00e5 Lagerhouse hittade vi \u00e4ven <a href=\"http:\/\/www.amazon.co.uk\/Bite-Vampire-Handbook-Miscellany\/dp\/1846272114\" target=\"_blank\" rel=\"noopener\">den h\u00e4r<\/a>.<\/p>\n<p>Sen drack vi kaffe och diskuterade lite till, och jag n\u00e4mnde f\u00f6r Nina att jag aldrig brukar se n\u00e5n jag k\u00e4nner n\u00e4r jag \u00e4r i stan. Tror ni inte att en av mina kollegpr kommer och g\u00e5r f\u00f6rbi med sin dotter d\u00e5? S\u00e5 n\u00e4r vi som b\u00e4st sitter och fnissar \u00e5t det lustiga i den situationen, d\u00e5 traskar mina chefer fram i g\u00e5ngen! N\u00e4r de hade g\u00e5tt h\u00f6ll vi ju p\u00e5 att bryta ihop! Lustigt hur det kan bli, egentligen&#8230;<\/p>\n<p>Nina \u00e5kte hem vid 18-tiden och d\u00e5 gick jag och unders\u00f6kte hur l\u00e5ngt jag kan ta mig fr\u00e5n Floby till J\u00f6nk\u00f6ping p\u00e5 mitt V\u00e4sttrafikkort. Det visade sig att gr\u00e4nsen g\u00e5r i Falk\u00f6ping, s\u00e5 jag m\u00e5ste l\u00f6sa biljett mellan Fkp och Jkp och d\u00e5 blir det inte billigare att resa t\u00e5g den str\u00e4ckan och ta busssen resten av v\u00e4gen till Sthlm, bara smidigare och kortare restid. Men bara det \u00e4r ju v\u00e4rt en del.<\/p>\n<p>P\u00e5 v\u00e4gen hem ringde Fia och storgrinade i lurren. Alex hade gjort slut. S\u00e5 n\u00e4r jag kom hem fick jag tr\u00f6sta f\u00f6rgr\u00e5ten dotter. Efter en stund lugnade hon iofs ner sig och ville vara ensam, s\u00e5 d\u00e5 fick hon ju det.<br \/>\nJag petade i mig lite mat och pratade lite med Robin. Sen plingade det till i MSN&#8230;<\/p>\n","protected":false},"excerpt":{"rendered":"<p>Japp, det kan man kalla lasagne med sallad och dricka f\u00f6r 59 kronor. Det var n\u00e4mligen vad jag och Nina \u00e5t till lunch ig\u00e5r n\u00e4r vi tr\u00e4ffades i Gbg. Nina hade ju f\u00e5tt ett ryck och k\u00f6pt t\u00e5gbiljetter t.o.r Gbg f\u00f6r sina (n\u00e4stan) sista pengar, bara f\u00f6r att hon ville g\u00f6ra n\u00e5t annat \u00e4n bara&#8230;<\/p>\n","protected":false},"author":1,"featured_media":0,"comment_status":"open","ping_status":"open","sticky":false,"template":"","format":"standard","meta":{"jetpack_post_was_ever_published":false,"_jetpack_newsletter_access":"","_jetpack_dont_email_post_to_subs":false,"_jetpack_newsletter_tier_id":0,"_jetpack_memberships_contains_paywalled_content":false,"_jetpack_memberships_contains_paid_content":false,"footnotes":"","jetpack_publicize_message":"","jetpack_publicize_feature_enabled":true,"jetpack_social_post_already_shared":false,"jetpack_social_options":{"image_generator_settings":{"template":"highway","default_image_id":0,"font":"","enabled":false},"version":2}},"categories":[47],"tags":[],"class_list":["post-1151","post","type-post","status-publish","format-standard","hentry","category-vardagsliv"],"jetpack_publicize_connections":[],"jetpack_featured_media_url":"","jetpack_shortlink":"https:\/\/wp.me\/p3qko4-iz","jetpack_sharing_enabled":true,"jetpack_likes_enabled":true,"jetpack-related-posts":[{"id":283,"url":"https:\/\/blogg.fumei.se\/?p=283","url_meta":{"origin":1151,"position":0},"title":"M\u00e5ndag&#8230;","author":"M :)","date":"2010-03-01","format":false,"excerpt":"bara ordet s\u00e4ger en hel del om vad f\u00f6r slags dag det har varit idag.... Det b\u00f6rjade redan ig\u00e5r, n\u00e4r jag var glad och trodde att jag skulle vara ledig idag, men d\u00e5 tittade Robin i almanackan och s\u00e5g att jag jobbar 7-16. Jaha. Upp 4.30 d\u00e5, och ut i\u2026","rel":"","context":"I \u201dVardagsliv\u201d","block_context":{"text":"Vardagsliv","link":"https:\/\/blogg.fumei.se\/?cat=47"},"img":{"alt_text":"","src":"","width":0,"height":0},"classes":[]},{"id":970,"url":"https:\/\/blogg.fumei.se\/?p=970","url_meta":{"origin":1151,"position":1},"title":"*pustar*","author":"M :)","date":"2009-06-27","format":false,"excerpt":"Djisus vad h\u00e4rligt det \u00e4r att det \u00e4r s\u00e5 varmt och sk\u00f6nt och somrigt! Det enda som \u00e4r lite jobbigt \u00e4r n\u00e4r man m\u00e5ste g\u00f6ra anstr\u00e4ngande saker, som att k\u00e5nka sina saker till stationen, eller storhandla...det blir fort svettigt d\u00e5.Idag var sista dagen p\u00e5 mitt f\u00f6rsta bes\u00f6k i V\u00e4xj\u00f6. Vi\u2026","rel":"","context":"I \u201dVardagsliv\u201d","block_context":{"text":"Vardagsliv","link":"https:\/\/blogg.fumei.se\/?cat=47"},"img":{"alt_text":"","src":"","width":0,"height":0},"classes":[]},{"id":977,"url":"https:\/\/blogg.fumei.se\/?p=977","url_meta":{"origin":1151,"position":2},"title":"Ut i vida v\u00e4rlden","author":"M :)","date":"2009-06-22","format":false,"excerpt":"Nja, till V\u00e4xj\u00f6, i alla fall. Inte s\u00e5 l\u00e5ngt bort allts\u00e5, men \u00e4nd\u00e5 har jag aldrig varit d\u00e4r, s\u00e5 det blir en f\u00f6rsta g\u00e5ng f\u00f6r mig. Jag ska h\u00e4lsa p\u00e5 Silvio och Emma och knoddarna n\u00e5gra dagar, och pyssla om dem s\u00e5 de f\u00e5r vila upp sig lite. Passar ju\u2026","rel":"","context":"I \u201dVardagsliv\u201d","block_context":{"text":"Vardagsliv","link":"https:\/\/blogg.fumei.se\/?cat=47"},"img":{"alt_text":"","src":"","width":0,"height":0},"classes":[]},{"id":1183,"url":"https:\/\/blogg.fumei.se\/?p=1183","url_meta":{"origin":1151,"position":3},"title":"Quality time","author":"M :)","date":"2009-11-28","format":false,"excerpt":"Egentid. Bra-att-ha f\u00f6r stressade, heltidsarbetande, ensamst\u00e5ende ton\u00e5rsmorsor. Jag f\u00e5r visserligen lite egentid varje vecka genom lediga dagar n\u00e4r barnen \u00e4r i skolan, men jag utnyttjar dem p\u00e5 fel s\u00e4tt. Jag st\u00e4dar och fixar alla \"m\u00e5sten\" ist\u00e4llet f\u00f6r att bara ta vara p\u00e5 tiden och njuta av att vara ledig och\u2026","rel":"","context":"I \u201dVardagsliv\u201d","block_context":{"text":"Vardagsliv","link":"https:\/\/blogg.fumei.se\/?cat=47"},"img":{"alt_text":"","src":"","width":0,"height":0},"classes":[]},{"id":199,"url":"https:\/\/blogg.fumei.se\/?p=199","url_meta":{"origin":1151,"position":4},"title":"Dagen efter","author":"EmEff","date":"2010-07-13","format":false,"excerpt":"Efter nattjobb. Vad trodde ni? Att jag varit ute och slarvat? N\u00e4h...inte jag, inte. Har inte r\u00e5d med s\u00e5nt. Och n\u00e4r jag har det, s\u00e5 har jag inte tid eller lust. Nej, det handlade om nattsudd av det mer arbetsamma slaget den h\u00e4r g\u00e5ngen. Jag har ju \u00e5tagit mig n\u00e5gra\u2026","rel":"","context":"I \u201dVardagsliv\u201d","block_context":{"text":"Vardagsliv","link":"https:\/\/blogg.fumei.se\/?cat=47"},"img":{"alt_text":"","src":"","width":0,"height":0},"classes":[]},{"id":1056,"url":"https:\/\/blogg.fumei.se\/?p=1056","url_meta":{"origin":1151,"position":5},"title":"Ut p\u00e5 \u00e4ventyr, del 2. (eller Det ska fan vara turist)","author":"M :)","date":"2009-08-25","format":false,"excerpt":"Men nu blev det genast lite lagom stressigt, f\u00f6r Staffan, som hade biljetterna, skulle \u00e5ka hem och h\u00e4mta dem och s\u00e5 skulle vi alla m\u00f6tas vid Siljaterminalen. Tunnelbana \u00e4r smidigt, fast kanske inte n\u00e4r alla i gruppen har med sig 2\u00a0 gigantiska ryggs\u00e4ckar och varsin resv\u00e4ska. Men det gick, och\u2026","rel":"","context":"I \u201dVardagsliv\u201d","block_context":{"text":"Vardagsliv","link":"https:\/\/blogg.fumei.se\/?cat=47"},"img":{"alt_text":"","src":"","width":0,"height":0},"classes":[]}],"_links":{"self":[{"href":"https:\/\/blogg.fumei.se\/index.php?rest_route=\/wp\/v2\/posts\/1151","targetHints":{"allow":["GET"]}}],"collection":[{"href":"https:\/\/blogg.fumei.se\/index.php?rest_route=\/wp\/v2\/posts"}],"about":[{"href":"https:\/\/blogg.fumei.se\/index.php?rest_route=\/wp\/v2\/types\/post"}],"author":[{"embeddable":true,"href":"https:\/\/blogg.fumei.se\/index.php?rest_route=\/wp\/v2\/users\/1"}],"replies":[{"embeddable":true,"href":"https:\/\/blogg.fumei.se\/index.php?rest_route=%2Fwp%2Fv2%2Fcomments&post=1151"}],"version-history":[{"count":1,"href":"https:\/\/blogg.fumei.se\/index.php?rest_route=\/wp\/v2\/posts\/1151\/revisions"}],"predecessor-version":[{"id":6626,"href":"https:\/\/blogg.fumei.se\/index.php?rest_route=\/wp\/v2\/posts\/1151\/revisions\/6626"}],"wp:attachment":[{"href":"https:\/\/blogg.fumei.se\/index.php?rest_route=%2Fwp%2Fv2%2Fmedia&parent=1151"}],"wp:term":[{"taxonomy":"category","embeddable":true,"href":"https:\/\/blogg.fumei.se\/index.php?rest_route=%2Fwp%2Fv2%2Fcategories&post=1151"},{"taxonomy":"post_tag","embeddable":true,"href":"https:\/\/blogg.fumei.se\/index.php?rest_route=%2Fwp%2Fv2%2Ftags&post=1151"}],"curies":[{"name":"wp","href":"https:\/\/api.w.org\/{rel}","templated":true}]}}