{"id":1153,"date":"2009-10-14T20:21:06","date_gmt":"2009-10-14T20:21:06","guid":{"rendered":"http:\/\/blogg.fumei.se\/?p=1153"},"modified":"2009-10-14T20:21:06","modified_gmt":"2009-10-14T20:21:06","slug":"i-beg-to-dream-and-differ-from-the-hollow-lies","status":"publish","type":"post","link":"https:\/\/blogg.fumei.se\/?p=1153","title":{"rendered":"I beg to dream and differ from the hollow lies"},"content":{"rendered":"<p>Jag hade s\u00e5 g\u00e4rna velat vara i Globen i s\u00f6ndags p\u00e5 Green Day-konserten. Av vissa f\u00f6rklarliga sk\u00e4l s\u00e5 vcar jag tvungen att v\u00e4lja mellan Green Day och Muse, och eftersom det \u00e4r roligare att ha s\u00e4llskap med sig p\u00e5 en konsert, och Kerstin g\u00e4rna ville g\u00e5 p\u00e5 Muse, s\u00e5 fick det bli Muse.<br \/>Men n\u00e4r jag l\u00e4ste recensionerna av Green Days konsert i Aftonbladet i m\u00e5ndags, d\u00e5 var det n\u00e4stan s\u00e5 att jag grinade.<br \/>*vill vara rik och kunna g\u00f6ra vad jag vill*<\/p>\n<p><a href=\"http:\/\/www.aftonbladet.se\/nojesbladet\/musik\/recensioner\/article5942523.ab\" target=\"_blank\">Aftonbladets Markus Larsson skrev<\/a> bla:<\/p>\n<p><em>En tr\u00f6tt och 33 \u00e5r gammal rockrecensent med p\u00e5sar under \u00f6gonen g\u00e5r in i Globen. <br \/>N\u00e5gra timmar senare kommer samma person ut som en pigg, piercad och punkig ton\u00e5ring.<br \/>Ja, jag pratar om mig sj\u00e4lv.<br \/>S\u00e5 bra \u00e4r Green Day.<\/p>\n<p><\/em>Bara hur han beskriver min favoritl\u00e5t fr\u00e5n senaste plattan s\u00e4ger hur bra det var:<\/p>\n<p><em><strong>++++<br \/><\/strong><strong>The static age<\/strong><br \/>Som om Springsteens \u201dBorn to run\u201d v\u00e4nt kepsen bak och fram och b\u00f6rjat \u00e5ka skateboard. Ja, numret inneh\u00e5ller en saxofon.<br \/><\/em><\/p>\n<p style=\"text-align: center;\">\n<object classid=\"clsid:d27cdb6e-ae6d-11cf-96b8-444553540000\" width=\"425\" height=\"344\" codebase=\"http:\/\/download.macromedia.com\/pub\/shockwave\/cabs\/flash\/swflash.cab#version=6,0,40,0\"><param name=\"allowFullScreen\" value=\"true\" \/><param name=\"allowscriptaccess\" value=\"always\" \/><param name=\"src\" value=\"http:\/\/www.youtube.com\/v\/UikMF2steMo&amp;hl=sv&amp;fs=1&amp;rel=0\" \/><param name=\"allowfullscreen\" value=\"true\" \/><\/object><\/p>\n","protected":false},"excerpt":{"rendered":"<p>Jag hade s\u00e5 g\u00e4rna velat vara i Globen i s\u00f6ndags p\u00e5 Green Day-konserten. Av vissa f\u00f6rklarliga sk\u00e4l s\u00e5 vcar jag tvungen att v\u00e4lja mellan Green Day och Muse, och eftersom det \u00e4r roligare att ha s\u00e4llskap med sig p\u00e5 en konsert, och Kerstin g\u00e4rna ville g\u00e5 p\u00e5 Muse, s\u00e5 fick det bli Muse.Men n\u00e4r jag&#8230;<\/p>\n","protected":false},"author":1,"featured_media":0,"comment_status":"open","ping_status":"open","sticky":false,"template":"","format":"standard","meta":{"jetpack_post_was_ever_published":false,"_jetpack_newsletter_access":"","_jetpack_dont_email_post_to_subs":false,"_jetpack_newsletter_tier_id":0,"_jetpack_memberships_contains_paywalled_content":false,"_jetpack_memberships_contains_paid_content":false,"footnotes":"","jetpack_publicize_message":"","jetpack_publicize_feature_enabled":true,"jetpack_social_post_already_shared":false,"jetpack_social_options":{"image_generator_settings":{"template":"highway","default_image_id":0,"font":"","enabled":false},"version":2}},"categories":[47],"tags":[],"class_list":["post-1153","post","type-post","status-publish","format-standard","hentry","category-vardagsliv"],"jetpack_publicize_connections":[],"jetpack_featured_media_url":"","jetpack_shortlink":"https:\/\/wp.me\/p3qko4-iB","jetpack_sharing_enabled":true,"jetpack_likes_enabled":true,"jetpack-related-posts":[{"id":1007,"url":"https:\/\/blogg.fumei.se\/?p=1007","url_meta":{"origin":1153,"position":0},"title":"Det \u00e4r v\u00e4l sj\u00e4lva fan","author":"M :)","date":"2009-06-02","format":false,"excerpt":"att de band jag vill se live alltid spelar bara i Stockholm n\u00e4r de spelar i Sverige. Jag har ju lite sv\u00e5rt att g\u00e5 p\u00e5 konsert i huvudstaden, f\u00f6r det \u00e4r ju inte bara en biljett till sj\u00e4lva spelningen som beh\u00f6vs. nej man m\u00e5ste fixa resa t.o.r och g\u00e4rna n\u00e5nstans\u2026","rel":"","context":"I \u201dVardagsliv\u201d","block_context":{"text":"Vardagsliv","link":"https:\/\/blogg.fumei.se\/?cat=47"},"img":{"alt_text":"","src":"","width":0,"height":0},"classes":[]},{"id":4133,"url":"https:\/\/blogg.fumei.se\/?p=4133","url_meta":{"origin":1153,"position":1},"title":"Man kan kl\u00e4mma in mycket p\u00e5 en helg&#8230;","author":"M :)","date":"2017-02-05","format":false,"excerpt":"Fredag 27 Januari \u00e5kte jag till Stockholm med Maria\u00a0f\u00f6r konsert med Green Day. D\u00e4r m\u00f6tte vi upp Linda och Anna\u00a0som \u00e5kt upp dagen innan. Efter att vi checkat in p\u00e5 hotellet (uppgraderade blev vi ocks\u00e5!) gick vi en sv\u00e4ng runt Norrmalm och kikade, fikade och tog en \u00f6l. Tillbaka p\u00e5\u2026","rel":"","context":"I \u201dVardagsliv\u201d","block_context":{"text":"Vardagsliv","link":"https:\/\/blogg.fumei.se\/?cat=47"},"img":{"alt_text":"","src":"https:\/\/i0.wp.com\/blogg.fumei.se\/wp-content\/uploads\/2017\/02\/31015.jpg?resize=350%2C200","width":350,"height":200},"classes":[]},{"id":4403,"url":"https:\/\/blogg.fumei.se\/?p=4403","url_meta":{"origin":1153,"position":2},"title":"Ute blev inne","author":"M :)","date":"2017-06-22","format":false,"excerpt":"Ig\u00e5r var jag p\u00e5 konsert. Green Day spelade i Scandinavium med Rancid som f\u00f6rband. Fr\u00e5n b\u00f6rjan skulle de ha spelat p\u00e5 Slottskogsvallen, men fick flytta inomhus pga att de inte skulle hinna spela klart innan det enligt f\u00f6rordningarna som g\u00e4ller f\u00f6r omr\u00e5det. Det hade s\u00e4kert varit en upplevelse att f\u00e5\u2026","rel":"","context":"I \u201dMusik\u201d","block_context":{"text":"Musik","link":"https:\/\/blogg.fumei.se\/?cat=48"},"img":{"alt_text":"","src":"https:\/\/i0.wp.com\/blogg.fumei.se\/wp-content\/uploads\/2018\/01\/received_10155463740748928.jpeg?resize=350%2C200","width":350,"height":200,"srcset":"https:\/\/i0.wp.com\/blogg.fumei.se\/wp-content\/uploads\/2018\/01\/received_10155463740748928.jpeg?resize=350%2C200 1x, https:\/\/i0.wp.com\/blogg.fumei.se\/wp-content\/uploads\/2018\/01\/received_10155463740748928.jpeg?resize=525%2C300 1.5x, https:\/\/i0.wp.com\/blogg.fumei.se\/wp-content\/uploads\/2018\/01\/received_10155463740748928.jpeg?resize=700%2C400 2x, https:\/\/i0.wp.com\/blogg.fumei.se\/wp-content\/uploads\/2018\/01\/received_10155463740748928.jpeg?resize=1050%2C600 3x"},"classes":[]},{"id":217,"url":"https:\/\/blogg.fumei.se\/?p=217","url_meta":{"origin":1153,"position":3},"title":"En slags recension. Typ.","author":"EmEff","date":"2010-06-08","format":false,"excerpt":"L\u00f6jligt bra. S\u00e5 kan man sammanfatta l\u00f6rdagskv\u00e4llens konsert med Green Day p\u00e5 Ullevi. Kerstin och jag studsade, sj\u00f6ng och klappade i drygt tv\u00e5 och en halv timma, och d\u00e5 har jag inte r\u00e4knat med f\u00f6rbanden. Johnossi gick p\u00e5 lite f\u00f6rsenade, men gjorde bra ifr\u00e5n sig. Jag har inte lyssnat s\u00e5\u2026","rel":"","context":"I \u201dVardagsliv\u201d","block_context":{"text":"Vardagsliv","link":"https:\/\/blogg.fumei.se\/?cat=47"},"img":{"alt_text":"","src":"https:\/\/i0.wp.com\/img.youtube.com\/vi\/4hBZ7F7G8Bc\/0.jpg?resize=350%2C200","width":350,"height":200},"classes":[]},{"id":1047,"url":"https:\/\/blogg.fumei.se\/?p=1047","url_meta":{"origin":1153,"position":4},"title":"Tjejsnack vecka 36","author":"M :)","date":"2009-08-30","format":false,"excerpt":"Vill du ocks\u00e5 vara med? Du hittar Tjejsnack h\u00e4r. Musik 1. Vad lyssnade\/lyssnar du p\u00e5 i ton\u00e5ren?Gawd det \u00e4r ju s\u00e5 l\u00e4ngesen! Jag tror att jag lyssnade p\u00e5 samma saker d\u00e5 som nu, tex Bon Jovi, Aerosmith, Mellencamp och Europe. Jag lyssnade \u00e4ven p\u00e5 pop som Duran Duran och Wham.2.\u2026","rel":"","context":"I \u201dVardagsliv\u201d","block_context":{"text":"Vardagsliv","link":"https:\/\/blogg.fumei.se\/?cat=47"},"img":{"alt_text":"","src":"","width":0,"height":0},"classes":[]},{"id":1142,"url":"https:\/\/blogg.fumei.se\/?p=1142","url_meta":{"origin":1153,"position":5},"title":"En musikalisk resa. Eller; Den musikaliska delen av resan, om man s\u00e5 vill.","author":"M :)","date":"2009-10-30","format":false,"excerpt":"Muse. Ett band som jag genom \u00e5ren h\u00f6rt enstaka l\u00e5tar av och med, men som inte fastnat. Tills f\u00f6r sis\u00e5d\u00e4r ett \u00e5r sedan. Jag \u00e4r allts\u00e5 ett nytt fan, och d\u00e4rmed hatad och avskydd av alla \"\u00e4kta\" Muse-fans v\u00e4rlden \u00f6ver. F\u00f6r ett \u00e5r sedan kom filmen Twilight, och med den\u2026","rel":"","context":"I \u201dVardagsliv\u201d","block_context":{"text":"Vardagsliv","link":"https:\/\/blogg.fumei.se\/?cat=47"},"img":{"alt_text":"","src":"","width":0,"height":0},"classes":[]}],"_links":{"self":[{"href":"https:\/\/blogg.fumei.se\/index.php?rest_route=\/wp\/v2\/posts\/1153","targetHints":{"allow":["GET"]}}],"collection":[{"href":"https:\/\/blogg.fumei.se\/index.php?rest_route=\/wp\/v2\/posts"}],"about":[{"href":"https:\/\/blogg.fumei.se\/index.php?rest_route=\/wp\/v2\/types\/post"}],"author":[{"embeddable":true,"href":"https:\/\/blogg.fumei.se\/index.php?rest_route=\/wp\/v2\/users\/1"}],"replies":[{"embeddable":true,"href":"https:\/\/blogg.fumei.se\/index.php?rest_route=%2Fwp%2Fv2%2Fcomments&post=1153"}],"version-history":[{"count":0,"href":"https:\/\/blogg.fumei.se\/index.php?rest_route=\/wp\/v2\/posts\/1153\/revisions"}],"wp:attachment":[{"href":"https:\/\/blogg.fumei.se\/index.php?rest_route=%2Fwp%2Fv2%2Fmedia&parent=1153"}],"wp:term":[{"taxonomy":"category","embeddable":true,"href":"https:\/\/blogg.fumei.se\/index.php?rest_route=%2Fwp%2Fv2%2Fcategories&post=1153"},{"taxonomy":"post_tag","embeddable":true,"href":"https:\/\/blogg.fumei.se\/index.php?rest_route=%2Fwp%2Fv2%2Ftags&post=1153"}],"curies":[{"name":"wp","href":"https:\/\/api.w.org\/{rel}","templated":true}]}}