{"id":1155,"date":"2009-10-12T20:23:38","date_gmt":"2009-10-12T20:23:38","guid":{"rendered":"http:\/\/blogg.fumei.se\/?p=1155"},"modified":"2009-10-12T20:23:38","modified_gmt":"2009-10-12T20:23:38","slug":"idag-har-polisen-varit-har","status":"publish","type":"post","link":"https:\/\/blogg.fumei.se\/?p=1155","title":{"rendered":"Idag har polisen varit h\u00e4r."},"content":{"rendered":"<p>Eller inte <em>h\u00e4r<\/em>, h\u00e4r, men i huset. De kom vid 9-tiden i morse och klampade uppf\u00f6r alla trapporna och ringde p\u00e5 hos killen som bor ovanf\u00f6r mig. Han som jag har sett typ 2 g\u00e5nger sen jag flyttade in i April, och som verkar vara ett riktigt &#8221;nattdjur&#8221;, f\u00f6r han b\u00f6rjar r\u00f6ra p\u00e5 sig i l\u00e4genheten vid 22-tiden p\u00e5 kv\u00e4llarna. D\u00e5 duschar han och trampar omkring med skor inomhus och grejar med b\u00e5de det ena och det tredje, som att flytta saker som \u00e4r lite f\u00f6r tunga f\u00f6r att man ska kunna lyfta dem, tex.<br \/>Anyway, det var inte f\u00f6rsta g\u00e5ngen polisen var h\u00e4r och s\u00f6kte honom. De var h\u00e4r minst 2 g\u00e5nger f\u00f6rra veckan ocks\u00e5, men han \u00e4r antingen inte hemma p\u00e5 riktigt, eller s\u00e5 v\u00e4grar han bara att \u00f6ppna. <br \/>K\u00e4nns lite som att han \u00e4r en av de skummisar som hyresv\u00e4rden och grannsamverkan vill f\u00e5 bort f\u00f6r att det p\u00e5g\u00e5r handel med droger och med alkohol till minder\u00e5riga d\u00e4r. Som tur \u00e4r s\u00e5 har jag inte sett, eller h\u00f6rt, n\u00e5got i den v\u00e4gen, och inte barnen heller, f\u00f6r det hade de ber\u00e4ttat f\u00f6r mig, s\u00e5pass k\u00e4nner jag mina barn.<\/p>\n<p>Forts\u00e4ttning l\u00e4r v\u00e4l f\u00f6lja&#8230;<\/p>\n","protected":false},"excerpt":{"rendered":"<p>Eller inte h\u00e4r, h\u00e4r, men i huset. De kom vid 9-tiden i morse och klampade uppf\u00f6r alla trapporna och ringde p\u00e5 hos killen som bor ovanf\u00f6r mig. Han som jag har sett typ 2 g\u00e5nger sen jag flyttade in i April, och som verkar vara ett riktigt &#8221;nattdjur&#8221;, f\u00f6r han b\u00f6rjar r\u00f6ra p\u00e5 sig i&#8230;<\/p>\n","protected":false},"author":1,"featured_media":0,"comment_status":"open","ping_status":"open","sticky":false,"template":"","format":"standard","meta":{"jetpack_post_was_ever_published":false,"_jetpack_newsletter_access":"","_jetpack_dont_email_post_to_subs":false,"_jetpack_newsletter_tier_id":0,"_jetpack_memberships_contains_paywalled_content":false,"_jetpack_memberships_contains_paid_content":false,"footnotes":"","jetpack_publicize_message":"","jetpack_publicize_feature_enabled":true,"jetpack_social_post_already_shared":false,"jetpack_social_options":{"image_generator_settings":{"template":"highway","default_image_id":0,"font":"","enabled":false},"version":2}},"categories":[47],"tags":[],"class_list":["post-1155","post","type-post","status-publish","format-standard","hentry","category-vardagsliv"],"jetpack_publicize_connections":[],"jetpack_featured_media_url":"","jetpack_shortlink":"https:\/\/wp.me\/p3qko4-iD","jetpack_sharing_enabled":true,"jetpack_likes_enabled":true,"jetpack-related-posts":[{"id":885,"url":"https:\/\/blogg.fumei.se\/?p=885","url_meta":{"origin":1155,"position":0},"title":"L\u00e4nge sen sist.","author":"M :)","date":"2009-03-01","format":false,"excerpt":"Nu var det \u00e5terigen ett l\u00e5ngt glapp mellan inl\u00e4ggen h\u00e4r. Det har varit en sp\u00e4ckad vecka med massor att g\u00f6ra p\u00e5 jobbet och \u00e4ven hemma har jag haft fullt upp med att rensa, sortera och f\u00f6rs\u00f6ka packa lite. Men lite annat har jag hunnit med, b\u00e5de roligt och mindre roligt.\u2026","rel":"","context":"I \u201dVardagsliv\u201d","block_context":{"text":"Vardagsliv","link":"https:\/\/blogg.fumei.se\/?cat=47"},"img":{"alt_text":"","src":"","width":0,"height":0},"classes":[]},{"id":3124,"url":"https:\/\/blogg.fumei.se\/?p=3124","url_meta":{"origin":1155,"position":1},"title":"Ska man skratta eller gr\u00e5ta?","author":"M :)","date":"2013-09-15","format":false,"excerpt":"Numera \u00e4r jag ju student, och fattig s\u00e5dan dessutom. Men kursb\u00f6cker m\u00e5ste man ju \u00e4nd\u00e5 ha f\u00f6r \u00e4nd\u00e5 att kunna plugga, s\u00e5 jag lade ut en annons p\u00e5 Blocket med en lista p\u00e5 de b\u00f6cker jag ville k\u00f6pa. Jag fick ett par snabba svar, och valde ut en som beg\u00e4rde\u2026","rel":"","context":"I \u201dVardagsliv\u201d","block_context":{"text":"Vardagsliv","link":"https:\/\/blogg.fumei.se\/?cat=47"},"img":{"alt_text":"","src":"","width":0,"height":0},"classes":[]},{"id":36,"url":"https:\/\/blogg.fumei.se\/?p=36","url_meta":{"origin":1155,"position":2},"title":"Tr\u00f6tt och sliten","author":"M :)","date":"2011-06-01","format":false,"excerpt":"De senaste tv\u00e5 velckorna\u00a0har jag inte bara jobbat med mitt \"vanliga\" jobb, jag har \u00e4ven - tillsammans med en kollega - gjort om i f\u00f6rr\u00e5dsutrymmena p\u00e5 jobbet. Vi har lyft, burit, sl\u00e4pat, h\u00e4ngt upp, flyttat och fixat, och\u00a0nu ser det s\u00e5 fint och \u00f6versk\u00e5dligt ut och\u00a0saker och ting har sin\u2026","rel":"","context":"I \u201dVardagsliv\u201d","block_context":{"text":"Vardagsliv","link":"https:\/\/blogg.fumei.se\/?cat=47"},"img":{"alt_text":"","src":"","width":0,"height":0},"classes":[]},{"id":692,"url":"https:\/\/blogg.fumei.se\/?p=692","url_meta":{"origin":1155,"position":3},"title":"Fullt p\u00e5drag","author":"M :)","date":"2008-11-07","format":false,"excerpt":"Eller det var det kanske inte, men vi hade lite aktivitet utanf\u00f6r sjukhuset ikv\u00e4ll. Det kom ett par bilar k\u00f6rande i ordentlig fart, bromsade in utanf\u00f6r ambulansintaget till f\u00f6rlossningen och s\u00e5 h\u00f6rde vi n\u00e5gon som ropade att vi skulle ringa polisen. S\u00e5 en av barnmorskorna ringde medan vi andra f\u00f6rs\u00f6kte\u2026","rel":"","context":"I \u201dVardagsliv\u201d","block_context":{"text":"Vardagsliv","link":"https:\/\/blogg.fumei.se\/?cat=47"},"img":{"alt_text":"","src":"","width":0,"height":0},"classes":[]},{"id":1234,"url":"https:\/\/blogg.fumei.se\/?p=1234","url_meta":{"origin":1155,"position":4},"title":"Tjej&#038;Killsnack vecka 3","author":"M :)","date":"2010-01-18","format":false,"excerpt":"Vill du ocks\u00e5 vara med? Du hittar Tjej&Killsnack h\u00e4r. Senaste g\u00e5ngen1. N\u00e4r var du p\u00e5 bio senast & s\u00e5g vad?Det var den 20e November 2009, n\u00e4r jag och Magda var p\u00e5 premi\u00e4ren av New Moon. Det var vi och 350 skrikande ton\u00e5rstjejer i salongen. L\u00e4tt jobbigt, men jag \u00e4r lite\u2026","rel":"","context":"I \u201dVardagsliv\u201d","block_context":{"text":"Vardagsliv","link":"https:\/\/blogg.fumei.se\/?cat=47"},"img":{"alt_text":"","src":"","width":0,"height":0},"classes":[]},{"id":870,"url":"https:\/\/blogg.fumei.se\/?p=870","url_meta":{"origin":1155,"position":5},"title":"Hem ljuva hem","author":"M :)","date":"2009-03-25","format":false,"excerpt":"Nu har vi flyttat. Eller s\u00e5 gott som, i alla fall. Inatt sover vi f\u00f6r f\u00f6rsta g\u00e5ngen i v\u00e5r nya l\u00e4genhet. Visserligen p\u00e5 madrasser p\u00e5 golvet, men \u00e4nd\u00e5.Vi har flyttat hit alla kl\u00e4der och s\u00e5 gott som alla sm\u00e5prylar och k\u00f6ksartiklar, s\u00e5 nu \u00e4r det mest bara m\u00f6bler och st\u00f6rre\u2026","rel":"","context":"I \u201dVardagsliv\u201d","block_context":{"text":"Vardagsliv","link":"https:\/\/blogg.fumei.se\/?cat=47"},"img":{"alt_text":"","src":"","width":0,"height":0},"classes":[]}],"_links":{"self":[{"href":"https:\/\/blogg.fumei.se\/index.php?rest_route=\/wp\/v2\/posts\/1155","targetHints":{"allow":["GET"]}}],"collection":[{"href":"https:\/\/blogg.fumei.se\/index.php?rest_route=\/wp\/v2\/posts"}],"about":[{"href":"https:\/\/blogg.fumei.se\/index.php?rest_route=\/wp\/v2\/types\/post"}],"author":[{"embeddable":true,"href":"https:\/\/blogg.fumei.se\/index.php?rest_route=\/wp\/v2\/users\/1"}],"replies":[{"embeddable":true,"href":"https:\/\/blogg.fumei.se\/index.php?rest_route=%2Fwp%2Fv2%2Fcomments&post=1155"}],"version-history":[{"count":0,"href":"https:\/\/blogg.fumei.se\/index.php?rest_route=\/wp\/v2\/posts\/1155\/revisions"}],"wp:attachment":[{"href":"https:\/\/blogg.fumei.se\/index.php?rest_route=%2Fwp%2Fv2%2Fmedia&parent=1155"}],"wp:term":[{"taxonomy":"category","embeddable":true,"href":"https:\/\/blogg.fumei.se\/index.php?rest_route=%2Fwp%2Fv2%2Fcategories&post=1155"},{"taxonomy":"post_tag","embeddable":true,"href":"https:\/\/blogg.fumei.se\/index.php?rest_route=%2Fwp%2Fv2%2Ftags&post=1155"}],"curies":[{"name":"wp","href":"https:\/\/api.w.org\/{rel}","templated":true}]}}