{"id":1157,"date":"2009-10-11T19:27:45","date_gmt":"2009-10-11T19:27:45","guid":{"rendered":"http:\/\/blogg.fumei.se\/?p=1157"},"modified":"2024-03-24T11:57:28","modified_gmt":"2024-03-24T10:57:28","slug":"tjejsnack-vecka-42","status":"publish","type":"post","link":"https:\/\/blogg.fumei.se\/?p=1157","title":{"rendered":"Tjejsnack vecka 42"},"content":{"rendered":"<p>Vill du ocks\u00e5 vara med? Du hittar Tjejsnack <a href=\"http:\/\/mlilja.net\/tjejsnack\/\" target=\"_blank\" rel=\"noopener\">h\u00e4r<\/a>.<\/p>\n<p><strong><span style=\"text-decoration: underline;\">F\u00f6rv\u00e4ntan<\/span><\/strong><\/p>\n<p><strong>1. Vad v\u00e4ntade du senast p\u00e5?<\/strong><br \/>\nAtt jag skulle f\u00e5 tillbaka min laptop efter att dottern l\u00e5nat den. Hennes \u00e4r p\u00e5 lagning s\u00e5 hon f\u00e5r kolla sin mail och lite s\u00e5nt en timme om dagen fr\u00e5n min tills vidare.<\/p>\n<p><strong>2. Vad ser du fram emot just nu?<\/strong><br \/>\nFlera saker, faktiskt. F\u00f6rst och fr\u00e4mst mot att f\u00e5 krypa ner i s\u00e4ngen ikv\u00e4ll och se p\u00e5 film, d\u00e4refter mot en trevlig chatstund p\u00e5 MSN imorgon kv\u00e4ll (eller kanske tom ikv\u00e4ll ist\u00e4llet f\u00f6r film).<br \/>\nAtt tr\u00e4ffa Nina i G\u00f6teborg p\u00e5 tisdag och kanske tom hinna med att tr\u00e4ffa Sylwia p\u00e5 eftermiddagen. P\u00e5 l\u00e4ngre sikt ser jag fram emot att Mmigrationsverket ska nicka och le och s\u00e4ga vars\u00e5god och godk\u00e4nna alla papper som jag och J skickar in, s\u00e5 att han snart kan f\u00e5 komma tillbaka till mig. \u2665<br \/>\nJag ser dessutom fram emot att f\u00e5 g\u00e5 tillbaka till jobbet p\u00e5 onsdag efter att ha varit hemma och sjuk i n\u00e4stan en vecka.<\/p>\n<p><strong>3. Vem l\u00e4ngtar du efter?<br \/>\n<\/strong>Ja, det var v\u00e4l en sv\u00e5r fr\u00e5ga!? Kan det vara den d\u00e4r mannen som befinner sig (n\u00e4stan) p\u00e5 andra sidan jorden, tro?! \u2665<\/p>\n<p><strong>4. Vad saknar du?<br \/>\n<\/strong>J, s\u00e5klart. Pengar, alltid pengar. Och ett k\u00f6rkort skulle inte sitta fel (fast det g\u00e5r att avhj\u00e4lpa med pengar, f\u00f6rst\u00e5s).<\/p>\n<p><strong>5. Vad gjorde du f\u00f6rra veckan?<\/strong><br \/>\nJobbade, pratade v\u00e4ldigt l\u00e4nge i telefon med Sylwia, b\u00f6rjade fylla i alla blanketter till migrationsverket, var till V\u00e5C och fick konstaterat UVI och h\u00e4mtade ut antibiotika, sov, sov &amp; sov, s\u00e5g f\u00e4rdigt s\u00e4song 1 av Moonlight. \u00c5kte t\u00e5g \u00e4r underf\u00f6rst\u00e5tt om jag s\u00e4ger att jag har jobbat&#8230;<\/p>\n","protected":false},"excerpt":{"rendered":"<p>Vill du ocks\u00e5 vara med? Du hittar Tjejsnack h\u00e4r. F\u00f6rv\u00e4ntan 1. Vad v\u00e4ntade du senast p\u00e5? Att jag skulle f\u00e5 tillbaka min laptop efter att dottern l\u00e5nat den. Hennes \u00e4r p\u00e5 lagning s\u00e5 hon f\u00e5r kolla sin mail och lite s\u00e5nt en timme om dagen fr\u00e5n min tills vidare. 2. Vad ser du fram emot&#8230;<\/p>\n","protected":false},"author":1,"featured_media":0,"comment_status":"open","ping_status":"open","sticky":false,"template":"","format":"standard","meta":{"jetpack_post_was_ever_published":false,"_jetpack_newsletter_access":"","_jetpack_dont_email_post_to_subs":false,"_jetpack_newsletter_tier_id":0,"_jetpack_memberships_contains_paywalled_content":false,"_jetpack_memberships_contains_paid_content":false,"footnotes":"","jetpack_publicize_message":"","jetpack_publicize_feature_enabled":true,"jetpack_social_post_already_shared":false,"jetpack_social_options":{"image_generator_settings":{"template":"highway","default_image_id":0,"font":"","enabled":false},"version":2}},"categories":[47],"tags":[],"class_list":["post-1157","post","type-post","status-publish","format-standard","hentry","category-vardagsliv"],"jetpack_publicize_connections":[],"jetpack_featured_media_url":"","jetpack_shortlink":"https:\/\/wp.me\/p3qko4-iF","jetpack_sharing_enabled":true,"jetpack_likes_enabled":true,"jetpack-related-posts":[{"id":175,"url":"https:\/\/blogg.fumei.se\/?p=175","url_meta":{"origin":1157,"position":0},"title":"Inrutat i rutan","author":"M :)","date":"2010-10-11","format":false,"excerpt":"S\u00e5 h\u00e4r p\u00e5 h\u00f6stkanten \u00e4r det ganska mysigt att krypa upp i soffan och se ett bra program eller en bra film p\u00e5 tv. M\u00e5nga serier b\u00f6rjar ju eller har s\u00e4songspremi\u00e4r vid det h\u00e4r laget ocks\u00e5. S\u00e5 \u00e4ven Vampire Diaries. \u00c4ntligen!P\u00e5 torsdag startar det och i jag kommer att sitta\u2026","rel":"","context":"I \u201dVardagsliv\u201d","block_context":{"text":"Vardagsliv","link":"https:\/\/blogg.fumei.se\/?cat=47"},"img":{"alt_text":"","src":"","width":0,"height":0},"classes":[]},{"id":2215,"url":"https:\/\/blogg.fumei.se\/?p=2215","url_meta":{"origin":1157,"position":1},"title":"Filmrecension: Breaking Dawn, del 1","author":"M :)","date":"2012-03-20","format":false,"excerpt":"\u00c4ntligen har jag f\u00e5tt tummen ur och sett Breaking Dawn! Det tog ju \"bara\" 4 m\u00e5nader, men b\u00e4ttre sent \u00e4n aldrig. Jag s\u00e5g den i alla fall innan del 2 kommer. Nu n\u00e4r jag sett den s\u00e5 t\u00e4nkte jag g\u00f6ra som jag gjort med de andra filmerna i Twilight-serien: recensera\u2026","rel":"","context":"I \u201dVardagsliv\u201d","block_context":{"text":"Vardagsliv","link":"https:\/\/blogg.fumei.se\/?cat=47"},"img":{"alt_text":"","src":"","width":0,"height":0},"classes":[]},{"id":928,"url":"https:\/\/blogg.fumei.se\/?p=928","url_meta":{"origin":1157,"position":2},"title":"Jag h\u00f6ll p\u00e5 att s\u00e4ga","author":"M :)","date":"2009-05-26","format":false,"excerpt":"att jag inte gjort ett vettigt dugg idag, men d\u00e5 ljuger jag nog. F\u00f6r jag har ju faktiskt f\u00f6rt \u00f6ver pengar b\u00e5de till mamma och syrran, varit iv\u00e4g och handlat s\u00e5 det ska r\u00e4cka n\u00e5gra dagar *tungt*, diskat och lagat ordentlig middag (och tom f\u00e5tt ihop till en matl\u00e5da till\u2026","rel":"","context":"I \u201dVardagsliv\u201d","block_context":{"text":"Vardagsliv","link":"https:\/\/blogg.fumei.se\/?cat=47"},"img":{"alt_text":"","src":"","width":0,"height":0},"classes":[]},{"id":3981,"url":"https:\/\/blogg.fumei.se\/?p=3981","url_meta":{"origin":1157,"position":3},"title":"John Hron-filmen","author":"M :)","date":"2016-09-01","format":false,"excerpt":"1995 var jag 25 \u00e5r och hade\u00a0ett barn och en ny bebis p\u00e5 v\u00e4g. Jag bodde i Trollh\u00e4ttan och hade ett ganska okej liv, med familj, v\u00e4nner och skolg\u00e5ng. Jag har aldrig varit den som sticker ut fr\u00e5n m\u00e4ngden, om man bortser fr\u00e5n mitt namn. Har aldrig sportat eller varit\u2026","rel":"","context":"I \u201dFilmer och TV\u201d","block_context":{"text":"Filmer och TV","link":"https:\/\/blogg.fumei.se\/?cat=43"},"img":{"alt_text":"","src":"https:\/\/i0.wp.com\/blogg.fumei.se\/wp-content\/uploads\/2016\/12\/JOHN-HRON-POSTER-LITEN-457x650.jpg?resize=350%2C200","width":350,"height":200},"classes":[]},{"id":901,"url":"https:\/\/blogg.fumei.se\/?p=901","url_meta":{"origin":1157,"position":4},"title":"Tjejsnack vecka 2, 2009","author":"M :)","date":"2009-04-19","format":false,"excerpt":"Milo har startat upp Tjejsnack igen! J J\u00e4ttekul! Jag hade t\u00e4nkt vara med fr\u00e5n b\u00f6rjan, men av n\u00e5gon anledning kom det hela tiden n\u00e5got annt emellan n\u00e4r jag skulle skriva mina svar p\u00e5 f\u00f6rra veckans fr\u00e5gor, s\u00e5 jag g\u00f6r ett seri\u00f6st f\u00f6rs\u00f6k den h\u00e4r veckan ist\u00e4llet. Here goes: 1. Vad\u2026","rel":"","context":"I \u201dVardagsliv\u201d","block_context":{"text":"Vardagsliv","link":"https:\/\/blogg.fumei.se\/?cat=47"},"img":{"alt_text":"","src":"","width":0,"height":0},"classes":[]},{"id":1027,"url":"https:\/\/blogg.fumei.se\/?p=1027","url_meta":{"origin":1157,"position":5},"title":"Sista rycket","author":"M :)","date":"2009-07-12","format":false,"excerpt":"Nu \u00e4r det bara n\u00e5gra timmar kvar av min semester. Imorgon bitti blir det till att g\u00e5 upp halv 5 och sn\u00e4llt fara iv\u00e4g till jobbet igen. Fast det ska bli kul \u00e4nd\u00e5. Jag har ju haft en ganska bra semester, med underbart v\u00e4der n\u00e4stan hela tiden, och jag har\u2026","rel":"","context":"I \u201dVardagsliv\u201d","block_context":{"text":"Vardagsliv","link":"https:\/\/blogg.fumei.se\/?cat=47"},"img":{"alt_text":"","src":"","width":0,"height":0},"classes":[]}],"_links":{"self":[{"href":"https:\/\/blogg.fumei.se\/index.php?rest_route=\/wp\/v2\/posts\/1157","targetHints":{"allow":["GET"]}}],"collection":[{"href":"https:\/\/blogg.fumei.se\/index.php?rest_route=\/wp\/v2\/posts"}],"about":[{"href":"https:\/\/blogg.fumei.se\/index.php?rest_route=\/wp\/v2\/types\/post"}],"author":[{"embeddable":true,"href":"https:\/\/blogg.fumei.se\/index.php?rest_route=\/wp\/v2\/users\/1"}],"replies":[{"embeddable":true,"href":"https:\/\/blogg.fumei.se\/index.php?rest_route=%2Fwp%2Fv2%2Fcomments&post=1157"}],"version-history":[{"count":2,"href":"https:\/\/blogg.fumei.se\/index.php?rest_route=\/wp\/v2\/posts\/1157\/revisions"}],"predecessor-version":[{"id":6623,"href":"https:\/\/blogg.fumei.se\/index.php?rest_route=\/wp\/v2\/posts\/1157\/revisions\/6623"}],"wp:attachment":[{"href":"https:\/\/blogg.fumei.se\/index.php?rest_route=%2Fwp%2Fv2%2Fmedia&parent=1157"}],"wp:term":[{"taxonomy":"category","embeddable":true,"href":"https:\/\/blogg.fumei.se\/index.php?rest_route=%2Fwp%2Fv2%2Fcategories&post=1157"},{"taxonomy":"post_tag","embeddable":true,"href":"https:\/\/blogg.fumei.se\/index.php?rest_route=%2Fwp%2Fv2%2Ftags&post=1157"}],"curies":[{"name":"wp","href":"https:\/\/api.w.org\/{rel}","templated":true}]}}