{"id":1158,"date":"2009-10-11T19:11:05","date_gmt":"2009-10-11T19:11:05","guid":{"rendered":"http:\/\/blogg.fumei.se\/?p=1158"},"modified":"2024-03-24T11:56:02","modified_gmt":"2024-03-24T10:56:02","slug":"tjejsnack-vecka-41","status":"publish","type":"post","link":"https:\/\/blogg.fumei.se\/?p=1158","title":{"rendered":"Tjejsnack vecka 41"},"content":{"rendered":"<p>Vill du ocks\u00e5 vara med? Du hittar Tjejsnack <a href=\"http:\/\/mlilja.net\/tjejsnack\/\" target=\"_blank\" rel=\"noopener\">h\u00e4r<\/a>.<\/p>\n<p><strong><span style=\"text-decoration: underline;\">L\u00e4rdom<\/span><\/strong><\/p>\n<p><strong>1. Vad vill du l\u00e4ra dig?<\/strong><br \/>\nJag vill l\u00e4ra mig m\u00e5nga saker; att kunna prata och l\u00e4sa\/skriva italienska ordentligt, att spela piano, ryska&#8230;listan kan g\u00f6ras ganska l\u00e5ng.<\/p>\n<p><strong>2. Vad l\u00e4rde du dig senast?<\/strong><br \/>\nMan l\u00e4r sig n\u00e5got nytt varje dag, \u00e4ven om det kanske inte \u00e4r s\u00e5 v\u00e4sentliga saker att man kommerp \u00e5 dem s\u00e5 h\u00e4r p\u00e5 rak arm, men bland det senaste jag l\u00e4rde mig var att n\u00e4r man planterar skott fr\u00e5n vissa andra blommor\/v\u00e4xter s\u00e5 \u00e4r det inte alltid n\u00f6dv\u00e4ndigt med r\u00f6tter p\u00e5 skottet innan man s\u00e4tter det i jord, f\u00f6r r\u00f6tterna v\u00e4xer ut n\u00e4r plantan v\u00e4l \u00e4r jordad.<\/p>\n<p><strong>3. Vad k\u00e4nns on\u00f6digt att kunna?<\/strong><br \/>\nIngen kunskap \u00e4r f\u00f6r tung att b\u00e4ra, men jag prioriterar tex inte kunskap om design och mode.<\/p>\n<p><strong>4. Vad l\u00e4rde DU senast n\u00e5gon annan?<\/strong><br \/>\nHur man ser skillnad p\u00e5 vilket k\u00e4rl som \u00e4r art\u00e4r och vilket som \u00e4r ven i en navelstr\u00e4ng.<\/p>\n<p><strong>5. En l\u00e4rdom du f\u00e5tt med dig fr\u00e5n din barndom?<br \/>\n<\/strong>F\u00f6rmodligen samma som alla andra; tex att behandla alla som man sj\u00e4lv vill bli behandlad, att &#8221;sn\u00e4lla&#8221;, &#8221;tack&#8221;,&#8221;be och f\u00e5&#8221; och f\u00f6rl\u00e5t \u00e4r ord man kommer l\u00e5ngt p\u00e5 i livet.<\/p>\n","protected":false},"excerpt":{"rendered":"<p>Vill du ocks\u00e5 vara med? Du hittar Tjejsnack h\u00e4r. L\u00e4rdom 1. Vad vill du l\u00e4ra dig? Jag vill l\u00e4ra mig m\u00e5nga saker; att kunna prata och l\u00e4sa\/skriva italienska ordentligt, att spela piano, ryska&#8230;listan kan g\u00f6ras ganska l\u00e5ng. 2. Vad l\u00e4rde du dig senast? Man l\u00e4r sig n\u00e5got nytt varje dag, \u00e4ven om det kanske inte&#8230;<\/p>\n","protected":false},"author":1,"featured_media":0,"comment_status":"open","ping_status":"open","sticky":false,"template":"","format":"standard","meta":{"jetpack_post_was_ever_published":false,"_jetpack_newsletter_access":"","_jetpack_dont_email_post_to_subs":false,"_jetpack_newsletter_tier_id":0,"_jetpack_memberships_contains_paywalled_content":false,"_jetpack_memberships_contains_paid_content":false,"footnotes":"","jetpack_publicize_message":"","jetpack_publicize_feature_enabled":true,"jetpack_social_post_already_shared":false,"jetpack_social_options":{"image_generator_settings":{"template":"highway","default_image_id":0,"font":"","enabled":false},"version":2}},"categories":[47],"tags":[],"class_list":["post-1158","post","type-post","status-publish","format-standard","hentry","category-vardagsliv"],"jetpack_publicize_connections":[],"jetpack_featured_media_url":"","jetpack_shortlink":"https:\/\/wp.me\/p3qko4-iG","jetpack_sharing_enabled":true,"jetpack_likes_enabled":true,"jetpack-related-posts":[{"id":323,"url":"https:\/\/blogg.fumei.se\/?p=323","url_meta":{"origin":1158,"position":0},"title":"Tjej&#038;Killsnack vecka 50, 2009","author":"EmEff","date":"2009-12-13","format":false,"excerpt":"Vill du ocks\u00e5 vara med? Du hittar Tjejsnack h\u00e4r. Julen 1. Vilka f\u00e4rger har ni till jul? R\u00f6tt, gr\u00f6nt och bl\u00e5tt. Samma f\u00e4rger som jag f\u00f6rs\u00f6ker ha i resten av hemmet. Och s\u00e5 lite inslag av silver och guld. 2. Skickar du m\u00e5nga julkort? Nej, inte numera. F\u00f6rr kunde jag\u2026","rel":"","context":"I \u201dVardagsliv\u201d","block_context":{"text":"Vardagsliv","link":"https:\/\/blogg.fumei.se\/?cat=47"},"img":{"alt_text":"","src":"","width":0,"height":0},"classes":[]},{"id":1047,"url":"https:\/\/blogg.fumei.se\/?p=1047","url_meta":{"origin":1158,"position":1},"title":"Tjejsnack vecka 36","author":"M :)","date":"2009-08-30","format":false,"excerpt":"Vill du ocks\u00e5 vara med? Du hittar Tjejsnack h\u00e4r. Musik 1. Vad lyssnade\/lyssnar du p\u00e5 i ton\u00e5ren?Gawd det \u00e4r ju s\u00e5 l\u00e4ngesen! Jag tror att jag lyssnade p\u00e5 samma saker d\u00e5 som nu, tex Bon Jovi, Aerosmith, Mellencamp och Europe. Jag lyssnade \u00e4ven p\u00e5 pop som Duran Duran och Wham.2.\u2026","rel":"","context":"I \u201dVardagsliv\u201d","block_context":{"text":"Vardagsliv","link":"https:\/\/blogg.fumei.se\/?cat=47"},"img":{"alt_text":"","src":"","width":0,"height":0},"classes":[]},{"id":1034,"url":"https:\/\/blogg.fumei.se\/?p=1034","url_meta":{"origin":1158,"position":2},"title":"Tjejsnack vecka 27","author":"M :)","date":"2009-07-09","format":false,"excerpt":"Vill du ocks\u00e5 vara med? Du hittar Tjejsnack h\u00e4r.D\u00f6den 1. \u00c4r du r\u00e4dd f\u00f6r att d\u00f6? Nej. D\u00e4remot \u00e4r jag r\u00e4dd f\u00f6r att jag ska d\u00f6 p\u00e5 ett onaturligt s\u00e4tt; genom en olycka eller liknande. 2. Har du varit p\u00e5 n\u00e5gons begravning? Ja. N\u00e4r jag gick i gymnasiet var det\u2026","rel":"","context":"I \u201dVardagsliv\u201d","block_context":{"text":"Vardagsliv","link":"https:\/\/blogg.fumei.se\/?cat=47"},"img":{"alt_text":"","src":"","width":0,"height":0},"classes":[]},{"id":1157,"url":"https:\/\/blogg.fumei.se\/?p=1157","url_meta":{"origin":1158,"position":3},"title":"Tjejsnack vecka 42","author":"M :)","date":"2009-10-11","format":false,"excerpt":"Vill du ocks\u00e5 vara med? Du hittar Tjejsnack h\u00e4r. F\u00f6rv\u00e4ntan 1. Vad v\u00e4ntade du senast p\u00e5? Att jag skulle f\u00e5 tillbaka min laptop efter att dottern l\u00e5nat den. Hennes \u00e4r p\u00e5 lagning s\u00e5 hon f\u00e5r kolla sin mail och lite s\u00e5nt en timme om dagen fr\u00e5n min tills vidare. 2.\u2026","rel":"","context":"I \u201dVardagsliv\u201d","block_context":{"text":"Vardagsliv","link":"https:\/\/blogg.fumei.se\/?cat=47"},"img":{"alt_text":"","src":"","width":0,"height":0},"classes":[]},{"id":5107,"url":"https:\/\/blogg.fumei.se\/?p=5107","url_meta":{"origin":1158,"position":4},"title":"\u2665\ufe0e Min mamma \u2665\ufe0e","author":"M :)","date":"2022-03-16","format":false,"excerpt":"Min mamma, Lis Fumei, f\u00f6ddes 15 April 1937 i Herning i Danmark. Hon var nummer sju av tolv barn till Ingeborg Elisabeth L\u00f8vstad och Aage Christian L\u00f8vstad.Pappa Aage var snickare vid j\u00e4rnv\u00e4gen och mamma Ingeborg var hemmafru med allt vad det innebar, med alla barnen och ett hush\u00e5ll att ta\u2026","rel":"","context":"I \u201dFamiljen\u201d","block_context":{"text":"Familjen","link":"https:\/\/blogg.fumei.se\/?cat=34"},"img":{"alt_text":"","src":"https:\/\/i0.wp.com\/blogg.fumei.se\/wp-content\/uploads\/2022\/11\/BEFDDF98-BDCB-4E63-B088-B3B56E759D0C_1_201_a.jpeg?resize=350%2C200&ssl=1","width":350,"height":200,"srcset":"https:\/\/i0.wp.com\/blogg.fumei.se\/wp-content\/uploads\/2022\/11\/BEFDDF98-BDCB-4E63-B088-B3B56E759D0C_1_201_a.jpeg?resize=350%2C200&ssl=1 1x, https:\/\/i0.wp.com\/blogg.fumei.se\/wp-content\/uploads\/2022\/11\/BEFDDF98-BDCB-4E63-B088-B3B56E759D0C_1_201_a.jpeg?resize=525%2C300&ssl=1 1.5x, https:\/\/i0.wp.com\/blogg.fumei.se\/wp-content\/uploads\/2022\/11\/BEFDDF98-BDCB-4E63-B088-B3B56E759D0C_1_201_a.jpeg?resize=700%2C400&ssl=1 2x"},"classes":[]},{"id":1075,"url":"https:\/\/blogg.fumei.se\/?p=1075","url_meta":{"origin":1158,"position":5},"title":"Tjejsnack vecka 29","author":"M :)","date":"2009-08-09","format":false,"excerpt":"\u00c5 maj g\u00e5dd, nu \u00e4r jag s\u00e5 d\u00e4r j\u00e4tte-efter igen! Hur b\u00e4r jag mig \u00e5t?? I vilket fall som helst kommer nu flera Tjejsnack p\u00e5 rad...Vill du ocks\u00e5 vara med? Du hittar Tjejsnack h\u00e4r.1. Ber\u00e4tta om n\u00e5t pinsamt du blivit p\u00e5kommen med?Just nu kan jag inte komma p\u00e5 n\u00e5got. Eller\u2026","rel":"","context":"I \u201dVardagsliv\u201d","block_context":{"text":"Vardagsliv","link":"https:\/\/blogg.fumei.se\/?cat=47"},"img":{"alt_text":"","src":"","width":0,"height":0},"classes":[]}],"_links":{"self":[{"href":"https:\/\/blogg.fumei.se\/index.php?rest_route=\/wp\/v2\/posts\/1158","targetHints":{"allow":["GET"]}}],"collection":[{"href":"https:\/\/blogg.fumei.se\/index.php?rest_route=\/wp\/v2\/posts"}],"about":[{"href":"https:\/\/blogg.fumei.se\/index.php?rest_route=\/wp\/v2\/types\/post"}],"author":[{"embeddable":true,"href":"https:\/\/blogg.fumei.se\/index.php?rest_route=\/wp\/v2\/users\/1"}],"replies":[{"embeddable":true,"href":"https:\/\/blogg.fumei.se\/index.php?rest_route=%2Fwp%2Fv2%2Fcomments&post=1158"}],"version-history":[{"count":1,"href":"https:\/\/blogg.fumei.se\/index.php?rest_route=\/wp\/v2\/posts\/1158\/revisions"}],"predecessor-version":[{"id":6621,"href":"https:\/\/blogg.fumei.se\/index.php?rest_route=\/wp\/v2\/posts\/1158\/revisions\/6621"}],"wp:attachment":[{"href":"https:\/\/blogg.fumei.se\/index.php?rest_route=%2Fwp%2Fv2%2Fmedia&parent=1158"}],"wp:term":[{"taxonomy":"category","embeddable":true,"href":"https:\/\/blogg.fumei.se\/index.php?rest_route=%2Fwp%2Fv2%2Fcategories&post=1158"},{"taxonomy":"post_tag","embeddable":true,"href":"https:\/\/blogg.fumei.se\/index.php?rest_route=%2Fwp%2Fv2%2Ftags&post=1158"}],"curies":[{"name":"wp","href":"https:\/\/api.w.org\/{rel}","templated":true}]}}