{"id":116,"date":"2011-01-17T11:34:00","date_gmt":"2011-01-17T11:34:00","guid":{"rendered":"\/Blogg\/post\/Fodelsedag-i-kvadrat.aspx"},"modified":"2011-01-17T11:34:00","modified_gmt":"2011-01-17T11:34:00","slug":"fodelsedag-i-kvadrat","status":"publish","type":"post","link":"https:\/\/blogg.fumei.se\/?p=116","title":{"rendered":"F\u00f6delsedag i kvadrat"},"content":{"rendered":"<p>Idag fyller jag &aring;r. Hipp hurra. Men &#8211; &auml;ven bus-Victor fyller &aring;r idag! Hela 2 &aring;r har han hunnit bli! Grattis och dubbel-hurra!!<\/p>\n<p><img decoding=\"async\" src=\"\/blogg\/image.axd?picture=2011%2f1%2fvictor2-emeff2011.png\" alt=\"\" \/><\/p>\n<p>&nbsp;<\/p>\n<p>Men det &auml;r inte slut d&auml;r&#8230;f&ouml;r det var ju en liten Lovisafr&ouml;ken som inte fick en ordentlig scrap p&aring; sin f&ouml;delsedag, s&aring; den kommer h&auml;r:<\/p>\n<p><img decoding=\"async\" src=\"\/blogg\/image.axd?picture=2011%2f1%2fLovisa3-emeff2011.png\" alt=\"\" \/><\/p>\n<p>(nej, datorn har inte kommit fram &auml;n&#8230;jag fuskade och anv&auml;nde J:s dator&#8230;s&aring; nu m&aring;ste jag radera en massa krafs&#8230;och jo, jag l&aring;nade bilderna fr&aring;n Emmas blogg&#8230;igen&#8230;)<\/p>\n","protected":false},"excerpt":{"rendered":"<p>Idag fyller jag &aring;r. Hipp hurra. Men &#8211; &auml;ven bus-Victor fyller &aring;r idag! Hela 2 &aring;r har han hunnit bli! Grattis och dubbel-hurra!! &nbsp; Men det &auml;r inte slut d&auml;r&#8230;f&ouml;r det var ju en liten Lovisafr&ouml;ken som inte fick en ordentlig scrap p&aring; sin f&ouml;delsedag, s&aring; den kommer h&auml;r: (nej, datorn har inte kommit fram&#8230;<\/p>\n","protected":false},"author":1,"featured_media":0,"comment_status":"open","ping_status":"open","sticky":false,"template":"","format":"standard","meta":{"jetpack_post_was_ever_published":false,"_jetpack_newsletter_access":"","_jetpack_dont_email_post_to_subs":false,"_jetpack_newsletter_tier_id":0,"_jetpack_memberships_contains_paywalled_content":false,"_jetpack_memberships_contains_paid_content":false,"footnotes":"","jetpack_publicize_message":"","jetpack_publicize_feature_enabled":true,"jetpack_social_post_already_shared":false,"jetpack_social_options":{"image_generator_settings":{"template":"highway","default_image_id":0,"font":"","enabled":false},"version":2}},"categories":[47],"tags":[],"class_list":["post-116","post","type-post","status-publish","format-standard","hentry","category-vardagsliv"],"jetpack_publicize_connections":[],"jetpack_featured_media_url":"","jetpack_shortlink":"https:\/\/wp.me\/p3qko4-1S","jetpack_sharing_enabled":true,"jetpack_likes_enabled":true,"jetpack-related-posts":[{"id":3454,"url":"https:\/\/blogg.fumei.se\/?p=3454","url_meta":{"origin":116,"position":0},"title":"Idag fyller vi \u00e5r!","author":"M :)","date":"2015-01-17","format":false,"excerpt":"Vi b\u00f6rjar med att hurra f\u00f6r den h\u00e4r killen: Hipp hurra f\u00f6r Victor idag p\u00e5 din 6-\u00e5rsdag! GRATTIS \u00f6nskar faster, farmor, farfar, Robin, Fia, Linus och Juliah. Och ja, det \u00e4r ju faktiskt min f\u00f6delsedag ocks\u00e5, s\u00e5 hurra och grattis till mig ocks\u00e5! N\u00e5gra andra som fyller \u00e5r idag \u00e4r\u2026","rel":"","context":"I \u201dVardagsliv\u201d","block_context":{"text":"Vardagsliv","link":"https:\/\/blogg.fumei.se\/?cat=47"},"img":{"alt_text":"Victor6-emeff2015","src":"https:\/\/i0.wp.com\/blogg.fumei.se\/wp-content\/uploads\/2015\/01\/Victor6-emeff2015.jpg?resize=350%2C200","width":350,"height":200,"srcset":"https:\/\/i0.wp.com\/blogg.fumei.se\/wp-content\/uploads\/2015\/01\/Victor6-emeff2015.jpg?resize=350%2C200 1x, https:\/\/i0.wp.com\/blogg.fumei.se\/wp-content\/uploads\/2015\/01\/Victor6-emeff2015.jpg?resize=525%2C300 1.5x"},"classes":[]},{"id":3541,"url":"https:\/\/blogg.fumei.se\/?p=3541","url_meta":{"origin":116,"position":1},"title":"Moppe!","author":"M :)","date":"2015-03-13","format":false,"excerpt":"Eller?!? I vilket fall som helst s\u00e5 fyller \u00e4ldsta brorsdottern 15 \u00e5r idag! Det hurrar vi f\u00f6r! Hurra, hurra, hurra, hurra!! GRATTIS \u00f6nskar faster, farmor & farfar, Robin, Fia, Linus och Juliah","rel":"","context":"I \u201dFamiljen\u201d","block_context":{"text":"Familjen","link":"https:\/\/blogg.fumei.se\/?cat=34"},"img":{"alt_text":"Bella15-EmEff2015","src":"https:\/\/i0.wp.com\/blogg.fumei.se\/wp-content\/uploads\/2015\/03\/Bella15-EmEff2015.jpg?resize=350%2C200","width":350,"height":200,"srcset":"https:\/\/i0.wp.com\/blogg.fumei.se\/wp-content\/uploads\/2015\/03\/Bella15-EmEff2015.jpg?resize=350%2C200 1x, https:\/\/i0.wp.com\/blogg.fumei.se\/wp-content\/uploads\/2015\/03\/Bella15-EmEff2015.jpg?resize=525%2C300 1.5x"},"classes":[]},{"id":6852,"url":"https:\/\/blogg.fumei.se\/?p=6852","url_meta":{"origin":116,"position":2},"title":"F\u00f6delsedagsbarn!","author":"M :)","date":"2024-03-15","format":false,"excerpt":"Idag firar vi att Juliah fyller 10 \u00e5r! Hurra, hurra, hurra hurra!","rel":"","context":"I \u201dFamiljen\u201d","block_context":{"text":"Familjen","link":"https:\/\/blogg.fumei.se\/?cat=34"},"img":{"alt_text":"","src":"https:\/\/i0.wp.com\/blogg.fumei.se\/wp-content\/uploads\/2024\/04\/2BCAC044-D7DA-4B74-ADF5-2624442159C1_1_105_c.jpeg?resize=350%2C200&ssl=1","width":350,"height":200,"srcset":"https:\/\/i0.wp.com\/blogg.fumei.se\/wp-content\/uploads\/2024\/04\/2BCAC044-D7DA-4B74-ADF5-2624442159C1_1_105_c.jpeg?resize=350%2C200&ssl=1 1x, https:\/\/i0.wp.com\/blogg.fumei.se\/wp-content\/uploads\/2024\/04\/2BCAC044-D7DA-4B74-ADF5-2624442159C1_1_105_c.jpeg?resize=525%2C300&ssl=1 1.5x, https:\/\/i0.wp.com\/blogg.fumei.se\/wp-content\/uploads\/2024\/04\/2BCAC044-D7DA-4B74-ADF5-2624442159C1_1_105_c.jpeg?resize=700%2C400&ssl=1 2x"},"classes":[]},{"id":224,"url":"https:\/\/blogg.fumei.se\/?p=224","url_meta":{"origin":116,"position":3},"title":"Hurra hurra hurra hurra!","author":"M :)","date":"2010-05-21","format":false,"excerpt":"Idag fyller min \u00e4lskade lilla stora s\u00f6ta obstinata vr\u00e5nga gosiga spralliga h\u00e4rliga underbara dotter 17 \u00e5r. GRATTIS p\u00e5 f\u00f6delsedagen Sophia","rel":"","context":"I \u201dVardagsliv\u201d","block_context":{"text":"Vardagsliv","link":"https:\/\/blogg.fumei.se\/?cat=47"},"img":{"alt_text":"","src":"","width":0,"height":0},"classes":[]},{"id":6961,"url":"https:\/\/blogg.fumei.se\/?p=6961","url_meta":{"origin":116,"position":4},"title":"Sophia fyller \u00e5r!","author":"M :)","date":"2024-05-21","format":false,"excerpt":"Hurra hurra, vi firar dig idag! \u2764\ufe0f","rel":"","context":"I \u201dFamiljen\u201d","block_context":{"text":"Familjen","link":"https:\/\/blogg.fumei.se\/?cat=34"},"img":{"alt_text":"","src":"https:\/\/i0.wp.com\/blogg.fumei.se\/wp-content\/uploads\/2024\/05\/4D36779F-A286-4A32-8B55-95C2EB805483_1_105_c-edited.jpeg?resize=350%2C200&ssl=1","width":350,"height":200,"srcset":"https:\/\/i0.wp.com\/blogg.fumei.se\/wp-content\/uploads\/2024\/05\/4D36779F-A286-4A32-8B55-95C2EB805483_1_105_c-edited.jpeg?resize=350%2C200&ssl=1 1x, https:\/\/i0.wp.com\/blogg.fumei.se\/wp-content\/uploads\/2024\/05\/4D36779F-A286-4A32-8B55-95C2EB805483_1_105_c-edited.jpeg?resize=525%2C300&ssl=1 1.5x"},"classes":[]},{"id":3495,"url":"https:\/\/blogg.fumei.se\/?p=3495","url_meta":{"origin":116,"position":5},"title":"S\u00f6stra mi","author":"M :)","date":"2015-01-24","format":false,"excerpt":"fyller \u00e5r idag, s\u00e5 vi hurrar och grattar! Hipp hipp!!","rel":"","context":"I \u201dVardagsliv\u201d","block_context":{"text":"Vardagsliv","link":"https:\/\/blogg.fumei.se\/?cat=47"},"img":{"alt_text":"","src":"https:\/\/i0.wp.com\/blogg.fumei.se\/wp-content\/uploads\/2015\/01\/ilse51.jpg?fit=600%2C600&ssl=1&resize=350%2C200","width":350,"height":200,"srcset":"https:\/\/i0.wp.com\/blogg.fumei.se\/wp-content\/uploads\/2015\/01\/ilse51.jpg?fit=600%2C600&ssl=1&resize=350%2C200 1x, https:\/\/i0.wp.com\/blogg.fumei.se\/wp-content\/uploads\/2015\/01\/ilse51.jpg?fit=600%2C600&ssl=1&resize=525%2C300 1.5x"},"classes":[]}],"_links":{"self":[{"href":"https:\/\/blogg.fumei.se\/index.php?rest_route=\/wp\/v2\/posts\/116","targetHints":{"allow":["GET"]}}],"collection":[{"href":"https:\/\/blogg.fumei.se\/index.php?rest_route=\/wp\/v2\/posts"}],"about":[{"href":"https:\/\/blogg.fumei.se\/index.php?rest_route=\/wp\/v2\/types\/post"}],"author":[{"embeddable":true,"href":"https:\/\/blogg.fumei.se\/index.php?rest_route=\/wp\/v2\/users\/1"}],"replies":[{"embeddable":true,"href":"https:\/\/blogg.fumei.se\/index.php?rest_route=%2Fwp%2Fv2%2Fcomments&post=116"}],"version-history":[{"count":0,"href":"https:\/\/blogg.fumei.se\/index.php?rest_route=\/wp\/v2\/posts\/116\/revisions"}],"wp:attachment":[{"href":"https:\/\/blogg.fumei.se\/index.php?rest_route=%2Fwp%2Fv2%2Fmedia&parent=116"}],"wp:term":[{"taxonomy":"category","embeddable":true,"href":"https:\/\/blogg.fumei.se\/index.php?rest_route=%2Fwp%2Fv2%2Fcategories&post=116"},{"taxonomy":"post_tag","embeddable":true,"href":"https:\/\/blogg.fumei.se\/index.php?rest_route=%2Fwp%2Fv2%2Ftags&post=116"}],"curies":[{"name":"wp","href":"https:\/\/api.w.org\/{rel}","templated":true}]}}