{"id":117,"date":"2011-01-16T13:00:00","date_gmt":"2011-01-16T13:00:00","guid":{"rendered":"\/Blogg\/post\/30-dagarslista3b-Dag-15.aspx"},"modified":"2011-01-16T13:00:00","modified_gmt":"2011-01-16T13:00:00","slug":"30-dagarslista-dag-15","status":"publish","type":"post","link":"https:\/\/blogg.fumei.se\/?p=117","title":{"rendered":"30-dagarslista; Dag 15"},"content":{"rendered":"<p>Dag 15: En bild p&aring; n&aring;got du vill g&ouml;ra innan du d&ouml;r.<\/p>\n<p>&Aring;h men herregud vad ska jag v&auml;lja? Jag vill ju<\/p>\n<p><img decoding=\"async\" src=\"\/blogg\/image.axd?picture=2011%2f1%2fk%c3%b6rkort.png\" alt=\"\" \/><\/p>\n<p>ta k&ouml;rkort<\/p>\n<p><img decoding=\"async\" src=\"\/blogg\/image.axd?picture=2011%2f1%2fdebtfree.png\" alt=\"\" \/><\/p>\n<p>bli skuldfri<\/p>\n<p>och en hel del andra saker ocks&aring;&#8230;men fr&auml;mst dessa tv&aring;.<\/p>\n","protected":false},"excerpt":{"rendered":"<p>Dag 15: En bild p&aring; n&aring;got du vill g&ouml;ra innan du d&ouml;r. &Aring;h men herregud vad ska jag v&auml;lja? Jag vill ju ta k&ouml;rkort bli skuldfri och en hel del andra saker ocks&aring;&#8230;men fr&auml;mst dessa tv&aring;.<\/p>\n","protected":false},"author":1,"featured_media":0,"comment_status":"open","ping_status":"open","sticky":false,"template":"","format":"standard","meta":{"jetpack_post_was_ever_published":false,"_jetpack_newsletter_access":"","_jetpack_dont_email_post_to_subs":false,"_jetpack_newsletter_tier_id":0,"_jetpack_memberships_contains_paywalled_content":false,"_jetpack_memberships_contains_paid_content":false,"footnotes":"","jetpack_publicize_message":"","jetpack_publicize_feature_enabled":true,"jetpack_social_post_already_shared":false,"jetpack_social_options":{"image_generator_settings":{"template":"highway","default_image_id":0,"font":"","enabled":false},"version":2}},"categories":[47],"tags":[],"class_list":["post-117","post","type-post","status-publish","format-standard","hentry","category-vardagsliv"],"jetpack_publicize_connections":[],"jetpack_featured_media_url":"","jetpack_shortlink":"https:\/\/wp.me\/p3qko4-1T","jetpack_sharing_enabled":true,"jetpack_likes_enabled":true,"jetpack-related-posts":[{"id":69,"url":"https:\/\/blogg.fumei.se\/?p=69","url_meta":{"origin":117,"position":0},"title":"30 dagar i b\u00f6cker &#8211; Dag 15","author":"M :)","date":"2011-02-20","format":false,"excerpt":"Day 15 \u2013 Favorite male character *funderar**funderar**funderar*Meeeen, det h\u00e4r var ju skitsv\u00e5rt! Det far en hel massa namn p\u00e5 manliga karakt\u00e4rer genom huvudet, och jag t\u00e4nker \"\u00e4r det en favorit? nja...\". En av mina favoriter \u00e4r i alla fall Heike i Sagan om Isfolket. En annan \u00e4r Jacob I Twilightsagan,\u2026","rel":"","context":"I \u201dVardagsliv\u201d","block_context":{"text":"Vardagsliv","link":"https:\/\/blogg.fumei.se\/?cat=47"},"img":{"alt_text":"","src":"","width":0,"height":0},"classes":[]},{"id":143,"url":"https:\/\/blogg.fumei.se\/?p=143","url_meta":{"origin":117,"position":1},"title":"30-dagarslista","author":"M :)","date":"2011-01-01","format":false,"excerpt":"Dag 1: En bild p\u00e5 dig sj\u00e4lv och femton fakta om dig sj\u00e4lv.Dag 2; En bild p\u00e5 dig sj\u00e4lv och den person du varit v\u00e4n med l\u00e4ngst.Dag 3; En bild p\u00e5 dig och n\u00e5gon som f\u00e5r dig att skratta mycket.Dag 4; En bild p\u00e5 n\u00e5got du skulle vilja g\u00f6ra igen.Dag\u2026","rel":"","context":"I \u201dVardagsliv\u201d","block_context":{"text":"Vardagsliv","link":"https:\/\/blogg.fumei.se\/?cat=47"},"img":{"alt_text":"","src":"","width":0,"height":0},"classes":[]},{"id":491,"url":"https:\/\/blogg.fumei.se\/?p=491","url_meta":{"origin":117,"position":2},"title":"Snart slut","author":"M :)","date":"2008-08-16","format":false,"excerpt":"p\u00e5 sommarlovet. Sk\u00f6nt att det \u00e4r fint v\u00e4der idag, s\u00e5 mina barn inte bah\u00f6ver sitta inne och uggla. Robin \u00e4r hos pappsen, Fia ville inte f\u00f6lja med, n\u00e4r man \u00e4r 15 \u00e4r det nog med 2 veckor i f\u00f6ljd hos pappa, d\u00e5 vill man hellre vara hemma med pojkv\u00e4n och\u2026","rel":"","context":"I \u201dVardagsliv\u201d","block_context":{"text":"Vardagsliv","link":"https:\/\/blogg.fumei.se\/?cat=47"},"img":{"alt_text":"","src":"","width":0,"height":0},"classes":[]},{"id":806,"url":"https:\/\/blogg.fumei.se\/?p=806","url_meta":{"origin":117,"position":3},"title":"F\u00f6delsedagsfirande","author":"M :)","date":"2009-01-18","format":false,"excerpt":"Ig\u00e5r fyllde jag som bekant \u00e5r. Nu \u00e4r jag 39. En kompis kallar mig tant, andra fr\u00e5gar hur det k\u00e4nns att snart bli 40. Vad\u00e5? No big deal, det k\u00e4nns ungef\u00e4r som alla andra dagar, tr\u00f6tt och h\u00e4ngig och pank haha. Aprop\u00e5 pank, s\u00e5 hade jag inte planerat n\u00e5got f\u00f6r\u2026","rel":"","context":"I \u201dVardagsliv\u201d","block_context":{"text":"Vardagsliv","link":"https:\/\/blogg.fumei.se\/?cat=47"},"img":{"alt_text":"","src":"","width":0,"height":0},"classes":[]},{"id":28,"url":"https:\/\/blogg.fumei.se\/?p=28","url_meta":{"origin":117,"position":4},"title":"T\u00e4vlingsdags!","author":"M :)","date":"2011-06-22","format":false,"excerpt":"Jag \u00e4r med och t\u00e4vlar om [B\u00e4sta sommart\u00e5rtan] p\u00e5 ICA.se. Min t\u00e5rta \u00e4r den jag gjorde p\u00e5 Robins skolavslutning. H\u00e4r kommer recept om n\u00e5n skulle vilja testa: Skolavslutningst\u00e5rta Ingredienser: Chokladt\u00e5rtbottnar hallonmousse (mix) vispgr\u00e4dde jordgubbar hallon bl\u00e5b\u00e4r ...eller andra b\u00e4r... G\u00f6r s\u00e5 h\u00e4r: Vispa hallonmoussen och st\u00e4ll kallt. Vispa gr\u00e4dden s\u00e5\u2026","rel":"","context":"I \u201dVardagsliv\u201d","block_context":{"text":"Vardagsliv","link":"https:\/\/blogg.fumei.se\/?cat=47"},"img":{"alt_text":"","src":"https:\/\/i0.wp.com\/blogg.fumei.se\/wp-content\/uploads\/2011\/06\/trta.jpg?resize=350%2C200","width":350,"height":200,"srcset":"https:\/\/i0.wp.com\/blogg.fumei.se\/wp-content\/uploads\/2011\/06\/trta.jpg?resize=350%2C200 1x, https:\/\/i0.wp.com\/blogg.fumei.se\/wp-content\/uploads\/2011\/06\/trta.jpg?resize=525%2C300 1.5x"},"classes":[]},{"id":141,"url":"https:\/\/blogg.fumei.se\/?p=141","url_meta":{"origin":117,"position":5},"title":"30-dagarslista; Dag 1","author":"M :)","date":"2011-01-01","format":false,"excerpt":"Dag 1: En bild p\u00e5 dig sj\u00e4lv och femton fakta om dig sj\u00e4lv. Okej, h\u00e4r \u00e4r bilden: ...och 15 fakta om mig sj\u00e4lv: N\u00e4r jag var liten trodde jag att mina f\u00f6r\u00e4ldrar bodde i grottor n\u00e4r de var barn. Allt pga en kommentar fr\u00e5n de stora barnen p\u00e5 g\u00e5rden; \"morsan\u2026","rel":"","context":"I \u201dVardagsliv\u201d","block_context":{"text":"Vardagsliv","link":"https:\/\/blogg.fumei.se\/?cat=47"},"img":{"alt_text":"","src":"","width":0,"height":0},"classes":[]}],"_links":{"self":[{"href":"https:\/\/blogg.fumei.se\/index.php?rest_route=\/wp\/v2\/posts\/117","targetHints":{"allow":["GET"]}}],"collection":[{"href":"https:\/\/blogg.fumei.se\/index.php?rest_route=\/wp\/v2\/posts"}],"about":[{"href":"https:\/\/blogg.fumei.se\/index.php?rest_route=\/wp\/v2\/types\/post"}],"author":[{"embeddable":true,"href":"https:\/\/blogg.fumei.se\/index.php?rest_route=\/wp\/v2\/users\/1"}],"replies":[{"embeddable":true,"href":"https:\/\/blogg.fumei.se\/index.php?rest_route=%2Fwp%2Fv2%2Fcomments&post=117"}],"version-history":[{"count":0,"href":"https:\/\/blogg.fumei.se\/index.php?rest_route=\/wp\/v2\/posts\/117\/revisions"}],"wp:attachment":[{"href":"https:\/\/blogg.fumei.se\/index.php?rest_route=%2Fwp%2Fv2%2Fmedia&parent=117"}],"wp:term":[{"taxonomy":"category","embeddable":true,"href":"https:\/\/blogg.fumei.se\/index.php?rest_route=%2Fwp%2Fv2%2Fcategories&post=117"},{"taxonomy":"post_tag","embeddable":true,"href":"https:\/\/blogg.fumei.se\/index.php?rest_route=%2Fwp%2Fv2%2Ftags&post=117"}],"curies":[{"name":"wp","href":"https:\/\/api.w.org\/{rel}","templated":true}]}}