{"id":118,"date":"2011-01-16T12:17:00","date_gmt":"2011-01-16T12:17:00","guid":{"rendered":"\/Blogg\/post\/Ombyte-fornojer.aspx"},"modified":"2011-01-16T12:17:00","modified_gmt":"2011-01-16T12:17:00","slug":"ombyte-fornojer","status":"publish","type":"post","link":"https:\/\/blogg.fumei.se\/?p=118","title":{"rendered":"Ombyte f\u00f6rn\u00f6jer"},"content":{"rendered":"<p>Jag funderar p&aring; att byta namn. P&aring; bloggen, allts&aring;. Fr&auml;mst f&ouml;r att jag &auml;r lite tr&ouml;tt p&aring; EmEff. Det &auml;r liksom intets&auml;gande, och dessutom fattar folk inte varf&ouml;r bloggen heter det. Att det &auml;r ett ord som uppst&aring;tt ur bokst&auml;verna M (emm) och F (eff) &#8211; som ju &auml;r mina initialer &#8211; verkar g&aring; de flesta f&ouml;rbi. <br \/>D&auml;rf&ouml;r har jag ett tag sp&aring;nat p&aring; andra namn, men inte kunnat best&auml;mma mig. D&auml;rf&ouml;r t&auml;nkte jag ha en liten omr&ouml;stning. Vilket av dessa tycker DU ska vara mitt nya bloggnamn?<\/p>\n<ul>\n<li><strong>Miss Green<\/strong><\/li>\n<li><strong>Hemma hos<\/strong><\/li>\n<li><strong>I min lilla v&auml;rld<\/strong><\/li>\n<li><strong>Sm&aring; bitar av mig<\/strong><\/li>\n<li><strong>Comme chez moi<\/strong><\/li>\n<\/ul>\n<p>Skriv en kommentar med ditt val. Du vinner inget mer &auml;n &auml;ran att ha r&ouml;stat fram det nya namnet \ud83d\ude09 Tack!<\/p>\n","protected":false},"excerpt":{"rendered":"<p>Jag funderar p&aring; att byta namn. P&aring; bloggen, allts&aring;. Fr&auml;mst f&ouml;r att jag &auml;r lite tr&ouml;tt p&aring; EmEff. Det &auml;r liksom intets&auml;gande, och dessutom fattar folk inte varf&ouml;r bloggen heter det. Att det &auml;r ett ord som uppst&aring;tt ur bokst&auml;verna M (emm) och F (eff) &#8211; som ju &auml;r mina initialer &#8211; verkar g&aring; de&#8230;<\/p>\n","protected":false},"author":1,"featured_media":0,"comment_status":"open","ping_status":"open","sticky":false,"template":"","format":"standard","meta":{"jetpack_post_was_ever_published":false,"_jetpack_newsletter_access":"","_jetpack_dont_email_post_to_subs":false,"_jetpack_newsletter_tier_id":0,"_jetpack_memberships_contains_paywalled_content":false,"_jetpack_memberships_contains_paid_content":false,"footnotes":"","jetpack_publicize_message":"","jetpack_publicize_feature_enabled":true,"jetpack_social_post_already_shared":false,"jetpack_social_options":{"image_generator_settings":{"template":"highway","default_image_id":0,"font":"","enabled":false},"version":2}},"categories":[47],"tags":[],"class_list":["post-118","post","type-post","status-publish","format-standard","hentry","category-vardagsliv"],"jetpack_publicize_connections":[],"jetpack_featured_media_url":"","jetpack_shortlink":"https:\/\/wp.me\/p3qko4-1U","jetpack_sharing_enabled":true,"jetpack_likes_enabled":true,"jetpack-related-posts":[{"id":1380,"url":"https:\/\/blogg.fumei.se\/?p=1380","url_meta":{"origin":118,"position":0},"title":"Men orka","author":"M :)","date":"2011-09-04","format":false,"excerpt":"Nu \u00e4r jag tr\u00f6tt p\u00e5 att beh\u00f6va f\u00f6rklara varf\u00f6r min blogg heter som den heter. Fr\u00e5n b\u00f6rjan hette den \"EmEff\", som var en sammans\u00e4ttning av mina initialer; M och F. Sedan bytte jag till \"Miss Green\", f\u00f6r att n\u00e4gra m\u00e4nniskor kallar mig fr\u00f6ken gr\u00f6n pga min favoritf\u00e4rg (Sj\u00e4lva namnet Fr\u00f6ken\u2026","rel":"","context":"I \u201dVardagsliv\u201d","block_context":{"text":"Vardagsliv","link":"https:\/\/blogg.fumei.se\/?cat=47"},"img":{"alt_text":"","src":"","width":0,"height":0},"classes":[]},{"id":94,"url":"https:\/\/blogg.fumei.se\/?p=94","url_meta":{"origin":118,"position":1},"title":"F\u00f6r\u00e4ndringarnas tid \u00e4r h\u00e4r","author":"M :)","date":"2011-02-02","format":false,"excerpt":"From idag - f\u00f6r bara en liten stund sedan - heter bloggen \"Miss Green - en blogg bland andra bloggar\". Nytt namn och \"nya kl\u00e4der\", och s\u00e5 ska vi se om jag inte kan fylla den med lite trevligt inneh\u00e5ll fram\u00f6ver...det har ju blivit lite sn\u00e5lt med uppdateringar den senaste\u2026","rel":"","context":"I \u201dVardagsliv\u201d","block_context":{"text":"Vardagsliv","link":"https:\/\/blogg.fumei.se\/?cat=47"},"img":{"alt_text":"","src":"","width":0,"height":0},"classes":[]},{"id":1199,"url":"https:\/\/blogg.fumei.se\/?p=1199","url_meta":{"origin":118,"position":2},"title":"Marcella \u00e4r&#8230;","author":"M :)","date":"2009-11-09","format":false,"excerpt":"Marcella \u00e4r Metros nya moderedakt\u00f6rMarcella \u00e4r inte bara j\u00e4kligt snygg, hon \u00e4r trevlig ocks\u00e5. Och fr\u00e5n G\u00f6teborg. Marcella \u00e4r en urkraftMarcella \u00e4r verksam i NorgeGoogla p\u00e5 ditt namn och \u00e4r och se vad du f\u00e5r fram.","rel":"","context":"I \u201dVardagsliv\u201d","block_context":{"text":"Vardagsliv","link":"https:\/\/blogg.fumei.se\/?cat=47"},"img":{"alt_text":"","src":"","width":0,"height":0},"classes":[]},{"id":850,"url":"https:\/\/blogg.fumei.se\/?p=850","url_meta":{"origin":118,"position":3},"title":"Bokrecension &#8211; Bl\u00e4ckhj\u00e4rta","author":"M :)","date":"2009-02-15","format":false,"excerpt":"Cornelia Funke \u00e4r en tysk f\u00f6rfattare, den tredje mest popul\u00e4ra I Tyskland efter JK Rowling (Harry Potter, duh!) och RL Stine (amerikansk f\u00f6rfattare som skriver rysare f\u00f6r barn och ungdomar). Bra s\u00e4llskap att befinna sig i. Jag l\u00e4ser mycket. M\u00e5nga b\u00f6cker har det blivit genom \u00e5ren och fler l\u00e4r det\u2026","rel":"","context":"I \u201dB\u00f6cker och l\u00e4sning\u201d","block_context":{"text":"B\u00f6cker och l\u00e4sning","link":"https:\/\/blogg.fumei.se\/?cat=29"},"img":{"alt_text":"","src":"","width":0,"height":0},"classes":[]},{"id":859,"url":"https:\/\/blogg.fumei.se\/?p=859","url_meta":{"origin":118,"position":4},"title":"It&#8217;s a small world&#8230;","author":"M :)","date":"2009-02-03","format":false,"excerpt":"Om man, som jag, \u00e4r lite historieintresserad och s\u00e4rskilt d\u00e5 av romartiden och medeltiden (och n\u00e5gra eror till som jag inte beh\u00f6ver n\u00e4mna h\u00e4r), d\u00e5 har man f\u00f6rmodligen l\u00e4st om den m\u00e4ktiga familjen Medici, som levde och h\u00e4rskade i Toscana (n\u00e4rmare best\u00e4mt Florens) i Italien under 1200-1700-talen (med sm\u00e4rre avbrott\u2026","rel":"","context":"I \u201dVardagsliv\u201d","block_context":{"text":"Vardagsliv","link":"https:\/\/blogg.fumei.se\/?cat=47"},"img":{"alt_text":"","src":"","width":0,"height":0},"classes":[]},{"id":864,"url":"https:\/\/blogg.fumei.se\/?p=864","url_meta":{"origin":118,"position":5},"title":"Egentligen","author":"M :)","date":"2009-02-02","format":false,"excerpt":"s\u00e5 suger det att ha bloggen p\u00e5 Blogg.se. F\u00f6r jag kan inte anv\u00e4nda de layouter och funktioner jag vill ha, och titt som t\u00e4tt s\u00e5 \u00e4r det n\u00e5t som inte funkar. Jag har kollat lite p\u00e5 att flytta \u00f6ver bloggen till n\u00e5n annan plattform, men inte kommit s\u00e5 l\u00e5ngt med\u2026","rel":"","context":"I \u201dVardagsliv\u201d","block_context":{"text":"Vardagsliv","link":"https:\/\/blogg.fumei.se\/?cat=47"},"img":{"alt_text":"","src":"","width":0,"height":0},"classes":[]}],"_links":{"self":[{"href":"https:\/\/blogg.fumei.se\/index.php?rest_route=\/wp\/v2\/posts\/118","targetHints":{"allow":["GET"]}}],"collection":[{"href":"https:\/\/blogg.fumei.se\/index.php?rest_route=\/wp\/v2\/posts"}],"about":[{"href":"https:\/\/blogg.fumei.se\/index.php?rest_route=\/wp\/v2\/types\/post"}],"author":[{"embeddable":true,"href":"https:\/\/blogg.fumei.se\/index.php?rest_route=\/wp\/v2\/users\/1"}],"replies":[{"embeddable":true,"href":"https:\/\/blogg.fumei.se\/index.php?rest_route=%2Fwp%2Fv2%2Fcomments&post=118"}],"version-history":[{"count":0,"href":"https:\/\/blogg.fumei.se\/index.php?rest_route=\/wp\/v2\/posts\/118\/revisions"}],"wp:attachment":[{"href":"https:\/\/blogg.fumei.se\/index.php?rest_route=%2Fwp%2Fv2%2Fmedia&parent=118"}],"wp:term":[{"taxonomy":"category","embeddable":true,"href":"https:\/\/blogg.fumei.se\/index.php?rest_route=%2Fwp%2Fv2%2Fcategories&post=118"},{"taxonomy":"post_tag","embeddable":true,"href":"https:\/\/blogg.fumei.se\/index.php?rest_route=%2Fwp%2Fv2%2Ftags&post=118"}],"curies":[{"name":"wp","href":"https:\/\/api.w.org\/{rel}","templated":true}]}}