{"id":1180,"date":"2009-11-30T11:23:25","date_gmt":"2009-11-30T11:23:25","guid":{"rendered":"http:\/\/blogg.fumei.se\/?p=1180"},"modified":"2024-03-24T13:01:46","modified_gmt":"2024-03-24T12:01:46","slug":"slutet-ar-nara","status":"publish","type":"post","link":"https:\/\/blogg.fumei.se\/?p=1180","title":{"rendered":"Slutet \u00e4r n\u00e4ra&#8230;"},"content":{"rendered":"\n<p>Idag \u00e4r det officiellt h\u00f6stens sista dag, och imorgon \u00e4r det 1:a December och den f\u00f6rsta vinterm\u00e5naden b\u00f6rjar. Ska bli intressant att se hur l\u00e4nge v\u00e4dret envist t\u00e4nker h\u00e5lla sig kvar i h\u00f6sten innan vi f\u00e5r sn\u00f6 och riktig vinter.<br \/>Ig\u00e5r var det f\u00f6rsta Advent. Jag orkade inte blogga ig\u00e5r, f\u00f6r det var fullt upp hela dagen. Mor och far kom redan vid 10-tiden och d\u00e5 for vi in till Falk\u00f6ping s\u00e5 att jag skulle f\u00e5 storhandlat. 2,5 timmar senare kom vi hem igen med bilen full av kassar och en styck ton\u00e5rsdotter. Vi hade \u00e4ven plockat upp min cykel p\u00e5 v\u00e4gen. Samma cykel som ovan n\u00e4mnda ton\u00e5rsdotter l\u00e5nade i somras och st\u00e4llde hos en kompis f\u00f6r att hon fick punka, och som hon sedan inte orkat eller k\u00e4nt f\u00f6r att h\u00e4mta hem igen. Pappa tog med sig b\u00e5de min och hennes cyklar hem f\u00f6r att laga trasiga d\u00e4ck.<\/p>\n\n\n\n<p>Sen blev det matlagning (som sk\u00f6tte sig sj\u00e4lv i ugnen) och uppackning och inplockning av allt jag handlat. Puh! Jag beh\u00f6ver en st\u00f6rre frys. Nu g\u00e5r det nog inte ens in en Piggelin i frysen, s\u00e5 full \u00e4r den! Och kylen \u00e4r lika proppfull, den. Fast det blir fortare lite h\u00e5l i hyllorna d\u00e4r.<br \/>Maten? Jo, det blev kyckling i ugn med saffranss\u00e5s och ris. Efter det drack vi kaffe och \u00e5t pepparkakor och vaniljkransar och supergod kladdkaka som mamma hade med sig.<\/p>\n\n\n\n<p>Resten av eftermiddagen\/kv\u00e4llen gick \u00e5t till att g\u00f6ra matl\u00e5dor och diska. Sen slappade jag. Det tyckte jag att jag var v\u00e4rd.<\/p>\n\n\n\n<p>Nu ska jag strax iv\u00e4g till jobbet. Och s\u00e5 ska jag se om jag kan komma p\u00e5 varf\u00f6r jag g\u00e5r omkring och k\u00e4nner det som om jag har gl\u00f6mt n\u00e5got v\u00e4ldigt viktigt.<\/p>\n","protected":false},"excerpt":{"rendered":"<p>Idag \u00e4r det officiellt h\u00f6stens sista dag, och imorgon \u00e4r det 1:a December och den f\u00f6rsta vinterm\u00e5naden b\u00f6rjar. Ska bli intressant att se hur l\u00e4nge v\u00e4dret envist t\u00e4nker h\u00e5lla sig kvar i h\u00f6sten innan vi f\u00e5r sn\u00f6 och riktig vinter.Ig\u00e5r var det f\u00f6rsta Advent. Jag orkade inte blogga ig\u00e5r, f\u00f6r det var fullt upp hela&#8230;<\/p>\n","protected":false},"author":1,"featured_media":0,"comment_status":"open","ping_status":"open","sticky":false,"template":"","format":"standard","meta":{"jetpack_post_was_ever_published":false,"_jetpack_newsletter_access":"","_jetpack_dont_email_post_to_subs":false,"_jetpack_newsletter_tier_id":0,"_jetpack_memberships_contains_paywalled_content":false,"_jetpack_memberships_contains_paid_content":false,"footnotes":"","jetpack_publicize_message":"","jetpack_publicize_feature_enabled":true,"jetpack_social_post_already_shared":false,"jetpack_social_options":{"image_generator_settings":{"template":"highway","default_image_id":0,"font":"","enabled":false},"version":2}},"categories":[47],"tags":[],"class_list":["post-1180","post","type-post","status-publish","format-standard","hentry","category-vardagsliv"],"jetpack_publicize_connections":[],"jetpack_featured_media_url":"","jetpack_shortlink":"https:\/\/wp.me\/p3qko4-j2","jetpack_sharing_enabled":true,"jetpack_likes_enabled":true,"jetpack-related-posts":[{"id":1091,"url":"https:\/\/blogg.fumei.se\/?p=1091","url_meta":{"origin":1180,"position":0},"title":"Blandad konfekt","author":"M :)","date":"2009-09-27","format":false,"excerpt":"t\u00e4nkte v\u00e4l mest uppdatera vad jag har gjort sen jag skrev h\u00e4r sist. Vilket var i fredags torsdags (vilken koll jag har...).Det blev ingen bokm\u00e4ssa. Jag sov j\u00e4tted\u00e5ligt p\u00e5 natten s\u00e5 jag orkade helt enkelt inte pallra mig upp och iv\u00e4g. Men det g\u00f6r inget, f\u00f6r sen kom jag p\u00e5\u2026","rel":"","context":"I \u201dVardagsliv\u201d","block_context":{"text":"Vardagsliv","link":"https:\/\/blogg.fumei.se\/?cat=47"},"img":{"alt_text":"","src":"","width":0,"height":0},"classes":[]},{"id":925,"url":"https:\/\/blogg.fumei.se\/?p=925","url_meta":{"origin":1180,"position":1},"title":"En produktiv slappardag","author":"M :)","date":"2009-05-30","format":false,"excerpt":"har vi haft h\u00e4r hemma idag. Dagen b\u00f6rjade s\u00e5 fint med att min sovmorgon blev avbruten vid 11-tiden av att modern ringde och sa att de var p\u00e5 v\u00e4g. I och f\u00f6r sig \u00e4r 11 en r\u00e4tt rej\u00e4l sovmorgon f\u00f6r min del, men en timme till hade faktiskt inte skadat.\u2026","rel":"","context":"I \u201dVardagsliv\u201d","block_context":{"text":"Vardagsliv","link":"https:\/\/blogg.fumei.se\/?cat=47"},"img":{"alt_text":"","src":"","width":0,"height":0},"classes":[]},{"id":983,"url":"https:\/\/blogg.fumei.se\/?p=983","url_meta":{"origin":1180,"position":2},"title":"*suck*","author":"M :)","date":"2009-06-16","format":false,"excerpt":"Vad ska man s\u00e4ga? Den k\u00e4ra ton\u00e5rsdottern f\u00f6rsvann ut vid 23-tiden ig\u00e5r kv\u00e4ll, f\u00f6r att, som hon sa, ta en promenad med ett par kompisar. Strax f\u00f6re midnatt kom ett sms d\u00e4r hon skrev att hon sover \u00f6ver hos den ene kompisen, f\u00f6r de skulle LAN:a. Jag ringde upp och\u2026","rel":"","context":"I \u201dVardagsliv\u201d","block_context":{"text":"Vardagsliv","link":"https:\/\/blogg.fumei.se\/?cat=47"},"img":{"alt_text":"","src":"","width":0,"height":0},"classes":[]},{"id":291,"url":"https:\/\/blogg.fumei.se\/?p=291","url_meta":{"origin":1180,"position":3},"title":"Jaha ja&#8230;","author":"EmEff","date":"2010-02-20","format":false,"excerpt":"Jag skulle ju jobba inatt. Tror ni det blir s\u00e5? Nej. F\u00f6r det sn\u00f6ar. Som fan. T\u00e5g och bussar \u00e4r inst\u00e4llda, folk f\u00e5r gr\u00e4va sig ut ur sina hus och kan knappt, om ens alls, ta sig till sina jobb eller annat de bokat in. Sverige st\u00e5r helt enkelt stilla.\u2026","rel":"","context":"I \u201dVardagsliv\u201d","block_context":{"text":"Vardagsliv","link":"https:\/\/blogg.fumei.se\/?cat=47"},"img":{"alt_text":"","src":"","width":0,"height":0},"classes":[]},{"id":1174,"url":"https:\/\/blogg.fumei.se\/?p=1174","url_meta":{"origin":1180,"position":4},"title":"Sjuk eller n\u00e5t","author":"M :)","date":"2009-10-06","format":false,"excerpt":"Jag har feber. Igen. Jag hade ju feber och hosta n\u00e4r jag kom hem fr\u00e5n utflykten till Finland, sen hade jag feber i\u00a0tv\u00e5 dagar f\u00f6rra helgen, och nu har jag det igen. Det b\u00f6rjade ig\u00e5r kv\u00e4ll, s\u00e5 jag sov inte s\u00e4rskilt mycket inatt pga att jag fr\u00f6s och var s\u00e5\u2026","rel":"","context":"I \u201dVardagsliv\u201d","block_context":{"text":"Vardagsliv","link":"https:\/\/blogg.fumei.se\/?cat=47"},"img":{"alt_text":"","src":"","width":0,"height":0},"classes":[]},{"id":251,"url":"https:\/\/blogg.fumei.se\/?p=251","url_meta":{"origin":1180,"position":5},"title":"*host host*","author":"M :)","date":"2010-04-15","format":false,"excerpt":"Att jag aldrig l\u00e4r mig! Nu har jag gjort samma misstag i \u00e5r igen, som jag g\u00f6r varje \u00e5r. H\u00e4ngt in vinterjackan i garderoben och bara k\u00f6rt tjocktr\u00f6ja n\u00e4r det varit soligt och fint. Men det bl\u00e5ser ju! S\u00e5 nu har jag f\u00e5tt raspig hals och lite hosta. F\u00e5r kl\u00e4\u2026","rel":"","context":"I \u201dVardagsliv\u201d","block_context":{"text":"Vardagsliv","link":"https:\/\/blogg.fumei.se\/?cat=47"},"img":{"alt_text":"","src":"","width":0,"height":0},"classes":[]}],"_links":{"self":[{"href":"https:\/\/blogg.fumei.se\/index.php?rest_route=\/wp\/v2\/posts\/1180","targetHints":{"allow":["GET"]}}],"collection":[{"href":"https:\/\/blogg.fumei.se\/index.php?rest_route=\/wp\/v2\/posts"}],"about":[{"href":"https:\/\/blogg.fumei.se\/index.php?rest_route=\/wp\/v2\/types\/post"}],"author":[{"embeddable":true,"href":"https:\/\/blogg.fumei.se\/index.php?rest_route=\/wp\/v2\/users\/1"}],"replies":[{"embeddable":true,"href":"https:\/\/blogg.fumei.se\/index.php?rest_route=%2Fwp%2Fv2%2Fcomments&post=1180"}],"version-history":[{"count":2,"href":"https:\/\/blogg.fumei.se\/index.php?rest_route=\/wp\/v2\/posts\/1180\/revisions"}],"predecessor-version":[{"id":6657,"href":"https:\/\/blogg.fumei.se\/index.php?rest_route=\/wp\/v2\/posts\/1180\/revisions\/6657"}],"wp:attachment":[{"href":"https:\/\/blogg.fumei.se\/index.php?rest_route=%2Fwp%2Fv2%2Fmedia&parent=1180"}],"wp:term":[{"taxonomy":"category","embeddable":true,"href":"https:\/\/blogg.fumei.se\/index.php?rest_route=%2Fwp%2Fv2%2Fcategories&post=1180"},{"taxonomy":"post_tag","embeddable":true,"href":"https:\/\/blogg.fumei.se\/index.php?rest_route=%2Fwp%2Fv2%2Ftags&post=1180"}],"curies":[{"name":"wp","href":"https:\/\/api.w.org\/{rel}","templated":true}]}}