{"id":1181,"date":"2009-11-29T17:16:18","date_gmt":"2009-11-29T17:16:18","guid":{"rendered":"http:\/\/blogg.fumei.se\/?p=1181"},"modified":"2024-03-24T12:59:50","modified_gmt":"2024-03-24T11:59:50","slug":"tjejsnack-vecka-48","status":"publish","type":"post","link":"https:\/\/blogg.fumei.se\/?p=1181","title":{"rendered":"Tjejsnack vecka 48"},"content":{"rendered":"\n<p>Vill du ocks\u00e5 vara med? Du hittar Tjejsnack <a href=\"http:\/\/mlilja.net\/tjejsnack\/\" target=\"_blank\" rel=\"noopener\"><strong>h\u00e4r<\/strong><\/a>.<\/p>\n\n\n\n<p><strong><span style=\"text-decoration: underline;\">L\u00e5tar<\/span><\/strong><\/p>\n\n\n\n<p><strong>1. En l\u00e5t som betyder mycket f\u00f6r dig, av vilken anledning?<\/strong><br \/>Love bites med Def Leppard. En favoritl\u00e5t i flera \u00e5r under 90-talet, och senare spelad p\u00e5 en mycket god v\u00e4ns alltf\u00f6r tidiga&nbsp;begravning.<\/p>\n\n\n\n<p><strong>2. En l\u00e5t du aldrig mer vill h\u00f6ra, av vilken anledning?<\/strong><br \/>Oj det finns flera stycken, men jag kommer inte p\u00e5 n\u00e5gon just nu. Jag g\u00f6r det enkelt f\u00f6r mig och s\u00e4ger <em>allt<\/em> med Kent.<\/p>\n\n\n\n<p><strong>3. En l\u00e5t du lyssnat p\u00e5 som du inte tycker \u00e4r barnv\u00e4nlig?<br \/><\/strong>Firestarter med Prodigy. S\u00e4llar mig ocks\u00e5&nbsp;till alla de andra som skrivit Bj\u00f6rn Rosenstr\u00f6m.<\/p>\n\n\n\n<p><strong>4. En l\u00e5t som gick varm i din musikspelare under ton\u00e5ren?<\/strong><br \/>Heaven med Bryan Adams. Eller kanske Runaway med Bon Jovi. Eller Forever Young med Alphaville. Eller&#8230;<\/p>\n\n\n\n<p><strong>5. En l\u00e5t som ger dig julst\u00e4mning?<\/strong><br \/>Fairytale of New York med The Pogues och Kirsty MacColl. Ingen klassisk juls\u00e5ng direkt, men den \u00e4r bara <em>s\u00e5<\/em> sk\u00f6n! Do they know it&#8217;s Christmas med Band Aid\u00a0och Last Christmas med Wham! funkar ocks\u00e5 fint f\u00f6r julhum\u00f6ret.<br \/>Ska man v\u00e4lja en ren juls\u00e5ng s\u00e5 blir det O Helga Natt, eller Adams Juls\u00e5ng, som den egentligen heter. Det \u00e4r ingen riktigt julafton om jag inte f\u00e5r h\u00f6ra den fram\u00e5t kv\u00e4llskvisten. Jag \u00e4lskar att h\u00f6ra den i Loa Falkmans version, men den h\u00e4r med peter J\u00f6back g\u00e5r inte heller av f\u00f6r hackor:<\/p>\n\n\n\n<figure class=\"wp-block-embed is-type-video is-provider-youtube wp-block-embed-youtube wp-embed-aspect-4-3 wp-has-aspect-ratio\"><div class=\"wp-block-embed__wrapper\">\n<div class=\"jetpack-video-wrapper\"><span class=\"embed-youtube\" style=\"text-align:center; display: block;\"><iframe loading=\"lazy\" class=\"youtube-player\" width=\"640\" height=\"360\" src=\"https:\/\/www.youtube.com\/embed\/yHYALTY3iek?version=3&#038;rel=1&#038;showsearch=0&#038;showinfo=1&#038;iv_load_policy=1&#038;fs=1&#038;hl=sv-SE&#038;autohide=2&#038;wmode=transparent\" allowfullscreen=\"true\" style=\"border:0;\" sandbox=\"allow-scripts allow-same-origin allow-popups allow-presentation allow-popups-to-escape-sandbox\"><\/iframe><\/span><\/div>\n<\/div><\/figure>\n","protected":false},"excerpt":{"rendered":"<p>Vill du ocks\u00e5 vara med? Du hittar Tjejsnack h\u00e4r. L\u00e5tar 1. En l\u00e5t som betyder mycket f\u00f6r dig, av vilken anledning?Love bites med Def Leppard. En favoritl\u00e5t i flera \u00e5r under 90-talet, och senare spelad p\u00e5 en mycket god v\u00e4ns alltf\u00f6r tidiga&nbsp;begravning. 2. En l\u00e5t du aldrig mer vill h\u00f6ra, av vilken anledning?Oj det finns&#8230;<\/p>\n","protected":false},"author":1,"featured_media":0,"comment_status":"open","ping_status":"open","sticky":false,"template":"","format":"standard","meta":{"jetpack_post_was_ever_published":false,"_jetpack_newsletter_access":"","_jetpack_dont_email_post_to_subs":false,"_jetpack_newsletter_tier_id":0,"_jetpack_memberships_contains_paywalled_content":false,"_jetpack_memberships_contains_paid_content":false,"footnotes":"","jetpack_publicize_message":"","jetpack_publicize_feature_enabled":true,"jetpack_social_post_already_shared":false,"jetpack_social_options":{"image_generator_settings":{"template":"highway","default_image_id":0,"font":"","enabled":false},"version":2}},"categories":[47],"tags":[],"class_list":["post-1181","post","type-post","status-publish","format-standard","hentry","category-vardagsliv"],"jetpack_publicize_connections":[],"jetpack_featured_media_url":"","jetpack_shortlink":"https:\/\/wp.me\/p3qko4-j3","jetpack_sharing_enabled":true,"jetpack_likes_enabled":true,"jetpack-related-posts":[{"id":901,"url":"https:\/\/blogg.fumei.se\/?p=901","url_meta":{"origin":1181,"position":0},"title":"Tjejsnack vecka 2, 2009","author":"M :)","date":"2009-04-19","format":false,"excerpt":"Milo har startat upp Tjejsnack igen! J J\u00e4ttekul! Jag hade t\u00e4nkt vara med fr\u00e5n b\u00f6rjan, men av n\u00e5gon anledning kom det hela tiden n\u00e5got annt emellan n\u00e4r jag skulle skriva mina svar p\u00e5 f\u00f6rra veckans fr\u00e5gor, s\u00e5 jag g\u00f6r ett seri\u00f6st f\u00f6rs\u00f6k den h\u00e4r veckan ist\u00e4llet. Here goes: 1. Vad\u2026","rel":"","context":"I \u201dVardagsliv\u201d","block_context":{"text":"Vardagsliv","link":"https:\/\/blogg.fumei.se\/?cat=47"},"img":{"alt_text":"","src":"","width":0,"height":0},"classes":[]},{"id":1047,"url":"https:\/\/blogg.fumei.se\/?p=1047","url_meta":{"origin":1181,"position":1},"title":"Tjejsnack vecka 36","author":"M :)","date":"2009-08-30","format":false,"excerpt":"Vill du ocks\u00e5 vara med? Du hittar Tjejsnack h\u00e4r. Musik 1. Vad lyssnade\/lyssnar du p\u00e5 i ton\u00e5ren?Gawd det \u00e4r ju s\u00e5 l\u00e4ngesen! Jag tror att jag lyssnade p\u00e5 samma saker d\u00e5 som nu, tex Bon Jovi, Aerosmith, Mellencamp och Europe. Jag lyssnade \u00e4ven p\u00e5 pop som Duran Duran och Wham.2.\u2026","rel":"","context":"I \u201dVardagsliv\u201d","block_context":{"text":"Vardagsliv","link":"https:\/\/blogg.fumei.se\/?cat=47"},"img":{"alt_text":"","src":"","width":0,"height":0},"classes":[]},{"id":1075,"url":"https:\/\/blogg.fumei.se\/?p=1075","url_meta":{"origin":1181,"position":2},"title":"Tjejsnack vecka 29","author":"M :)","date":"2009-08-09","format":false,"excerpt":"\u00c5 maj g\u00e5dd, nu \u00e4r jag s\u00e5 d\u00e4r j\u00e4tte-efter igen! Hur b\u00e4r jag mig \u00e5t?? I vilket fall som helst kommer nu flera Tjejsnack p\u00e5 rad...Vill du ocks\u00e5 vara med? Du hittar Tjejsnack h\u00e4r.1. Ber\u00e4tta om n\u00e5t pinsamt du blivit p\u00e5kommen med?Just nu kan jag inte komma p\u00e5 n\u00e5got. Eller\u2026","rel":"","context":"I \u201dVardagsliv\u201d","block_context":{"text":"Vardagsliv","link":"https:\/\/blogg.fumei.se\/?cat=47"},"img":{"alt_text":"","src":"","width":0,"height":0},"classes":[]},{"id":1072,"url":"https:\/\/blogg.fumei.se\/?p=1072","url_meta":{"origin":1181,"position":3},"title":"Tjejsnack vecka 32","author":"M :)","date":"2009-08-09","format":false,"excerpt":"Vill du ocks\u00e5 vara med? Du hittar Tjejsnack h\u00e4r. 1. \u00c4r du svartsjuk, p\u00e5 vilket s\u00e4tt? Jag kan vara v\u00e4ldigt svartsjuk om jag k\u00e4nner att jag har anledning till det. F\u00f6rr var jag v\u00e4ldigt mycket mer svartsjuk, \u00e4ven utan anledning. 2. Hur k\u00e4rleksfull \u00e4r du? Tja-aa...jag \u00e4r nog r\u00e4tt k\u00e4rleksfull\u2026","rel":"","context":"I \u201dVardagsliv\u201d","block_context":{"text":"Vardagsliv","link":"https:\/\/blogg.fumei.se\/?cat=47"},"img":{"alt_text":"","src":"","width":0,"height":0},"classes":[]},{"id":1132,"url":"https:\/\/blogg.fumei.se\/?p=1132","url_meta":{"origin":1181,"position":4},"title":"Tjejsnack vecka 37","author":"M :)","date":"2009-09-06","format":false,"excerpt":"Vill du ocks\u00e5 vara med? Du hittar Tjejsnack h\u00e4r.Senaste f\u00e4rden 1. Ber\u00e4tta lite om anledningen till din senaste bilf\u00e4rd?N\u00e4r vi hade varit p\u00e5 Bamboo och firat Lenas f\u00f6delsedag, fick jag och Lena skjuts fr\u00e5n resturangen ner till centralen i Gbg av Erika, som \u00e4nd\u00e5 skulle k\u00f6ra f\u00f6rbi d\u00e4r p\u00e5 v\u00e4g\u2026","rel":"","context":"I \u201dVardagsliv\u201d","block_context":{"text":"Vardagsliv","link":"https:\/\/blogg.fumei.se\/?cat=47"},"img":{"alt_text":"","src":"","width":0,"height":0},"classes":[]},{"id":1108,"url":"https:\/\/blogg.fumei.se\/?p=1108","url_meta":{"origin":1181,"position":5},"title":"Tjejsnack vecka 38","author":"M :)","date":"2009-09-14","format":false,"excerpt":"Vill du ocks\u00e5 vara med? Du hittar Tjejsnack h\u00e4r. Br\u00f6llop 1. Vill du gifta dig\/\u00e4r du gift, varf\u00f6r?, om inte av vilken anledning?Jag \u00e4r inte gift, har inte varit gift heller. D\u00e4remot kan jag mycket v\u00e4l t\u00e4nka mig att gifta mig. F\u00f6rutsatt naturligtvis att jag har en man i mitt\u2026","rel":"","context":"I \u201dVardagsliv\u201d","block_context":{"text":"Vardagsliv","link":"https:\/\/blogg.fumei.se\/?cat=47"},"img":{"alt_text":"","src":"","width":0,"height":0},"classes":[]}],"_links":{"self":[{"href":"https:\/\/blogg.fumei.se\/index.php?rest_route=\/wp\/v2\/posts\/1181","targetHints":{"allow":["GET"]}}],"collection":[{"href":"https:\/\/blogg.fumei.se\/index.php?rest_route=\/wp\/v2\/posts"}],"about":[{"href":"https:\/\/blogg.fumei.se\/index.php?rest_route=\/wp\/v2\/types\/post"}],"author":[{"embeddable":true,"href":"https:\/\/blogg.fumei.se\/index.php?rest_route=\/wp\/v2\/users\/1"}],"replies":[{"embeddable":true,"href":"https:\/\/blogg.fumei.se\/index.php?rest_route=%2Fwp%2Fv2%2Fcomments&post=1181"}],"version-history":[{"count":2,"href":"https:\/\/blogg.fumei.se\/index.php?rest_route=\/wp\/v2\/posts\/1181\/revisions"}],"predecessor-version":[{"id":6655,"href":"https:\/\/blogg.fumei.se\/index.php?rest_route=\/wp\/v2\/posts\/1181\/revisions\/6655"}],"wp:attachment":[{"href":"https:\/\/blogg.fumei.se\/index.php?rest_route=%2Fwp%2Fv2%2Fmedia&parent=1181"}],"wp:term":[{"taxonomy":"category","embeddable":true,"href":"https:\/\/blogg.fumei.se\/index.php?rest_route=%2Fwp%2Fv2%2Fcategories&post=1181"},{"taxonomy":"post_tag","embeddable":true,"href":"https:\/\/blogg.fumei.se\/index.php?rest_route=%2Fwp%2Fv2%2Ftags&post=1181"}],"curies":[{"name":"wp","href":"https:\/\/api.w.org\/{rel}","templated":true}]}}