{"id":1182,"date":"2009-11-28T18:50:47","date_gmt":"2009-11-28T18:50:47","guid":{"rendered":"http:\/\/blogg.fumei.se\/?p=1182"},"modified":"2009-11-28T18:50:47","modified_gmt":"2009-11-28T18:50:47","slug":"scheise","status":"publish","type":"post","link":"https:\/\/blogg.fumei.se\/?p=1182","title":{"rendered":"Schei\u00dfe"},"content":{"rendered":"<p>Det \u00e4r tyska, och betyder <em>skit<\/em> p\u00e5 ren svenska. Och skitsur \u00e4r vad jag blev n\u00e4r jag s\u00e5g att jag hade missat <a href=\"http:\/\/www.sr.se\/sida\/artikel.aspx?programid=2663&amp;artikel=3221085\" target=\"_blank\">Muse p\u00e5 P3 Live<\/a> ig\u00e5r kv\u00e4ll. Som tur \u00e4r kan man <a href=\"http:\/\/www.sr.se\/webbradio\/?type=broadcast&amp;Id=2077245&amp;BroadcastDate=&amp;IsBlock=1\" target=\"_blank\">lyssna p\u00e5 det igen<\/a>. Och igen. Och igen, igen, igen&#8230;<\/p>\n","protected":false},"excerpt":{"rendered":"<p>Det \u00e4r tyska, och betyder skit p\u00e5 ren svenska. Och skitsur \u00e4r vad jag blev n\u00e4r jag s\u00e5g att jag hade missat Muse p\u00e5 P3 Live ig\u00e5r kv\u00e4ll. Som tur \u00e4r kan man lyssna p\u00e5 det igen. Och igen. Och igen, igen, igen&#8230;<\/p>\n","protected":false},"author":1,"featured_media":0,"comment_status":"open","ping_status":"open","sticky":false,"template":"","format":"standard","meta":{"jetpack_post_was_ever_published":false,"_jetpack_newsletter_access":"","_jetpack_dont_email_post_to_subs":false,"_jetpack_newsletter_tier_id":0,"_jetpack_memberships_contains_paywalled_content":false,"_jetpack_memberships_contains_paid_content":false,"footnotes":"","jetpack_publicize_message":"","jetpack_publicize_feature_enabled":true,"jetpack_social_post_already_shared":false,"jetpack_social_options":{"image_generator_settings":{"template":"highway","default_image_id":0,"font":"","enabled":false},"version":2}},"categories":[47],"tags":[],"class_list":["post-1182","post","type-post","status-publish","format-standard","hentry","category-vardagsliv"],"jetpack_publicize_connections":[],"jetpack_featured_media_url":"","jetpack_shortlink":"https:\/\/wp.me\/s3qko4-scheise","jetpack_sharing_enabled":true,"jetpack_likes_enabled":true,"jetpack-related-posts":[{"id":1238,"url":"https:\/\/blogg.fumei.se\/?p=1238","url_meta":{"origin":1182,"position":0},"title":"Fototriss &#8211; S\u00e5 h\u00e4r ser det ut d\u00e4r jag \u00e4r idag","author":"M :)","date":"2010-01-16","format":false,"excerpt":"En helt vanlig arbetsdag, i det h\u00e4r fallet den 15 januari 2010, d\u00e4r jag f\u00f6rflyttar mig fr\u00e5n hemmet till jobbet och tillbaka igen, kan se ut lite grand s\u00e5 h\u00e4r: Stolar p\u00e5 t\u00e5get (det heter visst s\u00e4ten, n\u00e4r jag t\u00e4nker efter) \u00e4r vad jag ser i en timme varje resa.Jobbet.\u2026","rel":"","context":"I \u201dVardagsliv\u201d","block_context":{"text":"Vardagsliv","link":"https:\/\/blogg.fumei.se\/?cat=47"},"img":{"alt_text":"","src":"","width":0,"height":0},"classes":[]},{"id":1174,"url":"https:\/\/blogg.fumei.se\/?p=1174","url_meta":{"origin":1182,"position":1},"title":"Sjuk eller n\u00e5t","author":"M :)","date":"2009-10-06","format":false,"excerpt":"Jag har feber. Igen. Jag hade ju feber och hosta n\u00e4r jag kom hem fr\u00e5n utflykten till Finland, sen hade jag feber i\u00a0tv\u00e5 dagar f\u00f6rra helgen, och nu har jag det igen. Det b\u00f6rjade ig\u00e5r kv\u00e4ll, s\u00e5 jag sov inte s\u00e4rskilt mycket inatt pga att jag fr\u00f6s och var s\u00e5\u2026","rel":"","context":"I \u201dVardagsliv\u201d","block_context":{"text":"Vardagsliv","link":"https:\/\/blogg.fumei.se\/?cat=47"},"img":{"alt_text":"","src":"","width":0,"height":0},"classes":[]},{"id":134,"url":"https:\/\/blogg.fumei.se\/?p=134","url_meta":{"origin":1182,"position":2},"title":"30-dagarslista; Dag 4","author":"M :)","date":"2011-01-05","format":false,"excerpt":"Jag var r\u00e4tt megaslut ig\u00e5r kv\u00e4ll efter jobbet, s\u00e5 det blev ingen listning d\u00e5, men den kommer nu ist\u00e4llet. Dag 4; En bild p\u00e5 n\u00e5got du skulle vilja g\u00f6ra igen. Jag har inte flugit sedan jag var en liten tulta, s\u00e5 det skulle jag vilja testa igen. Visserligen \u00e4r jag\u2026","rel":"","context":"I \u201dVardagsliv\u201d","block_context":{"text":"Vardagsliv","link":"https:\/\/blogg.fumei.se\/?cat=47"},"img":{"alt_text":"","src":"","width":0,"height":0},"classes":[]},{"id":952,"url":"https:\/\/blogg.fumei.se\/?p=952","url_meta":{"origin":1182,"position":3},"title":"Inte nu igen&#8230;","author":"M :)","date":"2009-05-10","format":false,"excerpt":"Vaknar, g\u00e5r upp, fixar kaffe och s\u00e5 s\u00e4tter jag mig vid datorn f\u00f6r att ha en liten stund f\u00f6r mig sj\u00e4lv innan ton\u00e5ringarna b\u00f6rjar komma till liv.Ser att tr\u00e5dl\u00f6sa anslutningen inte kopplar upp, kollar modemet, startar om modem och router, fortfarande ingen kontakt.Fels\u00f6ker p\u00e5 Telias hemsida, f\u00e5r besked att det\u2026","rel":"","context":"I \u201dVardagsliv\u201d","block_context":{"text":"Vardagsliv","link":"https:\/\/blogg.fumei.se\/?cat=47"},"img":{"alt_text":"","src":"","width":0,"height":0},"classes":[]},{"id":3765,"url":"https:\/\/blogg.fumei.se\/?p=3765","url_meta":{"origin":1182,"position":4},"title":"Just ja, h\u00f6ll p\u00e5 att gl\u00f6mma&#8230;","author":"M :)","date":"2015-11-16","format":false,"excerpt":"Jag gjorde det igen... St\u00e4llde upp i Vem Vet Mest, allts\u00e5. Denna g\u00e5ngen i Revanschveckan. \u00c4nnu en heldag med galet vetgiriga och duktiga m\u00e4nniskor och det h\u00e4rliga VVM-teamet p\u00e5 SVT G\u00f6teborg! S\u00e4ndningsdatum 9 Februari. Och ni f\u00e5r helt enkelt h\u00e5lla er tills dess. \u00a0Lite ledsamt att jag inte f\u00e5r vara\u2026","rel":"","context":"I \u201dVardagsliv\u201d","block_context":{"text":"Vardagsliv","link":"https:\/\/blogg.fumei.se\/?cat=47"},"img":{"alt_text":"vvmblogg","src":"https:\/\/i0.wp.com\/blogg.fumei.se\/wp-content\/uploads\/2015\/11\/vvmblogg.jpg?resize=350%2C200","width":350,"height":200,"srcset":"https:\/\/i0.wp.com\/blogg.fumei.se\/wp-content\/uploads\/2015\/11\/vvmblogg.jpg?resize=350%2C200 1x, https:\/\/i0.wp.com\/blogg.fumei.se\/wp-content\/uploads\/2015\/11\/vvmblogg.jpg?resize=525%2C300 1.5x"},"classes":[]},{"id":2586,"url":"https:\/\/blogg.fumei.se\/?p=2586","url_meta":{"origin":1182,"position":5},"title":"S\u00f6ndagspromenad","author":"M :)","date":"2012-08-01","format":false,"excerpt":"Vi tog en l\u00e5ngpromenad med Stella. Det var ju fint v\u00e4der, s\u00e5 man fick ju passa p\u00e5, f\u00f6r man vet ju aldrig n\u00e4r det kan bli kasst v\u00e4der igen. Jag menar, det \u00e4r ju svensk sommar. 'Nuff said, liksom. Vi gick till Alphems arboretum, som ligger h\u00e4r i Floby. H\u00e4r\u00a0och\u00a0h\u00e4r\u00a0kan\u2026","rel":"","context":"I \u201dVardagsliv\u201d","block_context":{"text":"Vardagsliv","link":"https:\/\/blogg.fumei.se\/?cat=47"},"img":{"alt_text":"","src":"https:\/\/i0.wp.com\/blogg.fumei.se\/wp-content\/uploads\/2012\/08\/20120729_142252.jpg?resize=350%2C200","width":350,"height":200},"classes":[]}],"_links":{"self":[{"href":"https:\/\/blogg.fumei.se\/index.php?rest_route=\/wp\/v2\/posts\/1182","targetHints":{"allow":["GET"]}}],"collection":[{"href":"https:\/\/blogg.fumei.se\/index.php?rest_route=\/wp\/v2\/posts"}],"about":[{"href":"https:\/\/blogg.fumei.se\/index.php?rest_route=\/wp\/v2\/types\/post"}],"author":[{"embeddable":true,"href":"https:\/\/blogg.fumei.se\/index.php?rest_route=\/wp\/v2\/users\/1"}],"replies":[{"embeddable":true,"href":"https:\/\/blogg.fumei.se\/index.php?rest_route=%2Fwp%2Fv2%2Fcomments&post=1182"}],"version-history":[{"count":0,"href":"https:\/\/blogg.fumei.se\/index.php?rest_route=\/wp\/v2\/posts\/1182\/revisions"}],"wp:attachment":[{"href":"https:\/\/blogg.fumei.se\/index.php?rest_route=%2Fwp%2Fv2%2Fmedia&parent=1182"}],"wp:term":[{"taxonomy":"category","embeddable":true,"href":"https:\/\/blogg.fumei.se\/index.php?rest_route=%2Fwp%2Fv2%2Fcategories&post=1182"},{"taxonomy":"post_tag","embeddable":true,"href":"https:\/\/blogg.fumei.se\/index.php?rest_route=%2Fwp%2Fv2%2Ftags&post=1182"}],"curies":[{"name":"wp","href":"https:\/\/api.w.org\/{rel}","templated":true}]}}