{"id":1183,"date":"2009-11-28T00:08:48","date_gmt":"2009-11-28T00:08:48","guid":{"rendered":"http:\/\/blogg.fumei.se\/?p=1183"},"modified":"2009-11-28T00:08:48","modified_gmt":"2009-11-28T00:08:48","slug":"quality-time","status":"publish","type":"post","link":"https:\/\/blogg.fumei.se\/?p=1183","title":{"rendered":"Quality time"},"content":{"rendered":"<p>Egentid. Bra-att-ha f\u00f6r stressade, heltidsarbetande, ensamst\u00e5ende ton\u00e5rsmorsor. Jag f\u00e5r visserligen lite egentid varje vecka genom lediga dagar n\u00e4r barnen \u00e4r i skolan, men jag utnyttjar dem p\u00e5 fel s\u00e4tt. Jag st\u00e4dar och fixar alla &#8221;m\u00e5sten&#8221; ist\u00e4llet f\u00f6r att bara ta vara p\u00e5 tiden och njuta av att vara ledig och g\u00f6ra s\u00e5nt <em>jag<\/em> vill g\u00f6ra.<br \/>Men idag tog jag lite egentid p\u00e5 f\u00f6rmiddagen. Ist\u00e4llet f\u00f6r att greja h\u00e4r hemma p\u00e5 f\u00f6rmiddagen och sen ta t\u00e5get direkt till jobbet, tog jag ett tidigare t\u00e5g och s\u00e5 gick jag f\u00f6rst en runda i Femmanhuset och bara tittade, luktade, kl\u00e4mde och petade p\u00e5 en massa saker. K\u00f6pte storpack v\u00e4rmeljus p\u00e5 Clas Ohlson. En n\u00f6dv\u00e4ndig ingrediens f\u00f6r m\u00f6rka vinterkv\u00e4llar.<br \/>Sen bar det av till stadsbiblioteket. Egentligen tycker jag att <a href=\"http:\/\/www.goteborg.se\/wps\/portal\/stadsbiblioteket\" target=\"_blank\">stadsbiblioteket i Gbg<\/a> \u00e4r lite trist. Eller trist kanske \u00e4r fel ord, opersonligt kanske funkar b\u00e4ttre. Det \u00e4r s\u00e5 stort, och man g\u00e5r l\u00e4tt vilse bland alla hyllor och v\u00e5ningar. Trots det tycker jag om att g\u00e5 d\u00e4r och botanisera. Mots\u00e4gelsefullt &#8211; javisst!<br \/>I vilket fall som helst gick jag ut igen lite senare med en p\u00e5se b\u00f6cker. N\u00e5gon som \u00e4r f\u00f6rv\u00e5nad? Jag fick \u00e4ntligen med mig <a href=\"http:\/\/www.adlibris.com\/se\/product.aspx?isbn=0316034118\" target=\"_blank\">The Host<\/a>\u00a0(p\u00e5 engelska s\u00e5 klart), och dessutom <a href=\"http:\/\/www.adlibris.com\/se\/product.aspx?isbn=9177387481\" target=\"_blank\">Jesusdynastin<\/a>, <a href=\"http:\/\/www.adlibris.com\/se\/product.aspx?isbn=9170280762\" target=\"_blank\">Nattvardens Hemlighet<\/a> och <a href=\"http:\/\/www.adlibris.com\/se\/product.aspx?isbn=1846140587\" target=\"_blank\">Canterbury Tales<\/a> (p\u00e5 svenska trots att jag bad om den engelska, s\u00e5 jag ska byta ut den n\u00e4sta vecka).<\/p>\n<p>Sedan gick jag och k\u00f6pte knappar. Jag ska byta ut kardborrekn\u00e4ppningen p\u00e5 min duffel mot knappar och rep\u00f6glor. Kardborrebanden b\u00f6rjar bli lite lagom slitna efter sex \u00e5rs anv\u00e4ndning. Japp, jag \u00e4lskar verkligen min duffel! Bilder kommer senare.<br \/>P\u00e5 v\u00e4gen fr\u00e5n knappbutiken till sp\u00e5rvagnen gick jag f\u00f6rbi en sushibar, s\u00e5 p\u00e5 st\u00e5ende fot best\u00e4mde jag mig f\u00f6r att det skulle bli sushi till middag idag! <\/p>\n<p>P\u00e5 jobbet var det full fart (i vanlig ordning), men det lugnade ner sig efter n\u00e5gra timmar, s\u00e5 vi hann sitta ner en stund innan hemg\u00e5ng. Nu \u00e4r jag ledig resten av helgen. Fr\u00e5n jobbet men inte fr\u00e5n hemmet, s\u00e5 imorgon blir det st\u00e4dning och s\u00e5 ska jag s\u00e4tta upp resten av julsakerna, och p\u00e5 s\u00f6ndag blir det storhandling och sedan lunch och adventsfika med mor och far och barnen.<\/p>\n<p>Ikv\u00e4ll n\u00e4r jag kom hem satte jag p\u00e5 datorn med en g\u00e5ng. Jag har n\u00e4mligen g\u00e5tt omkring och haft f\u00f6r mig att det \u00e4r l\u00f6rdag hela dagen, och p\u00e5 l\u00f6rdag \u00e4r det dags f\u00f6r veckans MSN. Ist\u00e4llet fick jag ett meddelande fr\u00e5n Nina som talade om att det skulle bli konsert med <a href=\"http:\/\/www.mtv.se\/mtv\/?StoryId=70328\" target=\"_blank\">Muse p\u00e5 MTV kl 23.00<\/a>. S\u00e5 jag hamnade i tv-soffan ist\u00e4llet. Robin s\u00e5g tv\u00e5 l\u00e5tar och sen gick han in till sig. Han \u00e4r inte s\u00e5 f\u00f6rtjust i Muse haha. Men jag nj\u00f6t!<\/p>\n<p>Nu \u00e4r det slut, och jag t\u00e4nker krypa ner och b\u00f6rja p\u00e5 the Host.<\/p>\n","protected":false},"excerpt":{"rendered":"<p>Egentid. Bra-att-ha f\u00f6r stressade, heltidsarbetande, ensamst\u00e5ende ton\u00e5rsmorsor. Jag f\u00e5r visserligen lite egentid varje vecka genom lediga dagar n\u00e4r barnen \u00e4r i skolan, men jag utnyttjar dem p\u00e5 fel s\u00e4tt. Jag st\u00e4dar och fixar alla &#8221;m\u00e5sten&#8221; ist\u00e4llet f\u00f6r att bara ta vara p\u00e5 tiden och njuta av att vara ledig och g\u00f6ra s\u00e5nt jag vill g\u00f6ra.Men&#8230;<\/p>\n","protected":false},"author":1,"featured_media":0,"comment_status":"open","ping_status":"open","sticky":false,"template":"","format":"standard","meta":{"jetpack_post_was_ever_published":false,"_jetpack_newsletter_access":"","_jetpack_dont_email_post_to_subs":false,"_jetpack_newsletter_tier_id":0,"_jetpack_memberships_contains_paywalled_content":false,"_jetpack_memberships_contains_paid_content":false,"footnotes":"","jetpack_publicize_message":"","jetpack_publicize_feature_enabled":true,"jetpack_social_post_already_shared":false,"jetpack_social_options":{"image_generator_settings":{"template":"highway","default_image_id":0,"font":"","enabled":false},"version":2}},"categories":[47],"tags":[],"class_list":["post-1183","post","type-post","status-publish","format-standard","hentry","category-vardagsliv"],"jetpack_publicize_connections":[],"jetpack_featured_media_url":"","jetpack_shortlink":"https:\/\/wp.me\/p3qko4-j5","jetpack_sharing_enabled":true,"jetpack_likes_enabled":true,"jetpack-related-posts":[{"id":36,"url":"https:\/\/blogg.fumei.se\/?p=36","url_meta":{"origin":1183,"position":0},"title":"Tr\u00f6tt och sliten","author":"M :)","date":"2011-06-01","format":false,"excerpt":"De senaste tv\u00e5 velckorna\u00a0har jag inte bara jobbat med mitt \"vanliga\" jobb, jag har \u00e4ven - tillsammans med en kollega - gjort om i f\u00f6rr\u00e5dsutrymmena p\u00e5 jobbet. Vi har lyft, burit, sl\u00e4pat, h\u00e4ngt upp, flyttat och fixat, och\u00a0nu ser det s\u00e5 fint och \u00f6versk\u00e5dligt ut och\u00a0saker och ting har sin\u2026","rel":"","context":"I \u201dVardagsliv\u201d","block_context":{"text":"Vardagsliv","link":"https:\/\/blogg.fumei.se\/?cat=47"},"img":{"alt_text":"","src":"","width":0,"height":0},"classes":[]},{"id":1208,"url":"https:\/\/blogg.fumei.se\/?p=1208","url_meta":{"origin":1183,"position":1},"title":"Tr\u00e4smak i rumpestumpen","author":"M :)","date":"2009-12-21","format":false,"excerpt":"Ig\u00e5r kv\u00e4ll, strax efter att Robin hade g\u00e5tt och lagt sig, ropade han p\u00e5 mig. Han hade helt pl\u00f6tsligt f\u00e5tt v\u00e4ldigt ont i magen, p\u00e5 en punkt invid v\u00e4nster h\u00f6ft. Det gjorde s\u00e5 ont att stackarn b\u00f6rjade gr\u00e5ta och knappt kunde ta sig upp i sittande st\u00e4llning f\u00f6r att sv\u00e4lja\u2026","rel":"","context":"I \u201dVardagsliv\u201d","block_context":{"text":"Vardagsliv","link":"https:\/\/blogg.fumei.se\/?cat=47"},"img":{"alt_text":"","src":"","width":0,"height":0},"classes":[]},{"id":3695,"url":"https:\/\/blogg.fumei.se\/?p=3695","url_meta":{"origin":1183,"position":2},"title":"\u00c5rets f\u00f6rsta \u00f6-tur","author":"M :)","date":"2015-07-05","format":false,"excerpt":"Sedan tv\u00e5 \u00e5r tillbaka har jag tagit f\u00f6r vana att \u00e5ka ut till \u00f6arna i G\u00f6teborgs sk\u00e4rg\u00e5rd n\u00e4r jag \u00e4r ledig p\u00e5 sommaren. I \u00e5r har det ju varit lite sis\u00e5d\u00e4r med sommar v\u00e4dret, men ig\u00e5r slog jag till! Jag snubblade \u00f6ver en delad bild av en affisch p\u00e5 Facebook.\u2026","rel":"","context":"I \u201dVardagsliv\u201d","block_context":{"text":"Vardagsliv","link":"https:\/\/blogg.fumei.se\/?cat=47"},"img":{"alt_text":"","src":"https:\/\/i0.wp.com\/blogg.fumei.se\/wp-content\/uploads\/2015\/07\/20150704_141839.jpg?fit=1200%2C800&ssl=1&resize=350%2C200","width":350,"height":200,"srcset":"https:\/\/i0.wp.com\/blogg.fumei.se\/wp-content\/uploads\/2015\/07\/20150704_141839.jpg?fit=1200%2C800&ssl=1&resize=350%2C200 1x, https:\/\/i0.wp.com\/blogg.fumei.se\/wp-content\/uploads\/2015\/07\/20150704_141839.jpg?fit=1200%2C800&ssl=1&resize=525%2C300 1.5x, https:\/\/i0.wp.com\/blogg.fumei.se\/wp-content\/uploads\/2015\/07\/20150704_141839.jpg?fit=1200%2C800&ssl=1&resize=700%2C400 2x, https:\/\/i0.wp.com\/blogg.fumei.se\/wp-content\/uploads\/2015\/07\/20150704_141839.jpg?fit=1200%2C800&ssl=1&resize=1050%2C600 3x"},"classes":[]},{"id":1725,"url":"https:\/\/blogg.fumei.se\/?p=1725","url_meta":{"origin":1183,"position":3},"title":"Livstecken","author":"M :)","date":"2011-11-11","format":false,"excerpt":"Mina n\u00e4ra och k\u00e4ra (och n\u00e5gra till) vet att J bara fick tillf\u00e4lligt uppeh\u00e5llstillst\u00e5nd n\u00e4r han flyttade hit. Den 16 Juni i \u00e5r var sista dagen p\u00e5 det tillst\u00e5ndet, s\u00e5 i b\u00f6rjan av Maj skickade han in ans\u00f6kan om f\u00f6rl\u00e4ngning av uppeh\u00e5llstillst\u00e5nd till migrationsverket. Enligt dem kan det ta upp\u2026","rel":"","context":"I \u201dFamiljen\u201d","block_context":{"text":"Familjen","link":"https:\/\/blogg.fumei.se\/?cat=34"},"img":{"alt_text":"","src":"https:\/\/i0.wp.com\/blogg.fumei.se\/wp-content\/uploads\/2011\/11\/kallelesintervju-650x473.jpg?resize=350%2C200","width":350,"height":200,"srcset":"https:\/\/i0.wp.com\/blogg.fumei.se\/wp-content\/uploads\/2011\/11\/kallelesintervju-650x473.jpg?resize=350%2C200 1x, https:\/\/i0.wp.com\/blogg.fumei.se\/wp-content\/uploads\/2011\/11\/kallelesintervju-650x473.jpg?resize=525%2C300 1.5x"},"classes":[]},{"id":913,"url":"https:\/\/blogg.fumei.se\/?p=913","url_meta":{"origin":1183,"position":4},"title":"Man kanske skulle ta och uppdatera lite","author":"M :)","date":"2009-04-10","format":false,"excerpt":"s\u00e5 att man inte f\u00e5r h\u00f6ra att man aldrig skriver nuf\u00f6rtiden...S\u00e5 vad ska jag skriva d\u00e5? Tja, jag har jobbat ett par dagar, det \u00e4r ju inget konstigt eller ovanligt\u00a0med det. Jag hade hand om f\u00f6rr\u00e5dsbest\u00e4llningen sj\u00e4lv i Onsdags eftersom Sylwia var sjuk, men det gick nog bra. Alla vet\u2026","rel":"","context":"I \u201dVardagsliv\u201d","block_context":{"text":"Vardagsliv","link":"https:\/\/blogg.fumei.se\/?cat=47"},"img":{"alt_text":"","src":"","width":0,"height":0},"classes":[]},{"id":1038,"url":"https:\/\/blogg.fumei.se\/?p=1038","url_meta":{"origin":1183,"position":5},"title":"Jag ska fatta mig (ganska) kort","author":"M :)","date":"2009-07-07","format":false,"excerpt":"annars blir det en j\u00e4mrans l\u00e5ng uppdatering h\u00e4r! Jag har ju varit iv\u00e4g till mor och far ett par dagar. Egentligen skulle jag bara varit ut under m\u00e5ndagen f\u00f6r att tr\u00e4ffa syster med familj, men mamma hade snubblat \u00f6ver hundens koppel och tagit emot med h\u00f6gerhanden s\u00e5 illa att hon\u2026","rel":"","context":"I \u201dVardagsliv\u201d","block_context":{"text":"Vardagsliv","link":"https:\/\/blogg.fumei.se\/?cat=47"},"img":{"alt_text":"","src":"","width":0,"height":0},"classes":[]}],"_links":{"self":[{"href":"https:\/\/blogg.fumei.se\/index.php?rest_route=\/wp\/v2\/posts\/1183","targetHints":{"allow":["GET"]}}],"collection":[{"href":"https:\/\/blogg.fumei.se\/index.php?rest_route=\/wp\/v2\/posts"}],"about":[{"href":"https:\/\/blogg.fumei.se\/index.php?rest_route=\/wp\/v2\/types\/post"}],"author":[{"embeddable":true,"href":"https:\/\/blogg.fumei.se\/index.php?rest_route=\/wp\/v2\/users\/1"}],"replies":[{"embeddable":true,"href":"https:\/\/blogg.fumei.se\/index.php?rest_route=%2Fwp%2Fv2%2Fcomments&post=1183"}],"version-history":[{"count":0,"href":"https:\/\/blogg.fumei.se\/index.php?rest_route=\/wp\/v2\/posts\/1183\/revisions"}],"wp:attachment":[{"href":"https:\/\/blogg.fumei.se\/index.php?rest_route=%2Fwp%2Fv2%2Fmedia&parent=1183"}],"wp:term":[{"taxonomy":"category","embeddable":true,"href":"https:\/\/blogg.fumei.se\/index.php?rest_route=%2Fwp%2Fv2%2Fcategories&post=1183"},{"taxonomy":"post_tag","embeddable":true,"href":"https:\/\/blogg.fumei.se\/index.php?rest_route=%2Fwp%2Fv2%2Ftags&post=1183"}],"curies":[{"name":"wp","href":"https:\/\/api.w.org\/{rel}","templated":true}]}}