{"id":1186,"date":"2009-11-24T20:51:13","date_gmt":"2009-11-24T20:51:13","guid":{"rendered":"http:\/\/blogg.fumei.se\/?p=1186"},"modified":"2009-11-24T20:51:13","modified_gmt":"2009-11-24T20:51:13","slug":"blah-2","status":"publish","type":"post","link":"https:\/\/blogg.fumei.se\/?p=1186","title":{"rendered":"Blah"},"content":{"rendered":"<p>Rubriks\u00e4ttaren \u00e4r p\u00e5 semester i Maldiverna s\u00e5 jag f\u00e5r s\u00e4tta egna rubriker och det g\u00e5r s\u00e5d\u00e4r, som ni kan se&#8230;<br \/>Dags f\u00f6r en flera dagars uppdatering igen, ser jag. Tja, helgen var lugn, jag jobbade l\u00f6rdag kv\u00e4ll, och det var inte s\u00e5 mycket att g\u00f6ra, vi var dessutom gott om personal (=2 uskor p\u00e5 varje sida), s\u00e5 vi hann gott med allt som vi skulle g\u00f6ra och s\u00e5 ett par saker till.<br \/>V\u00e4l hemma igen blev det en stund p\u00e5 MSN.<br \/>S\u00f6ndagen \u00e4gnades \u00e5t att lata mig <em>n\u00e4stan<\/em> hela dagen. Sov l\u00e4nge och drog mig \u00e4nnu l\u00e4ngre, och sen handlade vi lite och s\u00e5 diskade Fia medan jag putsade f\u00f6nster. Eftersom de blev tv\u00e4ttade strax innan vi flyttade in i April, och eftersom vi bor p\u00e5 tredje v\u00e5ningen, s\u00e5 hade de inte hunnit bli genomskitiga, men det var \u00e4nd\u00e5 sk\u00f6nt att f\u00e5 det gjort. Nu f\u00e5r det dr\u00f6ja ett halv\u00e5r igen till n\u00e4sta g\u00e5ng.<\/p>\n<p>M\u00e5ndag p\u00e5 jobbet var ingen lugn historia d\u00e4remot. B\u00f6rjade med att l\u00f6sa av nattens usk efter en tvillingf\u00f6rlossning och fick sen springa p\u00e5 ett larm d\u00e4r vi f\u00e5tt in en ambulans. D\u00e4r blev jag sen fast i n\u00e5n timme, och resten av dagen gick i princip samma m\u00f6nster; v\u00e4xlade mellan operation och akutv\u00e5rd. Men det \u00e4r det jag tycker \u00e4r s\u00e5 roligt med mitt jobb &#8211; det snabba tempot, adrenalinkickarna och de omv\u00e4xlande uppgifterna! <br \/>Jag var rej\u00e4lt slut n\u00e4r jag v\u00e4l satte mig p\u00e5 t\u00e5get hem. D\u00e5 hade jag huninit smita ner till Clas Ohlson och k\u00f6pa ett par nya h\u00f6rlurar till min mp3\u00a0(min mobil). De gamla gick s\u00f6nder i ena lursladden f\u00f6r n\u00e5gon m\u00e5nad sedan, men jag lyckades f\u00e5 dem att funka tills vidare med hj\u00e4lp av en vridning av sladden och lite eltejp. <\/p>\n<p>Idag har jag varit ledig. Av n\u00e5gon underlig anledning r\u00e5kade alla tisdagar den h\u00e4r schemaperioden bli lediga dagar f\u00f6r mig. Jag hade t\u00e4nkt s\u00e4tta fram ljusstakar och lite annat advents- och julkrafs, men s\u00e5 ins\u00e5g jag att jag bara har en enda ljusstake. Jag har visserligen 2 stj\u00e4rnor till barnens rum ocks\u00e5, men jag beh\u00f6ver f\u00f6rl\u00e4ngningskablar till dem, och s\u00e5 ska jag k\u00f6pa 2 stj\u00e4rnor till vardagsrummet, s\u00e5 jag v\u00e4ntar tills p\u00e5 l\u00f6rdag ist\u00e4llet. Men nu \u00e4r alla julsaker nerplockade fr\u00e5n vinden i alla fall. Alla l\u00e5ter mer \u00e4n vad det \u00e4r. Jag \u00e4ger inte mycket julpynt. Har aldrig k\u00e4nt n\u00e5got st\u00f6rre behov av att pynta jul h\u00e4r hemma, eftersom vi alltid firat jul n\u00e5gon annanstans. Antingen \u00e4r vi alla tre hos mina f\u00f6r\u00e4ldrar eller s\u00e5 \u00e4r jag d\u00e4r sj\u00e4lv n\u00e4r barnen \u00e4r hos sin pappa. De g\u00e5ngerna brukar kompenseras av att vi far till f\u00f6r\u00e4ldrarna \u00f6ver ny\u00e5r ist\u00e4llet.<br \/>Men nu b\u00f6rjar ju \u00e5tminstone Fia bli s\u00e5 gammal att hon inte vill fira ny\u00e5r med mamma och morf\u00f6r\u00e4\u00f6drarna l\u00e4ngre, s\u00e5 det f\u00e5r nog bli ny\u00e5rsfirande h\u00e4r hemma i forts\u00e4ttningen.<\/p>\n<p>Ist\u00e4llet f\u00f6r julpyntande tog jag ist\u00e4llet en titt p\u00e5 Robins dator, som helt pl\u00f6tsligt lade av f\u00f6rra veckan. Jag tog av h\u00f6ljet och dammade av den lite p\u00e5 insidan och sen ringde jag Silvio som inte kunde hj\u00e4lpa mig p\u00e5 distans, s\u00e5 jag skruvade p\u00e5 h\u00f6ljet igen. Startade upp datorn bara f\u00f6r skoj skull och tjoho, den funkar nu! Inte l\u00e5ter den s\u00e5 mycket som innan heller. Och nej, det kan inte ha varit pga f\u00f6r mycket damm inuti, f\u00f6r det var knappt n\u00e5got d\u00e4r och det gick att peta bort med fingrarna. Jaja, vi f\u00e5r v\u00e4l se hur l\u00e4nge den funkar nu d\u00e5. Han har i alla fall f\u00e5tt installera WoW p\u00e5 min dator igen. Utifall att.<\/p>\n<p>Nu \u00e4r det dags f\u00f6r f\u00f6rberedelser inf\u00f6r morgondagen: packa matl\u00e5da, duscha och plocka i ordning. Snart \u00e4r det s\u00e4ngdags.<br \/>L\u00e4mnar er med en gammal goding som jag g\u00e5tt och nynnat p\u00e5 i ett par veckor nu:<\/p>\n<div style=\"text-align: center;\">\n<object classid=\"clsid:d27cdb6e-ae6d-11cf-96b8-444553540000\" width=\"425\" height=\"344\" codebase=\"http:\/\/download.macromedia.com\/pub\/shockwave\/cabs\/flash\/swflash.cab#version=6,0,40,0\"><param name=\"allowFullScreen\" value=\"true\" \/><param name=\"allowscriptaccess\" value=\"always\" \/><param name=\"src\" value=\"http:\/\/www.youtube.com\/v\/f4hsC0nRvZM&amp;hl=sv_SE&amp;fs=1&amp;\" \/><param name=\"allowfullscreen\" value=\"true\" \/><\/object>\n<\/div>\n","protected":false},"excerpt":{"rendered":"<p>Rubriks\u00e4ttaren \u00e4r p\u00e5 semester i Maldiverna s\u00e5 jag f\u00e5r s\u00e4tta egna rubriker och det g\u00e5r s\u00e5d\u00e4r, som ni kan se&#8230;Dags f\u00f6r en flera dagars uppdatering igen, ser jag. Tja, helgen var lugn, jag jobbade l\u00f6rdag kv\u00e4ll, och det var inte s\u00e5 mycket att g\u00f6ra, vi var dessutom gott om personal (=2 uskor p\u00e5 varje sida),&#8230;<\/p>\n","protected":false},"author":1,"featured_media":0,"comment_status":"open","ping_status":"open","sticky":false,"template":"","format":"standard","meta":{"jetpack_post_was_ever_published":false,"_jetpack_newsletter_access":"","_jetpack_dont_email_post_to_subs":false,"_jetpack_newsletter_tier_id":0,"_jetpack_memberships_contains_paywalled_content":false,"_jetpack_memberships_contains_paid_content":false,"footnotes":"","jetpack_publicize_message":"","jetpack_publicize_feature_enabled":true,"jetpack_social_post_already_shared":false,"jetpack_social_options":{"image_generator_settings":{"template":"highway","default_image_id":0,"font":"","enabled":false},"version":2}},"categories":[47],"tags":[],"class_list":["post-1186","post","type-post","status-publish","format-standard","hentry","category-vardagsliv"],"jetpack_publicize_connections":[],"jetpack_featured_media_url":"","jetpack_shortlink":"https:\/\/wp.me\/p3qko4-j8","jetpack_sharing_enabled":true,"jetpack_likes_enabled":true,"jetpack-related-posts":[{"id":913,"url":"https:\/\/blogg.fumei.se\/?p=913","url_meta":{"origin":1186,"position":0},"title":"Man kanske skulle ta och uppdatera lite","author":"M :)","date":"2009-04-10","format":false,"excerpt":"s\u00e5 att man inte f\u00e5r h\u00f6ra att man aldrig skriver nuf\u00f6rtiden...S\u00e5 vad ska jag skriva d\u00e5? Tja, jag har jobbat ett par dagar, det \u00e4r ju inget konstigt eller ovanligt\u00a0med det. Jag hade hand om f\u00f6rr\u00e5dsbest\u00e4llningen sj\u00e4lv i Onsdags eftersom Sylwia var sjuk, men det gick nog bra. Alla vet\u2026","rel":"","context":"I \u201dVardagsliv\u201d","block_context":{"text":"Vardagsliv","link":"https:\/\/blogg.fumei.se\/?cat=47"},"img":{"alt_text":"","src":"","width":0,"height":0},"classes":[]},{"id":264,"url":"https:\/\/blogg.fumei.se\/?p=264","url_meta":{"origin":1186,"position":1},"title":"H\u00e4nder i veckan","author":"M :)","date":"2010-03-23","format":false,"excerpt":"Jag t\u00e4nkte att det kunde vara en kategori. Alltid \u00e4r det n\u00e5got man ser fram emot eller m\u00e5ste ta tag i varje vecka. Nu \u00e4r det visserligen redan tisdag kv\u00e4ll, men \u00e4nd\u00e5. I m\u00e5ndags var ju Robin ch jag iv\u00e4g till barnhabiliteringen f\u00f6r hans \u00e5rliga \"besiktning\". Sjukgymnasten m\u00e4ter och vrider\u2026","rel":"","context":"I \u201dVardagsliv\u201d","block_context":{"text":"Vardagsliv","link":"https:\/\/blogg.fumei.se\/?cat=47"},"img":{"alt_text":"","src":"","width":0,"height":0},"classes":[]},{"id":215,"url":"https:\/\/blogg.fumei.se\/?p=215","url_meta":{"origin":1186,"position":2},"title":"Senaste nytt","author":"EmEff","date":"2010-06-15","format":false,"excerpt":"F\u00f6rra g\u00e5ngen jag pratade med handl\u00e4ggaren p\u00e5 MV sa han ju att jag skulle \u00e5terkomma om en m\u00e5nad och d\u00e5 skulle han kunna ha ett n\u00e4rmare besked \u00e5t mig. Efter att ha f\u00f6rs\u00f6kt komma \u00e5t en telefon under sj\u00e4lva telefontiden (en timme mellan 8.30 och 9.30)\u00a0och, de g\u00e5nger jag lyckats\u2026","rel":"","context":"I \u201dVardagsliv\u201d","block_context":{"text":"Vardagsliv","link":"https:\/\/blogg.fumei.se\/?cat=47"},"img":{"alt_text":"","src":"","width":0,"height":0},"classes":[]},{"id":838,"url":"https:\/\/blogg.fumei.se\/?p=838","url_meta":{"origin":1186,"position":3},"title":"Melodifestival och sn\u00f6yra","author":"M :)","date":"2009-02-21","format":false,"excerpt":"Ikv\u00e4ll var det dags f\u00f6r tredje delfinalen av melodifestivalen. jag t\u00e4nkte redan innan att det blir nog BWO och EMD som g\u00e5r vidare till finalen, och kanske Rickfors till andra chansen p\u00e5 gamla meriter, men sen visste jag inte riktigt vem jag ville skicka med honom till andra chansen. Om\u2026","rel":"","context":"I \u201dVardagsliv\u201d","block_context":{"text":"Vardagsliv","link":"https:\/\/blogg.fumei.se\/?cat=47"},"img":{"alt_text":"","src":"","width":0,"height":0},"classes":[]},{"id":1011,"url":"https:\/\/blogg.fumei.se\/?p=1011","url_meta":{"origin":1186,"position":4},"title":"Det regnar igen","author":"M :)","date":"2009-07-30","format":false,"excerpt":"Jag b\u00f6rjar bli ganska tr\u00f6tt p\u00e5 det h\u00e4r regnet nu, det k\u00e4nns faktiskt som om de tre veckor med sol jag hade under min semester l\u00e4r bli de enda den h\u00e4r sommaren. Jag tycker synd om alla som har semester nu, och om alla skolbarn- och ungdomar som inte kan\u2026","rel":"","context":"I \u201dVardagsliv\u201d","block_context":{"text":"Vardagsliv","link":"https:\/\/blogg.fumei.se\/?cat=47"},"img":{"alt_text":"","src":"","width":0,"height":0},"classes":[]},{"id":1085,"url":"https:\/\/blogg.fumei.se\/?p=1085","url_meta":{"origin":1186,"position":5},"title":"D\u00e5 var det s\u00f6ndag igen, d\u00e5&#8230;","author":"M :)","date":"2009-08-02","format":false,"excerpt":"Veckorna flyger ju fram, jag minns knappt att jag har haft semester, det k\u00e4nns som om jag varit p\u00e5 jobbet i flera m\u00e5nader redan fast det inte \u00e4r mer \u00e4n tre veckor. I och med att jag m\u00e5ste jobba 100% under semesterperioderna s\u00e5 k\u00e4nns det dessutom som om jag praktiskt\u2026","rel":"","context":"I \u201dVardagsliv\u201d","block_context":{"text":"Vardagsliv","link":"https:\/\/blogg.fumei.se\/?cat=47"},"img":{"alt_text":"","src":"","width":0,"height":0},"classes":[]}],"_links":{"self":[{"href":"https:\/\/blogg.fumei.se\/index.php?rest_route=\/wp\/v2\/posts\/1186","targetHints":{"allow":["GET"]}}],"collection":[{"href":"https:\/\/blogg.fumei.se\/index.php?rest_route=\/wp\/v2\/posts"}],"about":[{"href":"https:\/\/blogg.fumei.se\/index.php?rest_route=\/wp\/v2\/types\/post"}],"author":[{"embeddable":true,"href":"https:\/\/blogg.fumei.se\/index.php?rest_route=\/wp\/v2\/users\/1"}],"replies":[{"embeddable":true,"href":"https:\/\/blogg.fumei.se\/index.php?rest_route=%2Fwp%2Fv2%2Fcomments&post=1186"}],"version-history":[{"count":0,"href":"https:\/\/blogg.fumei.se\/index.php?rest_route=\/wp\/v2\/posts\/1186\/revisions"}],"wp:attachment":[{"href":"https:\/\/blogg.fumei.se\/index.php?rest_route=%2Fwp%2Fv2%2Fmedia&parent=1186"}],"wp:term":[{"taxonomy":"category","embeddable":true,"href":"https:\/\/blogg.fumei.se\/index.php?rest_route=%2Fwp%2Fv2%2Fcategories&post=1186"},{"taxonomy":"post_tag","embeddable":true,"href":"https:\/\/blogg.fumei.se\/index.php?rest_route=%2Fwp%2Fv2%2Ftags&post=1186"}],"curies":[{"name":"wp","href":"https:\/\/api.w.org\/{rel}","templated":true}]}}