{"id":1192,"date":"2009-11-17T12:34:27","date_gmt":"2009-11-17T12:34:27","guid":{"rendered":"http:\/\/blogg.fumei.se\/?p=1192"},"modified":"2009-11-17T12:34:27","modified_gmt":"2009-11-17T12:34:27","slug":"tjejsnack-vecka-47","status":"publish","type":"post","link":"https:\/\/blogg.fumei.se\/?p=1192","title":{"rendered":"Tjejsnack vecka 47"},"content":{"rendered":"<p>Vill du ocks\u00e5 vara med? Du hittar Tjejsnack <a href=\"http:\/\/mlilja.net\/tjejsnack\/\" target=\"_blank\"><strong>h\u00e4r<\/strong><\/a>.<\/p>\n<p><strong><span style=\"text-decoration: underline;\">Favorit<\/span><\/strong><br \/>\u2026just nu, och av vilken anledning\u2026<\/p>\n<p><strong>1. F\u00e4rg?<\/strong><br \/>Gr\u00f6n. Alltid gr\u00f6n. Vissa nyanser g\u00e5r visserligen bort; de som inte tilltalar mitt estetiska sinne. Gr\u00f6nt \u00e4r sk\u00f6nt, lugnande och harmoniskt.<\/p>\n<p><strong>2. Hobby\/syssels\u00e4ttning?<\/strong><br \/>Paint Shop Pro. \u00c4ven kallat &#8221;fattigmans-Photoshop&#8221;. Att kn\u00e5pa med bilder och &#8221;tags&#8221;, att leka med de olika verktygen &#8211; det \u00e4r <a href=\"http:\/\/public.fotki.com\/iwer\/showcase\/\" target=\"_blank\">mitt s\u00e4tt att koppla av<\/a>. Och s\u00e5 l\u00e4ser jag ju. Massor!<\/p>\n<p><strong>3. Artist?<br \/><\/strong>Muse. Muse, Muse, Muse. Sa jag Muse? K\u00e4nslosamt, energiskt, m\u00e4ktigt,\u00a0Muse \u00e4r ett enda stort lyckorus!<\/p>\n<p><strong>4. Blogg\/hemsida -adress?<br \/><\/strong>Ehrm&#8230;Facebook. K\u00e4ra, gamla fejjan. Alla roliga, kluriga, mysko, underliga statusuppdateringar och m\u00f6jligheten att \u00e5teruppta och n\u00e5gorlunda kunna h\u00e5lla kontakten med m\u00e4nniskor man &#8221;tappat bort p\u00e5 v\u00e4gen&#8221;.<\/p>\n<p><strong>5. TV-program?<br \/><\/strong>Eftersom det enda jag f\u00f6ljer n\u00e5gorlunda \u00e4r CSI s\u00e5 f\u00e5r det bli det. Det k\u00e4nns som ett naturligt val f\u00f6r oss som gillar mysterier och deckare. Lite av en &#8221;f\u00f6rl\u00e4ngning&#8221; av deckarna. Och Dobidoo. F\u00f6r att jag \u00e4lskar all sorts musik och f\u00f6r att Lasse Kron\u00e8r \u00e4r s\u00e5 sk\u00f6nt sig sj\u00e4lv.<\/p>\n","protected":false},"excerpt":{"rendered":"<p>Vill du ocks\u00e5 vara med? Du hittar Tjejsnack h\u00e4r. Favorit\u2026just nu, och av vilken anledning\u2026 1. F\u00e4rg?Gr\u00f6n. Alltid gr\u00f6n. Vissa nyanser g\u00e5r visserligen bort; de som inte tilltalar mitt estetiska sinne. Gr\u00f6nt \u00e4r sk\u00f6nt, lugnande och harmoniskt. 2. Hobby\/syssels\u00e4ttning?Paint Shop Pro. \u00c4ven kallat &#8221;fattigmans-Photoshop&#8221;. Att kn\u00e5pa med bilder och &#8221;tags&#8221;, att leka med de olika&#8230;<\/p>\n","protected":false},"author":1,"featured_media":0,"comment_status":"open","ping_status":"open","sticky":false,"template":"","format":"standard","meta":{"jetpack_post_was_ever_published":false,"_jetpack_newsletter_access":"","_jetpack_dont_email_post_to_subs":false,"_jetpack_newsletter_tier_id":0,"_jetpack_memberships_contains_paywalled_content":false,"_jetpack_memberships_contains_paid_content":false,"footnotes":"","jetpack_publicize_message":"","jetpack_publicize_feature_enabled":true,"jetpack_social_post_already_shared":false,"jetpack_social_options":{"image_generator_settings":{"template":"highway","default_image_id":0,"font":"","enabled":false},"version":2}},"categories":[47],"tags":[],"class_list":["post-1192","post","type-post","status-publish","format-standard","hentry","category-vardagsliv"],"jetpack_publicize_connections":[],"jetpack_featured_media_url":"","jetpack_shortlink":"https:\/\/wp.me\/p3qko4-je","jetpack_sharing_enabled":true,"jetpack_likes_enabled":true,"jetpack-related-posts":[{"id":1047,"url":"https:\/\/blogg.fumei.se\/?p=1047","url_meta":{"origin":1192,"position":0},"title":"Tjejsnack vecka 36","author":"M :)","date":"2009-08-30","format":false,"excerpt":"Vill du ocks\u00e5 vara med? Du hittar Tjejsnack h\u00e4r. Musik 1. Vad lyssnade\/lyssnar du p\u00e5 i ton\u00e5ren?Gawd det \u00e4r ju s\u00e5 l\u00e4ngesen! Jag tror att jag lyssnade p\u00e5 samma saker d\u00e5 som nu, tex Bon Jovi, Aerosmith, Mellencamp och Europe. Jag lyssnade \u00e4ven p\u00e5 pop som Duran Duran och Wham.2.\u2026","rel":"","context":"I \u201dVardagsliv\u201d","block_context":{"text":"Vardagsliv","link":"https:\/\/blogg.fumei.se\/?cat=47"},"img":{"alt_text":"","src":"","width":0,"height":0},"classes":[]},{"id":1107,"url":"https:\/\/blogg.fumei.se\/?p=1107","url_meta":{"origin":1192,"position":1},"title":"Muse &#8211; &#8221;The resistance&#8221; recension","author":"M :)","date":"2009-09-15","format":false,"excerpt":"\u00a0Fr\u00e5n b\u00f6rjan hade jag t\u00e4nkt g\u00f6ra en recension l\u00e5t f\u00f6r l\u00e5t, men jag struntar i det och recenserar lite som jag k\u00e4nner det ist\u00e4llet.Albumet har alla de v\u00e4lk\u00e4nda Muse-elementen, s\u00e5klart. Effektfulla gitarrer, sugande basg\u00e5ngar, pianoslingorna och tempo\u00e4ndringar. Allt finns d\u00e4r. Och lite till.Matthew Bellamy har kvar sin egen, personliga s\u00e5ngstil,\u2026","rel":"","context":"I \u201dVardagsliv\u201d","block_context":{"text":"Vardagsliv","link":"https:\/\/blogg.fumei.se\/?cat=47"},"img":{"alt_text":"","src":"https:\/\/i0.wp.com\/blogg.fumei.se\/wp-content\/uploads\/2009\/09\/5C9616F9-F938-40A6-B13B-6847C61266BA_4_5005_c.jpeg?resize=350%2C200&ssl=1","width":350,"height":200},"classes":[]},{"id":2778,"url":"https:\/\/blogg.fumei.se\/?p=2778","url_meta":{"origin":1192,"position":2},"title":"MUSE &#8211; The 2nd Law &#8211; Recension","author":"M :)","date":"2012-10-25","format":false,"excerpt":"Muse har sl\u00e4ppt ett nytt album, det sj\u00e4tte i ordningen. Det \u00e4r visserligen redan lite drygt en m\u00e5nad gammalt, men jag har lyssnat in mig ordentligt den h\u00e4r g\u00e5ngen. Jag har lite sv\u00e5rt att definiera Muse. \u00e4r det rock, \u00e4r det elektro, \u00e4r det pop? Jag kallar det elektrock. \"The\u2026","rel":"","context":"I \u201dMusik\u201d","block_context":{"text":"Musik","link":"https:\/\/blogg.fumei.se\/?cat=48"},"img":{"alt_text":"","src":"","width":0,"height":0},"classes":[]},{"id":2408,"url":"https:\/\/blogg.fumei.se\/?p=2408","url_meta":{"origin":1192,"position":3},"title":"Vad spelar det f\u00f6r roll att jag inte kommer iv\u00e4g p\u00e5 Sweden Rock i \u00e5r heller&#8230;","author":"M :)","date":"2012-06-07","format":false,"excerpt":"...n\u00e4r MUSE ska komma till Sverige igen?!! Svar: Absolut INGENTING!! Kerstin hade godheten och v\u00e4nligheten att meddela mig detta via en l\u00e4nk p\u00e5 FB, som jag s\u00e5g n\u00e4r jag kom hem, och \u00e4ven om jag inte har s\u00e5 m\u00e5nga \u00f6ren kvar efter alla r\u00e4kningar och s\u00e5nt d\u00e4r, s\u00e5 kommer det\u2026","rel":"","context":"I \u201dMusik\u201d","block_context":{"text":"Musik","link":"https:\/\/blogg.fumei.se\/?cat=48"},"img":{"alt_text":"","src":"","width":0,"height":0},"classes":[]},{"id":1142,"url":"https:\/\/blogg.fumei.se\/?p=1142","url_meta":{"origin":1192,"position":4},"title":"En musikalisk resa. Eller; Den musikaliska delen av resan, om man s\u00e5 vill.","author":"M :)","date":"2009-10-30","format":false,"excerpt":"Muse. Ett band som jag genom \u00e5ren h\u00f6rt enstaka l\u00e5tar av och med, men som inte fastnat. Tills f\u00f6r sis\u00e5d\u00e4r ett \u00e5r sedan. Jag \u00e4r allts\u00e5 ett nytt fan, och d\u00e4rmed hatad och avskydd av alla \"\u00e4kta\" Muse-fans v\u00e4rlden \u00f6ver. F\u00f6r ett \u00e5r sedan kom filmen Twilight, och med den\u2026","rel":"","context":"I \u201dVardagsliv\u201d","block_context":{"text":"Vardagsliv","link":"https:\/\/blogg.fumei.se\/?cat=47"},"img":{"alt_text":"","src":"","width":0,"height":0},"classes":[]},{"id":1067,"url":"https:\/\/blogg.fumei.se\/?p=1067","url_meta":{"origin":1192,"position":5},"title":"Den \u00e4r s\u00e5 bra","author":"M :)","date":"2009-08-11","format":false,"excerpt":"att jag inte kan l\u00e5ta bli att lyssna p\u00e5 den! Muse nya skiva! H\u00e4r \u00e4r en f\u00f6rsmak: https:\/\/www.youtube.com\/watch?v=w8KQmps-Sog&ab_channel=Muse P\u00e5 fredag sl\u00e4pps \"Resistance\" :) och sen \u00e4r det bara 70 dagar kvar till konserten!","rel":"","context":"I \u201dVardagsliv\u201d","block_context":{"text":"Vardagsliv","link":"https:\/\/blogg.fumei.se\/?cat=47"},"img":{"alt_text":"","src":"https:\/\/i0.wp.com\/img.youtube.com\/vi\/w8KQmps-Sog\/0.jpg?resize=350%2C200","width":350,"height":200},"classes":[]}],"_links":{"self":[{"href":"https:\/\/blogg.fumei.se\/index.php?rest_route=\/wp\/v2\/posts\/1192","targetHints":{"allow":["GET"]}}],"collection":[{"href":"https:\/\/blogg.fumei.se\/index.php?rest_route=\/wp\/v2\/posts"}],"about":[{"href":"https:\/\/blogg.fumei.se\/index.php?rest_route=\/wp\/v2\/types\/post"}],"author":[{"embeddable":true,"href":"https:\/\/blogg.fumei.se\/index.php?rest_route=\/wp\/v2\/users\/1"}],"replies":[{"embeddable":true,"href":"https:\/\/blogg.fumei.se\/index.php?rest_route=%2Fwp%2Fv2%2Fcomments&post=1192"}],"version-history":[{"count":0,"href":"https:\/\/blogg.fumei.se\/index.php?rest_route=\/wp\/v2\/posts\/1192\/revisions"}],"wp:attachment":[{"href":"https:\/\/blogg.fumei.se\/index.php?rest_route=%2Fwp%2Fv2%2Fmedia&parent=1192"}],"wp:term":[{"taxonomy":"category","embeddable":true,"href":"https:\/\/blogg.fumei.se\/index.php?rest_route=%2Fwp%2Fv2%2Fcategories&post=1192"},{"taxonomy":"post_tag","embeddable":true,"href":"https:\/\/blogg.fumei.se\/index.php?rest_route=%2Fwp%2Fv2%2Ftags&post=1192"}],"curies":[{"name":"wp","href":"https:\/\/api.w.org\/{rel}","templated":true}]}}