{"id":1193,"date":"2009-11-17T12:15:09","date_gmt":"2009-11-17T12:15:09","guid":{"rendered":"http:\/\/blogg.fumei.se\/?p=1193"},"modified":"2009-11-17T12:15:09","modified_gmt":"2009-11-17T12:15:09","slug":"tjejsnack-vecka-46","status":"publish","type":"post","link":"https:\/\/blogg.fumei.se\/?p=1193","title":{"rendered":"Tjejsnack vecka 46"},"content":{"rendered":"<p>Vill du ocks\u00e5 vara med? Du hittar Tjejsnack <a href=\"http:\/\/mlilja.net\/tjejsnack\/\" target=\"_blank\"><strong>h\u00e4r<\/strong><\/a>.<\/p>\n<p><strong><em>Brottslighet<\/em><\/strong><\/p>\n<p><strong>1. Din \u00e5sikt om att g\u00f6ra en dokuss\u00e5pa som handlar om kriminella ungdomar som f\u00e5r prova p\u00e5 hur det \u00e4r att vara inl\u00e5sta? Serien hette Inl\u00e5st, och man beh\u00f6ver inte ha sett serien f\u00f6r att ha en \u00e5sikt.<\/strong><br \/>Galet. Vem kom p\u00e5 den id\u00e8n? Dessa ungdomar kan mycket v\u00e4l \u00e4ndra sina liv och vilja g\u00f6ra n\u00e5got bra s\u00e5 sm\u00e5ningom, och vad kommer d\u00e5 att st\u00e5 i deras b\u00e4g? Jo, att de uppm\u00e4rksammats och deltagit i en dokus\u00e5pa som fokuserar p\u00e5 deras brottslighet. <br \/>Bolaget som gjorde serien kunde ha sk\u00e4nkt motsvarande summa som det kostade att producera den till brottsf\u00f6rebyggande ungdomsverksamhet.<\/p>\n<p><strong>2. Tycker du att det borde finnas \u00f6vervakningskameror i skolan?<\/strong><br \/>Med tanke p\u00e5 vad som s\u00e4gs och skrivs om vad som sker i skolorna nuf\u00f6rtiden, s\u00e5 ja. Men, det som filmas ska inte kunna anv\u00e4ndas i andra syften \u00e4n att klara upp brott och andra situationer d\u00e4r \u00f6vervakningsfilm \u00e4r bra att ha.<\/p>\n<p><strong>3. Din \u00e5sikt om att drogtesta 13-\u00e5ringar?<\/strong><br \/>Varf\u00f6r inte? Som f\u00f6r\u00e4lder vet jag att jag skulle vilja veta om n\u00e5got av mina barn anv\u00e4nder droger, och som f\u00f6r\u00e4lder vet jag ocks\u00e5 att det \u00e4r v\u00e4ldigt sv\u00e5rt att ha koll p\u00e5 allt ens barn g\u00f6r.\u00a0 Min plikt och mitt ansvar\u00a0som f\u00f6r\u00e4lder \u00e4r att se till att mina barn m\u00e5r bra och f\u00e5r en bra uppv\u00e4xt, och det \u00e4r sv\u00e5rt i dagens samh\u00e4lle, s\u00e5 skulle skolan eller fritidsg\u00e5rden eller vilken annan organisation\/f\u00f6rening mina barn \u00e4n \u00e4r med i fr\u00e5ga om det \u00e4r okej f\u00f6r mig att de drogtestar mina barn, s\u00e5 skulle jag svara ja. De f\u00f6r\u00e4ldrar som s\u00e4ger nej till detta \u00e4r, i mitt tycke, antingen totalt ovetande om vad som sker runtomkring eller oansvariga.<\/p>\n<p><strong>4. Vad \u00e4r det mest brottsliga du har gjort?<\/strong><br \/>Jag snattade godis p\u00e5 ICA n\u00e4r jag var 13 \u00e5r. Klantig var jag ocks\u00e5, f\u00f6r jag \u00e5kte fast p\u00e5 f\u00f6rsta f\u00f6rs\u00f6ket haha. Lika bra var det.<\/p>\n<p><strong>5. Hur resonerar du om d\u00f6dsstraff?<\/strong><br \/>Hj\u00e4lp. Det h\u00e4r \u00e4r en stor och sv\u00e5r fr\u00e5ga. Jag \u00e4r lite kluven. \u00c5 ena sidan \u00e4r jag f\u00f6r. Jag tycker att ha man tagit en annan persons liv, eller f\u00f6rst\u00f6r livet f\u00f6r n\u00e5gon genom en frutansv\u00e4rd g\u00e4rning, d\u00e5 har man ocks\u00e5 f\u00f6rverkat r\u00e4tten till sitt eget liv. M\u00e5nga g\u00e5nger n\u00e4r jag l\u00e4ser tidningarna kan jag t\u00e4nka &#8221;det \u00e4r synd att vi inte har d\u00f6dsstraff i Sverige&#8221;.<br \/>\u00c5 andra sidan \u00e4r jag emot. T\u00e4nk om man avr\u00e4ttar fel person? Det h\u00e4nder ju ibland att\u00a0en person \u00e5ker dit f\u00f6r ett brott han eller hon inte beg\u00e5tt. Och varf\u00f6r ska den som d\u00f6dat slippa lidandet som den d\u00f6des familj och v\u00e4nner f\u00e5r leva med resten av sina liv? M\u00e5r de anh\u00f6riga b\u00e4ttre f\u00f6r att den skyldige avr\u00e4ttas?<br \/>Det finns m\u00e5nga aspekter att ta h\u00e4nsyn till i den h\u00e4r fr\u00e5gan.<\/p>\n","protected":false},"excerpt":{"rendered":"<p>Vill du ocks\u00e5 vara med? Du hittar Tjejsnack h\u00e4r. Brottslighet 1. Din \u00e5sikt om att g\u00f6ra en dokuss\u00e5pa som handlar om kriminella ungdomar som f\u00e5r prova p\u00e5 hur det \u00e4r att vara inl\u00e5sta? Serien hette Inl\u00e5st, och man beh\u00f6ver inte ha sett serien f\u00f6r att ha en \u00e5sikt.Galet. Vem kom p\u00e5 den id\u00e8n? Dessa ungdomar&#8230;<\/p>\n","protected":false},"author":1,"featured_media":0,"comment_status":"open","ping_status":"open","sticky":false,"template":"","format":"standard","meta":{"jetpack_post_was_ever_published":false,"_jetpack_newsletter_access":"","_jetpack_dont_email_post_to_subs":false,"_jetpack_newsletter_tier_id":0,"_jetpack_memberships_contains_paywalled_content":false,"_jetpack_memberships_contains_paid_content":false,"footnotes":"","jetpack_publicize_message":"","jetpack_publicize_feature_enabled":true,"jetpack_social_post_already_shared":false,"jetpack_social_options":{"image_generator_settings":{"template":"highway","default_image_id":0,"font":"","enabled":false},"version":2}},"categories":[47],"tags":[],"class_list":["post-1193","post","type-post","status-publish","format-standard","hentry","category-vardagsliv"],"jetpack_publicize_connections":[],"jetpack_featured_media_url":"","jetpack_shortlink":"https:\/\/wp.me\/p3qko4-jf","jetpack_sharing_enabled":true,"jetpack_likes_enabled":true,"jetpack-related-posts":[{"id":324,"url":"https:\/\/blogg.fumei.se\/?p=324","url_meta":{"origin":1193,"position":0},"title":"Tjej&#038;Killsnack vecka 49, 2009","author":"EmEff","date":"2009-12-06","format":false,"excerpt":"Vill du ocks\u00e5 vara med? Du hittar Tjejsnack h\u00e4r. Barnb\u00f6cker 1. Om du skulle skriva en barnbok, vad skulle den handla om?F\u00f6rmodligen n\u00e5got mainstream som prinsar och prinsessor och drakar och troll och skatter och f\u00f6rtrollade skogar. Jag \u00e4lskar ju som sagt sagor och magiska ber\u00e4ttelser, och har de lyckliga\u2026","rel":"","context":"I \u201dVardagsliv\u201d","block_context":{"text":"Vardagsliv","link":"https:\/\/blogg.fumei.se\/?cat=47"},"img":{"alt_text":"","src":"","width":0,"height":0},"classes":[]},{"id":901,"url":"https:\/\/blogg.fumei.se\/?p=901","url_meta":{"origin":1193,"position":1},"title":"Tjejsnack vecka 2, 2009","author":"M :)","date":"2009-04-19","format":false,"excerpt":"Milo har startat upp Tjejsnack igen! J J\u00e4ttekul! Jag hade t\u00e4nkt vara med fr\u00e5n b\u00f6rjan, men av n\u00e5gon anledning kom det hela tiden n\u00e5got annt emellan n\u00e4r jag skulle skriva mina svar p\u00e5 f\u00f6rra veckans fr\u00e5gor, s\u00e5 jag g\u00f6r ett seri\u00f6st f\u00f6rs\u00f6k den h\u00e4r veckan ist\u00e4llet. Here goes: 1. Vad\u2026","rel":"","context":"I \u201dVardagsliv\u201d","block_context":{"text":"Vardagsliv","link":"https:\/\/blogg.fumei.se\/?cat=47"},"img":{"alt_text":"","src":"","width":0,"height":0},"classes":[]},{"id":1101,"url":"https:\/\/blogg.fumei.se\/?p=1101","url_meta":{"origin":1193,"position":2},"title":"Tjejsnack vecka 39","author":"M :)","date":"2009-09-20","format":false,"excerpt":"Vill du ocks\u00e5 vara med? Du hittar Tjejsnack h\u00e4r.B\u00f6cker 1. Anv\u00e4nder du bokm\u00e4rke n\u00e4r du l\u00e4ser, vilken typ?Jag anv\u00e4nder bara bokm\u00e4rke n\u00e4r jag l\u00e4ser b\u00f6cker som inte \u00e4r mina egna, tex l\u00e5nade fr\u00e5n biblioteket. Annars viker jag h\u00f6rn. 2. Vilken \u00e4r din favoritbok?Det finns flera b\u00f6cker jag \u00e4lskar, men Sagan\u2026","rel":"","context":"I \u201dVardagsliv\u201d","block_context":{"text":"Vardagsliv","link":"https:\/\/blogg.fumei.se\/?cat=47"},"img":{"alt_text":"","src":"","width":0,"height":0},"classes":[]},{"id":276,"url":"https:\/\/blogg.fumei.se\/?p=276","url_meta":{"origin":1193,"position":3},"title":"Tjej&#038;Killsnack vecka 10","author":"M :)","date":"2010-03-08","format":false,"excerpt":"\u00a0Vill du ocks\u00e5 vara med? Du hittar Tjejsnack h\u00e4r. Filmer 1. Ser du helst en film p\u00e5 bio eller hemma, varf\u00f6r?Hemma. F\u00f6r d\u00e5 kan jag sitta i mysbrallor eller pyjamas och skratta och\/eller gr\u00e5ta hur mycket jag vill utan att n\u00e5gon tittar konstigt p\u00e5 mig. Och s\u00e5 \u00e4r det ingen\u2026","rel":"","context":"I \u201dVardagsliv\u201d","block_context":{"text":"Vardagsliv","link":"https:\/\/blogg.fumei.se\/?cat=47"},"img":{"alt_text":"","src":"","width":0,"height":0},"classes":[]},{"id":849,"url":"https:\/\/blogg.fumei.se\/?p=849","url_meta":{"origin":1193,"position":4},"title":"TV-recension &#8211; Merlin","author":"M :)","date":"2009-02-16","format":false,"excerpt":"Saxat fr\u00e5n SVT.se: Merlin - storslaget och magiskt \u00e4ventyrsdrama f\u00f6r hela familjen Den brittiska tittarsucc\u00e9n Merlin \u00e4r en dramaserie i 13 delar som ger en ny publik chansen att bekanta sig med den ber\u00f6mda trollkarlen. Merlin \u00e4r en fantasifull och trollbindande nytolkning av en urgammal legend och utspelar sig i\u2026","rel":"","context":"I \u201dFilmer och TV\u201d","block_context":{"text":"Filmer och TV","link":"https:\/\/blogg.fumei.se\/?cat=43"},"img":{"alt_text":"","src":"","width":0,"height":0},"classes":[]},{"id":1158,"url":"https:\/\/blogg.fumei.se\/?p=1158","url_meta":{"origin":1193,"position":5},"title":"Tjejsnack vecka 41","author":"M :)","date":"2009-10-11","format":false,"excerpt":"Vill du ocks\u00e5 vara med? Du hittar Tjejsnack h\u00e4r. L\u00e4rdom 1. Vad vill du l\u00e4ra dig? Jag vill l\u00e4ra mig m\u00e5nga saker; att kunna prata och l\u00e4sa\/skriva italienska ordentligt, att spela piano, ryska...listan kan g\u00f6ras ganska l\u00e5ng. 2. Vad l\u00e4rde du dig senast? Man l\u00e4r sig n\u00e5got nytt varje dag,\u2026","rel":"","context":"I \u201dVardagsliv\u201d","block_context":{"text":"Vardagsliv","link":"https:\/\/blogg.fumei.se\/?cat=47"},"img":{"alt_text":"","src":"","width":0,"height":0},"classes":[]}],"_links":{"self":[{"href":"https:\/\/blogg.fumei.se\/index.php?rest_route=\/wp\/v2\/posts\/1193","targetHints":{"allow":["GET"]}}],"collection":[{"href":"https:\/\/blogg.fumei.se\/index.php?rest_route=\/wp\/v2\/posts"}],"about":[{"href":"https:\/\/blogg.fumei.se\/index.php?rest_route=\/wp\/v2\/types\/post"}],"author":[{"embeddable":true,"href":"https:\/\/blogg.fumei.se\/index.php?rest_route=\/wp\/v2\/users\/1"}],"replies":[{"embeddable":true,"href":"https:\/\/blogg.fumei.se\/index.php?rest_route=%2Fwp%2Fv2%2Fcomments&post=1193"}],"version-history":[{"count":0,"href":"https:\/\/blogg.fumei.se\/index.php?rest_route=\/wp\/v2\/posts\/1193\/revisions"}],"wp:attachment":[{"href":"https:\/\/blogg.fumei.se\/index.php?rest_route=%2Fwp%2Fv2%2Fmedia&parent=1193"}],"wp:term":[{"taxonomy":"category","embeddable":true,"href":"https:\/\/blogg.fumei.se\/index.php?rest_route=%2Fwp%2Fv2%2Fcategories&post=1193"},{"taxonomy":"post_tag","embeddable":true,"href":"https:\/\/blogg.fumei.se\/index.php?rest_route=%2Fwp%2Fv2%2Ftags&post=1193"}],"curies":[{"name":"wp","href":"https:\/\/api.w.org\/{rel}","templated":true}]}}