{"id":1194,"date":"2009-11-17T11:50:10","date_gmt":"2009-11-17T11:50:10","guid":{"rendered":"http:\/\/blogg.fumei.se\/?p=1194"},"modified":"2009-11-17T11:50:10","modified_gmt":"2009-11-17T11:50:10","slug":"tjejsnack-vecka-45","status":"publish","type":"post","link":"https:\/\/blogg.fumei.se\/?p=1194","title":{"rendered":"Tjejsnack vecka 45"},"content":{"rendered":"<p>Vill du ocks\u00e5 vara med? Du hittar Tjejsnack <a href=\"http:\/\/mlilja.net\/tjejsnack\/\" target=\"_blank\">h\u00e4r<\/a>.<\/p>\n<p><strong><em>H\u00f6gtider<\/em><\/strong><\/p>\n<p><strong>1. Finns det n\u00e5gon helgdag som du tycker \u00e4r helt on\u00f6dig?<\/strong><br \/>Nja, alla fyller de v\u00e4l n\u00e5got slags syfte, \u00e4ven om m\u00e5nga inte firar dem p\u00e5 traditionellt s\u00e4tt l\u00e4ngre. Men 1:a Maj tycker jag nog har gjort sitt. Den var ju fr\u00e5n b\u00f6rjan Arbetarr\u00f6relsens dag, en dag d\u00e5 man hade m\u00f6jlighet att vara ledig f\u00e5n jobbet och demonstrera och visa vad man tyckte i olika fr\u00e5gor. Idag \u00e4r det klent med demonstrationerna, och m\u00e5nga \u00e4r tvungna att arbeta \u00e4ven denna &#8221;arbetarnas egen dag&#8221;.<br \/>Nationaldagen \u00e4r en annan dag som jag inte riktigt\u00a0f\u00f6rst\u00e5r varf\u00f6r den ska vara &#8221;r\u00f6d&#8221;. I andra l\u00e4nder firar man nationaldagen till minne av att landet blivit sj\u00e4lvst\u00e4ndigt, eller att kriget (oftast VK2) tagit slut. I Sverige heter det ju egentligen Svenska Flaggans Dag och firas till minne av att Gustav Vasa valdes till Sveriges riksf\u00f6rest\u00e5ndare detta datum 1523. (Vi firar ocks\u00e5 att det kom en ny regeringsform \u00e5r 1809. Som inte ens \u00e4r i bruk l\u00e4ngre, eftersom det kom ytterligare en ny 1974!) K\u00e4nns lite f\u00f6rlegat. Och jag k\u00e4nner inte <em>n\u00e5gon<\/em> som firar nationaldagen. <\/p>\n<p><strong>2. Om du skulle inf\u00f6ra en helgdag, vilken\/varf\u00f6r?<\/strong><br \/>Jodu, det t\u00e5l att t\u00e4nkas p\u00e5. Kanske att Valborgsm\u00e4ssoafton skulle bli en r\u00f6d dag, den firas ju \u00e4nd\u00e5 av m\u00e5nga. Eller att man inf\u00f6r en helgdag till under h\u00f6sten, f\u00f6r det \u00e4r inte lika m\u00e5nga d\u00e5 som under v\u00e5ren. <\/p>\n<p><strong>3. Tycker du att skolavslutningar ska vara i kyrkan?<br \/><\/strong><em>Ska<\/em> \u00e4r v\u00e4l att ta i, men jag som \u00e4r uppv\u00e4xt med skolavslutningar i kyrkan tycker ju att det \u00e4r en vacker tradition (jag \u00e4r stenbock &#8211; vi gillar traditioner), men tiderna och traditionerna \u00e4ndras i takt med att v\u00e4rlden f\u00f6r\u00e4ndras, s\u00e5 d\u00e5 f\u00e5r man ocks\u00e5 \u00e4ndra sitt s\u00e4tt att t\u00e4nka. Idag \u00e4r en ganska stor del av Sveriges befolkning invandrare eller andra generationens invandrare, och har naturligt nog inte samma traditioner och kultur som svenskarna. Sverige har dessutom ingen officiell statsreligion (kyrkan och staten skildes \u00e5t 1 Januari 2000), s\u00e5 varf\u00f6r fors\u00e4tta knyta an till kyrkan?<br \/>Visserligen sjunger man n\u00e5gra psalmer p\u00e5 skolavslutningarna (&#8221;Den blomstertid&#8230;&#8221; och &#8221;I denna ljuva sommartid&#8221;) men man sjunger ju ocks\u00e5 en hel del andra vackra sommars\u00e5nger som inte har ett dugg med kyrka och religion att g\u00f6ra. Psalmer kan man ju sjunga var som helst, och fira kan man g\u00f6ra var som helst. Det hela beror ju inte p\u00e5 <em>var<\/em> man befinner sig, utan p\u00e5 <em>hur<\/em> man v\u00e4ljer att utf\u00f6ra ceremonin.<\/p>\n<p><strong>4. Vilken h\u00f6gtid \u00e4r din favorit, varf\u00f6r?<br \/><\/strong>Julen. Det \u00e4r den enda h\u00f6gtid jag firar. Ja, midsommar firas bara n\u00e4stan, och ny\u00e5r \u00e4r f\u00f6r mig bara en enda l\u00e5ng festarhelg, och de andra helgdagarna firar jag inte alls.<br \/>Men julen \u00e4r speciell. D\u00e5 \u00e4r jag (f\u00f6rhoppningsvis) ledig och d\u00e5 \u00e5ker jag hem till mamma och pappa och bara \u00e4r. Njuter av god mat och umg\u00e5s med mina f\u00f6r\u00e4ldrar och eventuella andra familjemedlemmar som ocks\u00e5 kommer dit. Vartannat \u00e5r \u00e4r min julhelg med barnen, s\u00e5 d\u00e5 blir det traditionsenlig jul, och vartannat \u00e5r \u00e4r ny\u00e5rshelgen min barnhelg, s\u00e5 d\u00e5 firar vi jul p\u00e5 ny\u00e5r ist\u00e4llet, med julbord till lunchen och ny\u00e5rskalas till middagen, och julklappar till kaffet och raketer och fyrverkerier p\u00e5 kv\u00e4llen. <\/p>\n<p><strong>5. Vad tycker du om halloweenfirande?<\/strong><br \/>Jag tycker det \u00e4r ett enda stort jippo som handlarna inf\u00f6rt f\u00f6r att tj\u00e4na lite pengar. Jag menar, allt annat som man g\u00f6r i USA verkar ju g\u00e5 hem i Sverige s\u00e5 varf\u00f6r inte f\u00f6rs\u00f6ka med Halloween ocks\u00e5? Snart \u00e4r det v\u00e4l n\u00e5gon som vill inf\u00f6ra Thanksgiving ocks\u00e5. Fast f\u00f6rresten skulle det nog inte vara s\u00e5 dumt. En helgdag d\u00e4r vi \u00e4r tacksamma f\u00f6r det vi har och inte bara gn\u00e4ller \u00f6ver det vi <em>inte<\/em> har (aprop\u00e5 fr\u00e5ga 2).<br \/>Men f\u00f6r att \u00e5terg\u00e5 till Halloween s\u00e5 &#8221;firade&#8221; vi det lite grann h\u00e4r hemma n\u00e4r barnen var mindre, med lite &#8221;l\u00e4skig&#8221; mat och utkl\u00e4dning och trick-or-treat f\u00f6r barnens del. Nu struntar vi i vilket. Fast det \u00e4r trevligt att m\u00e5nga tv-kanaler visar lite mysiga gamla skr\u00e4ckisar just denna dag (kv\u00e4ll).<\/p>\n","protected":false},"excerpt":{"rendered":"<p>Vill du ocks\u00e5 vara med? Du hittar Tjejsnack h\u00e4r. H\u00f6gtider 1. Finns det n\u00e5gon helgdag som du tycker \u00e4r helt on\u00f6dig?Nja, alla fyller de v\u00e4l n\u00e5got slags syfte, \u00e4ven om m\u00e5nga inte firar dem p\u00e5 traditionellt s\u00e4tt l\u00e4ngre. Men 1:a Maj tycker jag nog har gjort sitt. Den var ju fr\u00e5n b\u00f6rjan Arbetarr\u00f6relsens dag, en&#8230;<\/p>\n","protected":false},"author":1,"featured_media":0,"comment_status":"open","ping_status":"open","sticky":false,"template":"","format":"standard","meta":{"jetpack_post_was_ever_published":false,"_jetpack_newsletter_access":"","_jetpack_dont_email_post_to_subs":false,"_jetpack_newsletter_tier_id":0,"_jetpack_memberships_contains_paywalled_content":false,"_jetpack_memberships_contains_paid_content":false,"footnotes":"","jetpack_publicize_message":"","jetpack_publicize_feature_enabled":true,"jetpack_social_post_already_shared":false,"jetpack_social_options":{"image_generator_settings":{"template":"highway","default_image_id":0,"font":"","enabled":false},"version":2}},"categories":[47],"tags":[],"class_list":["post-1194","post","type-post","status-publish","format-standard","hentry","category-vardagsliv"],"jetpack_publicize_connections":[],"jetpack_featured_media_url":"","jetpack_shortlink":"https:\/\/wp.me\/p3qko4-jg","jetpack_sharing_enabled":true,"jetpack_likes_enabled":true,"jetpack-related-posts":[{"id":1108,"url":"https:\/\/blogg.fumei.se\/?p=1108","url_meta":{"origin":1194,"position":0},"title":"Tjejsnack vecka 38","author":"M :)","date":"2009-09-14","format":false,"excerpt":"Vill du ocks\u00e5 vara med? Du hittar Tjejsnack h\u00e4r. Br\u00f6llop 1. Vill du gifta dig\/\u00e4r du gift, varf\u00f6r?, om inte av vilken anledning?Jag \u00e4r inte gift, har inte varit gift heller. D\u00e4remot kan jag mycket v\u00e4l t\u00e4nka mig att gifta mig. F\u00f6rutsatt naturligtvis att jag har en man i mitt\u2026","rel":"","context":"I \u201dVardagsliv\u201d","block_context":{"text":"Vardagsliv","link":"https:\/\/blogg.fumei.se\/?cat=47"},"img":{"alt_text":"","src":"","width":0,"height":0},"classes":[]},{"id":2339,"url":"https:\/\/blogg.fumei.se\/?p=2339","url_meta":{"origin":1194,"position":1},"title":"R\u00e4ck upp en hand","author":"M :)","date":"2012-05-11","format":false,"excerpt":"alla som n\u00e5gon g\u00e5ng sjungit svenska nationals\u00e5ngen p\u00e5 skolavslutningen! Upplysningsvis kan jag s\u00e4ga att sj\u00e4lv har jag nog aldrig gjort det vad jag kan minnas, d\u00e4remot fick jag l\u00e4ra mig den i l\u00e5g- eller mellanstadiet, men p\u00e5 skolavslutningarna sj\u00f6ng vi alltid ett antal psalmer, tex Den blomstertid nu kommer, I\u2026","rel":"","context":"I \u201dVardagsliv\u201d","block_context":{"text":"Vardagsliv","link":"https:\/\/blogg.fumei.se\/?cat=47"},"img":{"alt_text":"","src":"","width":0,"height":0},"classes":[]},{"id":311,"url":"https:\/\/blogg.fumei.se\/?p=311","url_meta":{"origin":1194,"position":2},"title":"Tjej&#038;Killsnack vecka 5, 2010","author":"M :)","date":"2010-01-30","format":false,"excerpt":"Vill du ocks\u00e5 vara med? Du hittar Tjejsnack h\u00e4r. K\u00e4ndisar 1. L\u00e4ser du n\u00e5gon k\u00e4ndisblogg, vems?Jag l\u00e4ser Marcus Birros blogg, och ibland kan det h\u00e4nda att jag l\u00e4ser n\u00e5got enstaka inl\u00e4gg i n\u00e5gon annan k\u00e4ndisblogg, men inget troget l\u00e4sande av andra \u00e4n Marcus. 2. Vilken k\u00e4ndis tycker du \u00e4r en\u2026","rel":"","context":"I \u201dVardagsliv\u201d","block_context":{"text":"Vardagsliv","link":"https:\/\/blogg.fumei.se\/?cat=47"},"img":{"alt_text":"","src":"","width":0,"height":0},"classes":[]},{"id":1132,"url":"https:\/\/blogg.fumei.se\/?p=1132","url_meta":{"origin":1194,"position":3},"title":"Tjejsnack vecka 37","author":"M :)","date":"2009-09-06","format":false,"excerpt":"Vill du ocks\u00e5 vara med? Du hittar Tjejsnack h\u00e4r.Senaste f\u00e4rden 1. Ber\u00e4tta lite om anledningen till din senaste bilf\u00e4rd?N\u00e4r vi hade varit p\u00e5 Bamboo och firat Lenas f\u00f6delsedag, fick jag och Lena skjuts fr\u00e5n resturangen ner till centralen i Gbg av Erika, som \u00e4nd\u00e5 skulle k\u00f6ra f\u00f6rbi d\u00e4r p\u00e5 v\u00e4g\u2026","rel":"","context":"I \u201dVardagsliv\u201d","block_context":{"text":"Vardagsliv","link":"https:\/\/blogg.fumei.se\/?cat=47"},"img":{"alt_text":"","src":"","width":0,"height":0},"classes":[]},{"id":2386,"url":"https:\/\/blogg.fumei.se\/?p=2386","url_meta":{"origin":1194,"position":4},"title":"H\u00e4nt i veckan","author":"M :)","date":"2012-05-27","format":false,"excerpt":"Eller ja. Det blir nog mer \u00e4n i veckan, men ni fattar. Jag har jobbat. Kors i taket, det g\u00f6r jag ju s\u00e5 s\u00e4llan. Inte. Ibland k\u00e4nns det som att jag \u00e4r mer p\u00e5 jobbet \u00e4n hemma. Inte blir det b\u00e4ttre nu under sommaren heller, f\u00f6r d\u00e5 m\u00e5ste vi som\u2026","rel":"","context":"I \u201dVardagsliv\u201d","block_context":{"text":"Vardagsliv","link":"https:\/\/blogg.fumei.se\/?cat=47"},"img":{"alt_text":"","src":"","width":0,"height":0},"classes":[]},{"id":948,"url":"https:\/\/blogg.fumei.se\/?p=948","url_meta":{"origin":1194,"position":5},"title":"Tjejsnack vecka 20","author":"M :)","date":"2009-05-12","format":false,"excerpt":"Vill du ocks\u00e5 vara med? Klicka h\u00e4r Snabbmat 1. Hur ofta \u00e4ter du snabbmat? Ibland blir det ett par g\u00e5nger i veckan, oftast g\u00e5r det flera veckor mellan g\u00e5ngerna. Det har att g\u00f6ra med ekonomin, men oftast brukar jag och barnen fira att jag f\u00e5tt l\u00f6n genom att k\u00f6pa pizza\u2026","rel":"","context":"I \u201dVardagsliv\u201d","block_context":{"text":"Vardagsliv","link":"https:\/\/blogg.fumei.se\/?cat=47"},"img":{"alt_text":"","src":"","width":0,"height":0},"classes":[]}],"_links":{"self":[{"href":"https:\/\/blogg.fumei.se\/index.php?rest_route=\/wp\/v2\/posts\/1194","targetHints":{"allow":["GET"]}}],"collection":[{"href":"https:\/\/blogg.fumei.se\/index.php?rest_route=\/wp\/v2\/posts"}],"about":[{"href":"https:\/\/blogg.fumei.se\/index.php?rest_route=\/wp\/v2\/types\/post"}],"author":[{"embeddable":true,"href":"https:\/\/blogg.fumei.se\/index.php?rest_route=\/wp\/v2\/users\/1"}],"replies":[{"embeddable":true,"href":"https:\/\/blogg.fumei.se\/index.php?rest_route=%2Fwp%2Fv2%2Fcomments&post=1194"}],"version-history":[{"count":0,"href":"https:\/\/blogg.fumei.se\/index.php?rest_route=\/wp\/v2\/posts\/1194\/revisions"}],"wp:attachment":[{"href":"https:\/\/blogg.fumei.se\/index.php?rest_route=%2Fwp%2Fv2%2Fmedia&parent=1194"}],"wp:term":[{"taxonomy":"category","embeddable":true,"href":"https:\/\/blogg.fumei.se\/index.php?rest_route=%2Fwp%2Fv2%2Fcategories&post=1194"},{"taxonomy":"post_tag","embeddable":true,"href":"https:\/\/blogg.fumei.se\/index.php?rest_route=%2Fwp%2Fv2%2Ftags&post=1194"}],"curies":[{"name":"wp","href":"https:\/\/api.w.org\/{rel}","templated":true}]}}