{"id":1196,"date":"2009-11-10T20:47:16","date_gmt":"2009-11-10T20:47:16","guid":{"rendered":"http:\/\/blogg.fumei.se\/?p=1196"},"modified":"2024-03-24T12:39:09","modified_gmt":"2024-03-24T11:39:09","slug":"nya-mobler","status":"publish","type":"post","link":"https:\/\/blogg.fumei.se\/?p=1196","title":{"rendered":"Nya m\u00f6bler"},"content":{"rendered":"<p>Eller inte riktigt nya m\u00f6bler, men f\u00f6r oss \u00e4r de nya. De stolar jag haft i k\u00f6ket har jag haft i sis\u00e5d\u00e4r en 15 \u00e5r. Innan dess stod de hemma hos modern och fadern i minst 15 \u00e5r, s\u00e5 de har n\u00e5gra \u00e5r p\u00e5 nacken. Lite lagom slitna b\u00f6rjar de bli nu ocks\u00e5, efter X antal sittningar. Under \u00e5rens lopp har de f\u00e5tt byta stolsdyna ett par g\u00e5nger, och den nuvarande \u00e4r inte s\u00e5d\u00e4r j\u00e4ttetjusig, men funkar bra i ett k\u00f6k; beige fuskl\u00e4der (&#8221;pleather&#8221;).<\/p>\n<p>F\u00f6r ett par veckor sedan var mor och far inom ett fyndst\u00e4lle f\u00f6r begagnade m\u00f6bler, och d\u00e5 hittade de 4 stycken r\u00e4tt fr\u00e4scha stolar f\u00f6r 20 kronor styck. De slog till, och ig\u00e5r l\u00e4mpade de av dem h\u00e4r hos mig. De \u00e4r inte heller supervackra, med sina brunm\u00f6nstrade blommiga sitsar, men tr\u00e4et \u00e4r helt och inte repigt, och s\u00e5 sm\u00e5ningom kommer jag \u00e4nd\u00e5 att slipa ner dem och m\u00e5la om dem samt byta kl\u00e4dsel p\u00e5 sitsarna, eftersom jag ju \u00e4nd\u00e5 ska m\u00e5la om k\u00f6ket.<\/p>\n","protected":false},"excerpt":{"rendered":"<p>Eller inte riktigt nya m\u00f6bler, men f\u00f6r oss \u00e4r de nya. De stolar jag haft i k\u00f6ket har jag haft i sis\u00e5d\u00e4r en 15 \u00e5r. Innan dess stod de hemma hos modern och fadern i minst 15 \u00e5r, s\u00e5 de har n\u00e5gra \u00e5r p\u00e5 nacken. Lite lagom slitna b\u00f6rjar de bli nu ocks\u00e5, efter X&#8230;<\/p>\n","protected":false},"author":1,"featured_media":0,"comment_status":"open","ping_status":"open","sticky":false,"template":"","format":"standard","meta":{"jetpack_post_was_ever_published":false,"_jetpack_newsletter_access":"","_jetpack_dont_email_post_to_subs":false,"_jetpack_newsletter_tier_id":0,"_jetpack_memberships_contains_paywalled_content":false,"_jetpack_memberships_contains_paid_content":false,"footnotes":"","jetpack_publicize_message":"","jetpack_publicize_feature_enabled":true,"jetpack_social_post_already_shared":false,"jetpack_social_options":{"image_generator_settings":{"template":"highway","default_image_id":0,"font":"","enabled":false},"version":2}},"categories":[47],"tags":[],"class_list":["post-1196","post","type-post","status-publish","format-standard","hentry","category-vardagsliv"],"jetpack_publicize_connections":[],"jetpack_featured_media_url":"","jetpack_shortlink":"https:\/\/wp.me\/p3qko4-ji","jetpack_sharing_enabled":true,"jetpack_likes_enabled":true,"jetpack-related-posts":[{"id":933,"url":"https:\/\/blogg.fumei.se\/?p=933","url_meta":{"origin":1196,"position":0},"title":"Tjejsnack vecka 21","author":"M :)","date":"2009-05-22","format":false,"excerpt":"VIll du ocks\u00e5 vara med? Klicka h\u00e4r. Ditt hem 1. Hur bor du? Vi, jag och mina barn,\u00a0bor i en 3:a i ett litet samh\u00e4lle utanf\u00f6r Falk\u00f6ping. Vi har 16 km in till Fkpg och 11 mil till Gbg (och det \u00e4r l\u00e4ttare att ta sig till Gbg \u00e4n till\u2026","rel":"","context":"I \u201dVardagsliv\u201d","block_context":{"text":"Vardagsliv","link":"https:\/\/blogg.fumei.se\/?cat=47"},"img":{"alt_text":"","src":"","width":0,"height":0},"classes":[]},{"id":877,"url":"https:\/\/blogg.fumei.se\/?p=877","url_meta":{"origin":1196,"position":1},"title":"Jippie!","author":"M :)","date":"2009-03-16","format":false,"excerpt":"\u00c4nnu ett steg mot flytt: idag har jag f\u00e5tt nycklarna till nya l\u00e4genheten! Har \u00e4ven rensat i k\u00f6kssk\u00e5pen s\u00e5 det som \u00e4r kvar i sk\u00e5pen nu \u00e4r s\u00e5nt som jag ska ha kvar. Kl\u00e4der packade vi ig\u00e5r, det g\u00e5r ju inte \u00e5t s\u00e5 mycket kl\u00e4der f\u00f6r min del eftersom jag\u2026","rel":"","context":"I \u201dVardagsliv\u201d","block_context":{"text":"Vardagsliv","link":"https:\/\/blogg.fumei.se\/?cat=47"},"img":{"alt_text":"","src":"","width":0,"height":0},"classes":[]},{"id":814,"url":"https:\/\/blogg.fumei.se\/?p=814","url_meta":{"origin":1196,"position":2},"title":"Sn\u00e4lla v\u00e4nner och kollegor","author":"M :)","date":"2009-01-12","format":false,"excerpt":"N\u00e4r vi flyttar har jag t\u00e4nkt g\u00f6ra mig av med den gamla bokhyllan. Det \u00e4r en historia fr\u00e5n 70-talet, i m\u00f6rkt tr\u00e4 och med luckor som p\u00e5minner om s\u00e5na d\u00e4r f\u00f6nsterluckor som finns p\u00e5 hus i medelhavsomr\u00e5det. Inte s\u00e5 himla snygg med andra ord. Den fyller ju sin funktion, men\u2026","rel":"","context":"I \u201dVardagsliv\u201d","block_context":{"text":"Vardagsliv","link":"https:\/\/blogg.fumei.se\/?cat=47"},"img":{"alt_text":"","src":"","width":0,"height":0},"classes":[]},{"id":222,"url":"https:\/\/blogg.fumei.se\/?p=222","url_meta":{"origin":1196,"position":3},"title":"Gult, bl\u00e5tt, gr\u00e5tt och svart","author":"M :)","date":"2010-05-29","format":false,"excerpt":"S\u00e5 skulle man kunna sammanfatta veckan i f\u00e4rger. Gr\u00e5tt \u00e4r f\u00f6r v\u00e4dret, men det fattar nog varenda m\u00e4nniska. Det regnar och regnar, och n\u00e4r det inte regnar s\u00e5 \u00e4r det mulet och kallt och bl\u00e5sigt och man \u00e5ngrar att man lade undan alla vinterkl\u00e4derna.Gult och bl\u00e5tt \u00e4r f\u00f6rgerna p\u00e5 mina\u2026","rel":"","context":"I \u201dVardagsliv\u201d","block_context":{"text":"Vardagsliv","link":"https:\/\/blogg.fumei.se\/?cat=47"},"img":{"alt_text":"","src":"https:\/\/i0.wp.com\/img.youtube.com\/vi\/JYU37jzeQTo\/0.jpg?resize=350%2C200","width":350,"height":200},"classes":[]},{"id":267,"url":"https:\/\/blogg.fumei.se\/?p=267","url_meta":{"origin":1196,"position":4},"title":"\u00c4nnu en vecka \u00e4r till \u00e4nda&#8230;","author":"EmEff","date":"2010-03-21","format":false,"excerpt":"Nu har det g\u00e5tt 11 veckor av det h\u00e4r \u00e5ret. Det k\u00e4nns som det nyss var julafton, och snart \u00e4r det p\u00e5sk! Ibland undrar jag vart tiden tar v\u00e4gen, f\u00f6r det k\u00e4nns som om den bara rusar ifr\u00e5n mig. Jag hinner inte med det jag vill g\u00f6ra...Idag har jag dock\u2026","rel":"","context":"I \u201dVardagsliv\u201d","block_context":{"text":"Vardagsliv","link":"https:\/\/blogg.fumei.se\/?cat=47"},"img":{"alt_text":"","src":"","width":0,"height":0},"classes":[]},{"id":2857,"url":"https:\/\/blogg.fumei.se\/?p=2857","url_meta":{"origin":1196,"position":5},"title":"Dan f\u00f6re dan f\u00f6re&#8230;","author":"M :)","date":"2012-12-19","format":false,"excerpt":"\u00c4n \u00e4r det n\u00e5gra dagar kvar till jul, men vips s\u00e5 \u00e4r den h\u00e4r och lika vips \u00e4r den \u00f6ver. Jag har stressat \u00f6ver att jag skulle jobba s\u00e5 himla mycket f\u00f6re, mellan, under och efter jul och ny\u00e5rshelgerna att jag n\u00e4stan gl\u00f6mde att jag ju \u00e4r ledig i tre\u2026","rel":"","context":"I \u201dB\u00f6cker och l\u00e4sning\u201d","block_context":{"text":"B\u00f6cker och l\u00e4sning","link":"https:\/\/blogg.fumei.se\/?cat=29"},"img":{"alt_text":"reservationerdecember12","src":"https:\/\/i0.wp.com\/blogg.fumei.se\/wp-content\/uploads\/2012\/12\/reservationerdecember12-180x180.jpg?resize=350%2C200","width":350,"height":200},"classes":[]}],"_links":{"self":[{"href":"https:\/\/blogg.fumei.se\/index.php?rest_route=\/wp\/v2\/posts\/1196","targetHints":{"allow":["GET"]}}],"collection":[{"href":"https:\/\/blogg.fumei.se\/index.php?rest_route=\/wp\/v2\/posts"}],"about":[{"href":"https:\/\/blogg.fumei.se\/index.php?rest_route=\/wp\/v2\/types\/post"}],"author":[{"embeddable":true,"href":"https:\/\/blogg.fumei.se\/index.php?rest_route=\/wp\/v2\/users\/1"}],"replies":[{"embeddable":true,"href":"https:\/\/blogg.fumei.se\/index.php?rest_route=%2Fwp%2Fv2%2Fcomments&post=1196"}],"version-history":[{"count":1,"href":"https:\/\/blogg.fumei.se\/index.php?rest_route=\/wp\/v2\/posts\/1196\/revisions"}],"predecessor-version":[{"id":6647,"href":"https:\/\/blogg.fumei.se\/index.php?rest_route=\/wp\/v2\/posts\/1196\/revisions\/6647"}],"wp:attachment":[{"href":"https:\/\/blogg.fumei.se\/index.php?rest_route=%2Fwp%2Fv2%2Fmedia&parent=1196"}],"wp:term":[{"taxonomy":"category","embeddable":true,"href":"https:\/\/blogg.fumei.se\/index.php?rest_route=%2Fwp%2Fv2%2Fcategories&post=1196"},{"taxonomy":"post_tag","embeddable":true,"href":"https:\/\/blogg.fumei.se\/index.php?rest_route=%2Fwp%2Fv2%2Ftags&post=1196"}],"curies":[{"name":"wp","href":"https:\/\/api.w.org\/{rel}","templated":true}]}}