{"id":1199,"date":"2009-11-09T20:52:17","date_gmt":"2009-11-09T20:52:17","guid":{"rendered":"http:\/\/blogg.fumei.se\/?p=1199"},"modified":"2009-11-09T20:52:17","modified_gmt":"2009-11-09T20:52:17","slug":"marcella-ar","status":"publish","type":"post","link":"https:\/\/blogg.fumei.se\/?p=1199","title":{"rendered":"Marcella \u00e4r&#8230;"},"content":{"rendered":"<p>Marcella \u00e4r Metros nya moderedakt\u00f6r<br \/>Marcella \u00e4r inte bara j\u00e4kligt snygg, hon \u00e4r trevlig ocks\u00e5. Och fr\u00e5n G\u00f6teborg. <br \/>Marcella \u00e4r en urkraft<br \/>Marcella \u00e4r verksam i Norge<\/p>\n<p>Googla p\u00e5 <em>ditt namn<\/em> och <em>\u00e4r<\/em> och se vad du f\u00e5r fram. <img data-recalc-dims=\"1\" decoding=\"async\" class=\"image\" src=\"https:\/\/i0.wp.com\/emeff.blogg.se\/\/images\/2009\/wink_60359405.gif?w=640\" alt=\"\" \/><\/p>\n","protected":false},"excerpt":{"rendered":"<p>Marcella \u00e4r Metros nya moderedakt\u00f6rMarcella \u00e4r inte bara j\u00e4kligt snygg, hon \u00e4r trevlig ocks\u00e5. Och fr\u00e5n G\u00f6teborg. Marcella \u00e4r en urkraftMarcella \u00e4r verksam i Norge Googla p\u00e5 ditt namn och \u00e4r och se vad du f\u00e5r fram.<\/p>\n","protected":false},"author":1,"featured_media":0,"comment_status":"open","ping_status":"open","sticky":false,"template":"","format":"standard","meta":{"jetpack_post_was_ever_published":false,"_jetpack_newsletter_access":"","_jetpack_dont_email_post_to_subs":false,"_jetpack_newsletter_tier_id":0,"_jetpack_memberships_contains_paywalled_content":false,"_jetpack_memberships_contains_paid_content":false,"footnotes":"","jetpack_publicize_message":"","jetpack_publicize_feature_enabled":true,"jetpack_social_post_already_shared":false,"jetpack_social_options":{"image_generator_settings":{"template":"highway","default_image_id":0,"font":"","enabled":false},"version":2}},"categories":[47],"tags":[],"class_list":["post-1199","post","type-post","status-publish","format-standard","hentry","category-vardagsliv"],"jetpack_publicize_connections":[],"jetpack_featured_media_url":"","jetpack_shortlink":"https:\/\/wp.me\/p3qko4-jl","jetpack_sharing_enabled":true,"jetpack_likes_enabled":true,"jetpack-related-posts":[{"id":1748,"url":"https:\/\/blogg.fumei.se\/?p=1748","url_meta":{"origin":1199,"position":0},"title":"Roligt tidsf\u00f6rdriv","author":"M :)","date":"2011-11-16","format":false,"excerpt":"Har man inget s\u00e4rskilt f\u00f6r sig kan man nappa p\u00e5 en av de senaste kedjorna p\u00e5 Facebook; n\u00e4mligen att g\u00e5 till UrbanDictionary.com och skriva sitt namn i s\u00f6krutan. Sen ska man kopiera den f\u00f6rsta punkten som st\u00e5r d\u00e4r och s\u00e4tta det som sin status p\u00e5 Facebook. Jag hoppar \u00f6ver det\u2026","rel":"","context":"I \u201dVardagsliv\u201d","block_context":{"text":"Vardagsliv","link":"https:\/\/blogg.fumei.se\/?cat=47"},"img":{"alt_text":"","src":"","width":0,"height":0},"classes":[]},{"id":4519,"url":"https:\/\/blogg.fumei.se\/?p=4519","url_meta":{"origin":1199,"position":1},"title":"Grattis lilla mamma!","author":"M :)","date":"2018-04-15","format":false,"excerpt":"Idag hurrar vi f\u00f6r v\u00e4rldens b\u00e4sta mamma som fyller 81 \u00e5r! GRATTIS! \u00f6nskar Marcella Sophia, Linus & Juliah Robin Roberto & Isabella Silvio Lovisa & Victor Ilse Magnus, Frida & Tyra Vi s\u00e4nder ocks\u00e5 en tanke till pappsen som firar n\u00e5gon annanstans\u00a0\u2764","rel":"","context":"I \u201dFamiljen\u201d","block_context":{"text":"Familjen","link":"https:\/\/blogg.fumei.se\/?cat=34"},"img":{"alt_text":"","src":"https:\/\/i0.wp.com\/blogg.fumei.se\/wp-content\/uploads\/2018\/04\/mamma81blog-emeff2018.png?resize=350%2C200","width":350,"height":200,"srcset":"https:\/\/i0.wp.com\/blogg.fumei.se\/wp-content\/uploads\/2018\/04\/mamma81blog-emeff2018.png?resize=350%2C200 1x, https:\/\/i0.wp.com\/blogg.fumei.se\/wp-content\/uploads\/2018\/04\/mamma81blog-emeff2018.png?resize=525%2C300 1.5x"},"classes":[]},{"id":960,"url":"https:\/\/blogg.fumei.se\/?p=960","url_meta":{"origin":1199,"position":2},"title":"Tjesnack vecka 19","author":"M :)","date":"2009-05-03","format":false,"excerpt":"*skrattar lite* Hoppsan h\u00e4r g\u00e5r det undan! Jag hade knappt hunnit posta mitt bidrag till Tjejsnack, s\u00e5 har Milo hunnit l\u00e4gga upp en ny! Men vi k\u00f6r v\u00e4l d\u00e5:Datorn1. Finns du med p\u00e5 Facebook?Japp. Jag gillar FB. Man hittar gamla v\u00e4nner och bekanta som man inte pratat med eller h\u00f6rt\u2026","rel":"","context":"I \u201dVardagsliv\u201d","block_context":{"text":"Vardagsliv","link":"https:\/\/blogg.fumei.se\/?cat=47"},"img":{"alt_text":"","src":"","width":0,"height":0},"classes":[]},{"id":3236,"url":"https:\/\/blogg.fumei.se\/?p=3236","url_meta":{"origin":1199,"position":3},"title":"Pl\u00f6tsligt h\u00e4nder det!","author":"M :)","date":"2014-03-01","format":false,"excerpt":"Efter 12 \u00e5r som ofrivillig sm\u00e5stadsbo och sen 7 \u00e5r i bostadsk\u00f6, efter otaliga ans\u00f6kningar, brev och telefonsamtal till diverse bostadsbolag och privata hyresv\u00e4rdar blev det \u00e4ntligen min tur! Jag har i ett par \u00e5rs tid varit extra flitig mef att kolla BoPlats G\u00f6teborgs sida. Varje morgon och varje kv\u00e4ll\u2026","rel":"","context":"I \u201dHemmet\u201d","block_context":{"text":"Hemmet","link":"https:\/\/blogg.fumei.se\/?cat=31"},"img":{"alt_text":"","src":"","width":0,"height":0},"classes":[]},{"id":897,"url":"https:\/\/blogg.fumei.se\/?p=897","url_meta":{"origin":1199,"position":4},"title":"Emma hade en lista","author":"M :)","date":"2009-04-22","format":false,"excerpt":"som jag naturligtvis inte kunde l\u00e5ta bli att kopiera:Du heter: Marcella Elisabetta FumeiSmeknamn: Tella av familj och \"gamla\" v\u00e4nner...Beroende av: S\u00f6mn och b\u00f6ckerVad beh\u00f6ver du mest just nu: PengarVad tror folk om dig? F\u00f6rmodligen en hel del...St\u00e4mmer det? ...som ibland \u00e4r helt upp\u00e5t v\u00e4ggarnaVad f\u00e5r du oftast komplimanger f\u00f6r? Har\u2026","rel":"","context":"I \u201dVardagsliv\u201d","block_context":{"text":"Vardagsliv","link":"https:\/\/blogg.fumei.se\/?cat=47"},"img":{"alt_text":"","src":"","width":0,"height":0},"classes":[]},{"id":484,"url":"https:\/\/blogg.fumei.se\/?p=484","url_meta":{"origin":1199,"position":5},"title":"100 (on\u00f6diga) fakta om mig","author":"M :)","date":"2008-08-17","format":false,"excerpt":"Jag \u00e4r f\u00f6dd den 17 Januari 1970Jag \u00e4r StenbockJag \u00e4r inte en typisk stenbockJag har en dotter som heter Sophia...och en son som heter RobinJag \u00e4r en(s)a(m)st\u00e5ende mamma.Jag har en (halv-)storasyster som heter Ilse...och 2 br\u00f6der som heter Roberto och SilvioJag \u00e4r moster till tv\u00e5 systerd\u00f6ttrar - Frida och TyraJag\u2026","rel":"","context":"I \u201dListor\u201d","block_context":{"text":"Listor","link":"https:\/\/blogg.fumei.se\/?cat=633"},"img":{"alt_text":"","src":"","width":0,"height":0},"classes":[]}],"_links":{"self":[{"href":"https:\/\/blogg.fumei.se\/index.php?rest_route=\/wp\/v2\/posts\/1199","targetHints":{"allow":["GET"]}}],"collection":[{"href":"https:\/\/blogg.fumei.se\/index.php?rest_route=\/wp\/v2\/posts"}],"about":[{"href":"https:\/\/blogg.fumei.se\/index.php?rest_route=\/wp\/v2\/types\/post"}],"author":[{"embeddable":true,"href":"https:\/\/blogg.fumei.se\/index.php?rest_route=\/wp\/v2\/users\/1"}],"replies":[{"embeddable":true,"href":"https:\/\/blogg.fumei.se\/index.php?rest_route=%2Fwp%2Fv2%2Fcomments&post=1199"}],"version-history":[{"count":0,"href":"https:\/\/blogg.fumei.se\/index.php?rest_route=\/wp\/v2\/posts\/1199\/revisions"}],"wp:attachment":[{"href":"https:\/\/blogg.fumei.se\/index.php?rest_route=%2Fwp%2Fv2%2Fmedia&parent=1199"}],"wp:term":[{"taxonomy":"category","embeddable":true,"href":"https:\/\/blogg.fumei.se\/index.php?rest_route=%2Fwp%2Fv2%2Fcategories&post=1199"},{"taxonomy":"post_tag","embeddable":true,"href":"https:\/\/blogg.fumei.se\/index.php?rest_route=%2Fwp%2Fv2%2Ftags&post=1199"}],"curies":[{"name":"wp","href":"https:\/\/api.w.org\/{rel}","templated":true}]}}