{"id":120,"date":"2011-01-15T13:02:00","date_gmt":"2011-01-15T13:02:00","guid":{"rendered":"\/Blogg\/post\/Arets-forsta-bokpaket!.aspx"},"modified":"2011-01-15T13:02:00","modified_gmt":"2011-01-15T13:02:00","slug":"arets-forsta-bokpaket","status":"publish","type":"post","link":"https:\/\/blogg.fumei.se\/?p=120","title":{"rendered":"\u00c5rets f\u00f6rsta bokpaket!"},"content":{"rendered":"<p>Ig&aring;r kom &aring;rets f&ouml;rsta, en trave pocket fr&aring;n <a href=\"http:\/\/www.pocketsmart.se\/\" target=\"_blank\"><strong>[Pocketsmart.se]<\/strong><\/a>. Det inneh&ouml;ll <a href=\"http:\/\/www.bokus.com\/bok\/9789170018404\/svenska-kulter\/\" target=\"_blank\"><strong>[Svenska kulter]<\/strong><\/a> av Anders Fager, tredje delen av Catharina Ingelman-Sundbergs serie om Anne Persdatter; <a href=\"http:\/\/www.bokus.com\/bok\/9789170017803\/befriad\/\" target=\"_blank\"><strong>[Befriad]<\/strong><\/a> och Ken Folletts <a href=\"http:\/\/www.bokus.com\/bok\/9789174290370\/svardet-och-spiran-stormarnas-tid-maktens-skordar\/\" target=\"_blank\"><strong>[Sv&auml;rdet och spiran]<\/strong><\/a> och <a href=\"http:\/\/www.bokus.com\/bok\/9789174290677\/en-varld-utan-slut\/\" target=\"_blank\"><strong>[En v&auml;rld utan slut]<\/strong><\/a>.<\/p>\n<p><img decoding=\"async\" src=\"\/blogg\/image.axd?picture=2011%2f1%2f201101142570.jpg\" alt=\"\" \/><\/p>\n<p>&nbsp;<\/p>\n","protected":false},"excerpt":{"rendered":"<p>Ig&aring;r kom &aring;rets f&ouml;rsta, en trave pocket fr&aring;n [Pocketsmart.se]. Det inneh&ouml;ll [Svenska kulter] av Anders Fager, tredje delen av Catharina Ingelman-Sundbergs serie om Anne Persdatter; [Befriad] och Ken Folletts [Sv&auml;rdet och spiran] och [En v&auml;rld utan slut]. &nbsp;<\/p>\n","protected":false},"author":1,"featured_media":0,"comment_status":"open","ping_status":"open","sticky":false,"template":"","format":"standard","meta":{"jetpack_post_was_ever_published":false,"_jetpack_newsletter_access":"","_jetpack_dont_email_post_to_subs":false,"_jetpack_newsletter_tier_id":0,"_jetpack_memberships_contains_paywalled_content":false,"_jetpack_memberships_contains_paid_content":false,"footnotes":"","jetpack_publicize_message":"","jetpack_publicize_feature_enabled":true,"jetpack_social_post_already_shared":false,"jetpack_social_options":{"image_generator_settings":{"template":"highway","default_image_id":0,"font":"","enabled":false},"version":2}},"categories":[47],"tags":[],"class_list":["post-120","post","type-post","status-publish","format-standard","hentry","category-vardagsliv"],"jetpack_publicize_connections":[],"jetpack_featured_media_url":"","jetpack_shortlink":"https:\/\/wp.me\/p3qko4-1W","jetpack_sharing_enabled":true,"jetpack_likes_enabled":true,"jetpack-related-posts":[{"id":1244,"url":"https:\/\/blogg.fumei.se\/?p=1244","url_meta":{"origin":120,"position":0},"title":"Nytt","author":"M :)","date":"2010-01-01","format":false,"excerpt":"Nytt \u00e5r! God forts\u00e4ttning, alla som l\u00e4ser den h\u00e4r bloggen!Ny sn\u00f6 (heter det nysn\u00f6 fast det sn\u00f6at i flera dagar?), ny almanacka, nya tag. S\u00e5 h\u00e4r den f\u00f6rsta dagen p\u00e5 det nya \u00e5ret kan man hoppas och \u00f6nska att det h\u00e4r \u00e5ret ska bli b\u00e4ttre \u00e4n det f\u00f6rra (\u00e4ven om\u2026","rel":"","context":"I \u201dVardagsliv\u201d","block_context":{"text":"Vardagsliv","link":"https:\/\/blogg.fumei.se\/?cat=47"},"img":{"alt_text":"","src":"","width":0,"height":0},"classes":[]},{"id":4623,"url":"https:\/\/blogg.fumei.se\/?p=4623","url_meta":{"origin":120,"position":1},"title":"F\u00f6rst ut","author":"M :)","date":"2019-01-09","format":false,"excerpt":"\u00c5rets f\u00f6rsta f\u00f6delsedagsbloggning blir f\u00f6r Lovisa, som fyller 11 \u00e5r idag! GRATTIS! \u00f6nskarfasterfarmorRobinFia, Linus, Juliah & AmandusBerto & BellaIlse, Magnus, Frida & Tyra","rel":"","context":"I \u201dFamiljen\u201d","block_context":{"text":"Familjen","link":"https:\/\/blogg.fumei.se\/?cat=34"},"img":{"alt_text":"","src":"https:\/\/i0.wp.com\/blogg.fumei.se\/wp-content\/uploads\/2019\/01\/Lovisa11-emeff2019.png?resize=350%2C200&ssl=1","width":350,"height":200,"srcset":"https:\/\/i0.wp.com\/blogg.fumei.se\/wp-content\/uploads\/2019\/01\/Lovisa11-emeff2019.png?resize=350%2C200&ssl=1 1x, https:\/\/i0.wp.com\/blogg.fumei.se\/wp-content\/uploads\/2019\/01\/Lovisa11-emeff2019.png?resize=525%2C300&ssl=1 1.5x"},"classes":[]},{"id":659,"url":"https:\/\/blogg.fumei.se\/?p=659","url_meta":{"origin":120,"position":2},"title":"\u00c5rets f\u00f6rsta sn\u00f6","author":"M :)","date":"2008-11-18","format":false,"excerpt":"Visserligen uppblandad med regn, men \u00e4nd\u00e5. Man ser flingorna tydligt, s\u00e5 senare idag blir det s\u00e4kert mer sn\u00f6 \u00e4n regn.And so it starts...","rel":"","context":"I \u201dVardagsliv\u201d","block_context":{"text":"Vardagsliv","link":"https:\/\/blogg.fumei.se\/?cat=47"},"img":{"alt_text":"","src":"","width":0,"height":0},"classes":[]},{"id":3804,"url":"https:\/\/blogg.fumei.se\/?p=3804","url_meta":{"origin":120,"position":3},"title":"\u00c5rets f\u00f6rsta f\u00f6delsedag","author":"M :)","date":"2016-01-09","format":false,"excerpt":"\u00e4r Lovisas, s\u00e5 idag hurrar vi f\u00f6r henne p\u00e5 8-\u00e5rsdagen! GRATTIS \u00f6nskar faster, farmor, farfar, Robin, Fia, Linus och Juliah","rel":"","context":"I \u201dFamiljen\u201d","block_context":{"text":"Familjen","link":"https:\/\/blogg.fumei.se\/?cat=34"},"img":{"alt_text":"lovisa8-emeff2016","src":"https:\/\/i0.wp.com\/blogg.fumei.se\/wp-content\/uploads\/2016\/01\/lovisa8-emeff2016.jpg?resize=350%2C200","width":350,"height":200,"srcset":"https:\/\/i0.wp.com\/blogg.fumei.se\/wp-content\/uploads\/2016\/01\/lovisa8-emeff2016.jpg?resize=350%2C200 1x, https:\/\/i0.wp.com\/blogg.fumei.se\/wp-content\/uploads\/2016\/01\/lovisa8-emeff2016.jpg?resize=525%2C300 1.5x"},"classes":[]},{"id":1073,"url":"https:\/\/blogg.fumei.se\/?p=1073","url_meta":{"origin":120,"position":4},"title":"Tjejsnack vecka 31","author":"M :)","date":"2009-08-09","format":false,"excerpt":"Vill du ocks\u00e5 vara med? Du hittar Tjejsnack h\u00e4r.1. Jobbar du eller \u00e4r du ledig?I vanliga fall jobbar jag ju, men jag har haft 4 veckor semester.2. Vad gjorde du p\u00e5 midsommar?Jag var hos mina f\u00f6r\u00e4ldrar. Vi \u00e5t god mat, tittade p\u00e5 fotboll (ja, jag gjorde det i alla fall\u2026","rel":"","context":"I \u201dVardagsliv\u201d","block_context":{"text":"Vardagsliv","link":"https:\/\/blogg.fumei.se\/?cat=47"},"img":{"alt_text":"","src":"","width":0,"height":0},"classes":[]},{"id":7137,"url":"https:\/\/blogg.fumei.se\/?p=7137","url_meta":{"origin":120,"position":5},"title":"Glad 1:a advent!","author":"M :)","date":"2024-12-01","format":false,"excerpt":"I flera veckor har vi bombarderats med julskyltning, reklam och diverse jul-relaterade varor i butikerna. Men jag har som princip att inte plocka fram n\u00e5got h\u00e4r hemma innan det \u00e4r dags att ta fram - till att b\u00f6rja med - ljusstakar och stj\u00e4rnor, eller att \u00e4ta eller dricka varken pepparkakor,\u2026","rel":"","context":"I \u201dVardagsliv\u201d","block_context":{"text":"Vardagsliv","link":"https:\/\/blogg.fumei.se\/?cat=47"},"img":{"alt_text":"","src":"https:\/\/i0.wp.com\/blogg.fumei.se\/wp-content\/uploads\/2024\/12\/604E3EBA-3F36-4BB6-9580-8462B3BFCE89_1_105_c-e1733239978434.jpeg?resize=350%2C200","width":350,"height":200,"srcset":"https:\/\/i0.wp.com\/blogg.fumei.se\/wp-content\/uploads\/2024\/12\/604E3EBA-3F36-4BB6-9580-8462B3BFCE89_1_105_c-e1733239978434.jpeg?resize=350%2C200 1x, https:\/\/i0.wp.com\/blogg.fumei.se\/wp-content\/uploads\/2024\/12\/604E3EBA-3F36-4BB6-9580-8462B3BFCE89_1_105_c-e1733239978434.jpeg?resize=525%2C300 1.5x"},"classes":[]}],"_links":{"self":[{"href":"https:\/\/blogg.fumei.se\/index.php?rest_route=\/wp\/v2\/posts\/120","targetHints":{"allow":["GET"]}}],"collection":[{"href":"https:\/\/blogg.fumei.se\/index.php?rest_route=\/wp\/v2\/posts"}],"about":[{"href":"https:\/\/blogg.fumei.se\/index.php?rest_route=\/wp\/v2\/types\/post"}],"author":[{"embeddable":true,"href":"https:\/\/blogg.fumei.se\/index.php?rest_route=\/wp\/v2\/users\/1"}],"replies":[{"embeddable":true,"href":"https:\/\/blogg.fumei.se\/index.php?rest_route=%2Fwp%2Fv2%2Fcomments&post=120"}],"version-history":[{"count":0,"href":"https:\/\/blogg.fumei.se\/index.php?rest_route=\/wp\/v2\/posts\/120\/revisions"}],"wp:attachment":[{"href":"https:\/\/blogg.fumei.se\/index.php?rest_route=%2Fwp%2Fv2%2Fmedia&parent=120"}],"wp:term":[{"taxonomy":"category","embeddable":true,"href":"https:\/\/blogg.fumei.se\/index.php?rest_route=%2Fwp%2Fv2%2Fcategories&post=120"},{"taxonomy":"post_tag","embeddable":true,"href":"https:\/\/blogg.fumei.se\/index.php?rest_route=%2Fwp%2Fv2%2Ftags&post=120"}],"curies":[{"name":"wp","href":"https:\/\/api.w.org\/{rel}","templated":true}]}}