{"id":1202,"date":"2009-11-07T21:44:50","date_gmt":"2009-11-07T21:44:50","guid":{"rendered":"http:\/\/blogg.fumei.se\/?p=1202"},"modified":"2024-03-24T12:32:12","modified_gmt":"2024-03-24T11:32:12","slug":"lordagsnoje","status":"publish","type":"post","link":"https:\/\/blogg.fumei.se\/?p=1202","title":{"rendered":"L\u00f6rdagsn\u00f6je"},"content":{"rendered":"<p>Ibland kan det vara kul att bryta av vardagen (ja, l\u00f6rdag \u00e4r som vilken vardga som helst f\u00f6r mig&#8230;) med n\u00e5t man inte g\u00f6r varje dag. S\u00e5 idag for jag till Ullared. Det var Kommunals sektion p\u00e5 jobbet som bj\u00f6d p\u00e5 resan som en del i 10-\u00e5rsjubileet. Vi som \u00e5kte med fick \u00e4ven en kupong f\u00f6r att \u00e4ta lunch. Vi var 6 stycken fr\u00e5n min avdelning som \u00e5kte med i bussen.. Bla Magda, som jag har \u00f6vernattat hos sen i fredags. Fast inatt sover hon hos Mattias, s\u00e5 jag har henens l\u00e4genhet f\u00f6r mig sj\u00e4lv. Det g\u00f6r inget egentligen, eftersom jag \u00e4r skittr\u00f6tt och dessutom ska jobba tidigt imorgon, s\u00e5 jag somnar nog snart \u00e4nd\u00e5. Fast jag t\u00e4nkte jag skulle ge <a href=\"http:\/\/akas.imdb.com\/title\/tt0489664\/\" target=\"_blank\" rel=\"noopener\">den h\u00e4r filmen<\/a> en chans f\u00f6rst. Jag har den visserligen hemma men har inte sett den \u00e4n (trots att det \u00e4r en Gerry-rulle &#8211; sk\u00e4ms p\u00e5 mig!). Men skulle jag somna ifr\u00e5n den s\u00e5 g\u00f6r det allts\u00e5 inte s\u00e5 mycket.<br \/>\nKule grej \u00e4r att TV4 kallar den f\u00f6r &#8221;Desperate Hours&#8221;. Jag fattade ju inte att det var den n\u00e4r jag l\u00e4ste tv-tabl\u00e5n, ju..<\/p>\n<p>Vad jag k\u00f6pte i Ullared? \u00c4h, fattig som jag \u00e4r (la ju de flesta fickpengar p\u00e5 att \u00e5ka till och g\u00f6ra saker i Stockholm redan innan l\u00f6nen kom s\u00e5 jag fick betala tillbaka till mig sj\u00e4lv sen&#8230;) s\u00e5 blev det bara lite underkl\u00e4der och strumpor till Fia och Robin. Samt en pumptv\u00e5l och ett par strumpbyxor till mig; s\u00e5na d\u00e4r tjocka, stickade, goa, s\u00e5 nu kan jag ocks\u00e5 ha kjol och st\u00f6vlar utan att frysa benen av mig.<\/p>\n","protected":false},"excerpt":{"rendered":"<p>Ibland kan det vara kul att bryta av vardagen (ja, l\u00f6rdag \u00e4r som vilken vardga som helst f\u00f6r mig&#8230;) med n\u00e5t man inte g\u00f6r varje dag. S\u00e5 idag for jag till Ullared. Det var Kommunals sektion p\u00e5 jobbet som bj\u00f6d p\u00e5 resan som en del i 10-\u00e5rsjubileet. Vi som \u00e5kte med fick \u00e4ven en kupong&#8230;<\/p>\n","protected":false},"author":1,"featured_media":0,"comment_status":"open","ping_status":"open","sticky":false,"template":"","format":"standard","meta":{"jetpack_post_was_ever_published":false,"_jetpack_newsletter_access":"","_jetpack_dont_email_post_to_subs":false,"_jetpack_newsletter_tier_id":0,"_jetpack_memberships_contains_paywalled_content":false,"_jetpack_memberships_contains_paid_content":false,"footnotes":"","jetpack_publicize_message":"","jetpack_publicize_feature_enabled":true,"jetpack_social_post_already_shared":false,"jetpack_social_options":{"image_generator_settings":{"template":"highway","default_image_id":0,"font":"","enabled":false},"version":2}},"categories":[47],"tags":[],"class_list":["post-1202","post","type-post","status-publish","format-standard","hentry","category-vardagsliv"],"jetpack_publicize_connections":[],"jetpack_featured_media_url":"","jetpack_shortlink":"https:\/\/wp.me\/p3qko4-jo","jetpack_sharing_enabled":true,"jetpack_likes_enabled":true,"jetpack-related-posts":[{"id":1038,"url":"https:\/\/blogg.fumei.se\/?p=1038","url_meta":{"origin":1202,"position":0},"title":"Jag ska fatta mig (ganska) kort","author":"M :)","date":"2009-07-07","format":false,"excerpt":"annars blir det en j\u00e4mrans l\u00e5ng uppdatering h\u00e4r! Jag har ju varit iv\u00e4g till mor och far ett par dagar. Egentligen skulle jag bara varit ut under m\u00e5ndagen f\u00f6r att tr\u00e4ffa syster med familj, men mamma hade snubblat \u00f6ver hundens koppel och tagit emot med h\u00f6gerhanden s\u00e5 illa att hon\u2026","rel":"","context":"I \u201dVardagsliv\u201d","block_context":{"text":"Vardagsliv","link":"https:\/\/blogg.fumei.se\/?cat=47"},"img":{"alt_text":"","src":"","width":0,"height":0},"classes":[]},{"id":1842,"url":"https:\/\/blogg.fumei.se\/?p=1842","url_meta":{"origin":1202,"position":1},"title":"Vi k\u00f6r p\u00e5 ett tag till, d\u00e5&#8230;","author":"M :)","date":"2011-12-08","format":false,"excerpt":"I m\u00e5ndags efter jobbet m\u00f6tte jag upp J p\u00e5 centralen i Gbg, och s\u00e5 tog vi t\u00e5get till V\u00e4xj\u00f6. V\u00e4l d\u00e4r inkvarterade vi oss hos Emma, Silvio och knattarna och fikade och tj\u00f4tade en hel l\u00e5ng kv\u00e4ll innan vi kr\u00f6p ner f\u00f6r att f\u00e5 n\u00e5gra timmars s\u00f6mn innan tisdagens stora\u2026","rel":"","context":"I \u201dFamiljen\u201d","block_context":{"text":"Familjen","link":"https:\/\/blogg.fumei.se\/?cat=34"},"img":{"alt_text":"","src":"","width":0,"height":0},"classes":[]},{"id":23,"url":"https:\/\/blogg.fumei.se\/?p=23","url_meta":{"origin":1202,"position":2},"title":"Veckan som g\u00e5tt&#8230;","author":"M :)","date":"2011-07-24","format":false,"excerpt":"Ja, f\u00f6r det f\u00f6rsta var det sjukt mycket att g\u00f6ra p\u00e5 jobbet! Var kommer alla ungar ifr\u00e5n? Eller jag kanske ska fr\u00e5ga hur i helskotta alla gravida kvinnor kan vara i barnaf\u00f6dande fas samtidigt?? I tisdags hade jag tur och kyckades ta en del av min rast, men i fredags\u2026","rel":"","context":"I \u201dVardagsliv\u201d","block_context":{"text":"Vardagsliv","link":"https:\/\/blogg.fumei.se\/?cat=47"},"img":{"alt_text":"","src":"","width":0,"height":0},"classes":[]},{"id":1091,"url":"https:\/\/blogg.fumei.se\/?p=1091","url_meta":{"origin":1202,"position":3},"title":"Blandad konfekt","author":"M :)","date":"2009-09-27","format":false,"excerpt":"t\u00e4nkte v\u00e4l mest uppdatera vad jag har gjort sen jag skrev h\u00e4r sist. Vilket var i fredags torsdags (vilken koll jag har...).Det blev ingen bokm\u00e4ssa. Jag sov j\u00e4tted\u00e5ligt p\u00e5 natten s\u00e5 jag orkade helt enkelt inte pallra mig upp och iv\u00e4g. Men det g\u00f6r inget, f\u00f6r sen kom jag p\u00e5\u2026","rel":"","context":"I \u201dVardagsliv\u201d","block_context":{"text":"Vardagsliv","link":"https:\/\/blogg.fumei.se\/?cat=47"},"img":{"alt_text":"","src":"","width":0,"height":0},"classes":[]},{"id":4242,"url":"https:\/\/blogg.fumei.se\/?p=4242","url_meta":{"origin":1202,"position":4},"title":"\u2665 Pappa \u2665","author":"M :)","date":"2017-03-12","format":false,"excerpt":"Min pappa Dino Roberto Fumei f\u00f6ddes 1939 i Perosa Argentina\u00a0utanf\u00f6r Turin i Italien, som f\u00f6rsta barnet till mina farf\u00f6r\u00e4ldrar Alfonso\u00a0Fumei och Cesira Stocco. 1949 flyttade min farfar till Sverige f\u00f6r att arbeta p\u00e5 ASEA i V\u00e4ster\u00e5s, och 1951 kom \u00e4ven farmor och pappa och min faster Nella till Sverige. Det\u2026","rel":"","context":"I \u201dFamiljen\u201d","block_context":{"text":"Familjen","link":"https:\/\/blogg.fumei.se\/?cat=34"},"img":{"alt_text":"","src":"https:\/\/i0.wp.com\/blogg.fumei.se\/wp-content\/uploads\/2017\/03\/Pappa.jpg?resize=350%2C200","width":350,"height":200},"classes":[]},{"id":1027,"url":"https:\/\/blogg.fumei.se\/?p=1027","url_meta":{"origin":1202,"position":5},"title":"Sista rycket","author":"M :)","date":"2009-07-12","format":false,"excerpt":"Nu \u00e4r det bara n\u00e5gra timmar kvar av min semester. Imorgon bitti blir det till att g\u00e5 upp halv 5 och sn\u00e4llt fara iv\u00e4g till jobbet igen. Fast det ska bli kul \u00e4nd\u00e5. Jag har ju haft en ganska bra semester, med underbart v\u00e4der n\u00e4stan hela tiden, och jag har\u2026","rel":"","context":"I \u201dVardagsliv\u201d","block_context":{"text":"Vardagsliv","link":"https:\/\/blogg.fumei.se\/?cat=47"},"img":{"alt_text":"","src":"","width":0,"height":0},"classes":[]}],"_links":{"self":[{"href":"https:\/\/blogg.fumei.se\/index.php?rest_route=\/wp\/v2\/posts\/1202","targetHints":{"allow":["GET"]}}],"collection":[{"href":"https:\/\/blogg.fumei.se\/index.php?rest_route=\/wp\/v2\/posts"}],"about":[{"href":"https:\/\/blogg.fumei.se\/index.php?rest_route=\/wp\/v2\/types\/post"}],"author":[{"embeddable":true,"href":"https:\/\/blogg.fumei.se\/index.php?rest_route=\/wp\/v2\/users\/1"}],"replies":[{"embeddable":true,"href":"https:\/\/blogg.fumei.se\/index.php?rest_route=%2Fwp%2Fv2%2Fcomments&post=1202"}],"version-history":[{"count":1,"href":"https:\/\/blogg.fumei.se\/index.php?rest_route=\/wp\/v2\/posts\/1202\/revisions"}],"predecessor-version":[{"id":6639,"href":"https:\/\/blogg.fumei.se\/index.php?rest_route=\/wp\/v2\/posts\/1202\/revisions\/6639"}],"wp:attachment":[{"href":"https:\/\/blogg.fumei.se\/index.php?rest_route=%2Fwp%2Fv2%2Fmedia&parent=1202"}],"wp:term":[{"taxonomy":"category","embeddable":true,"href":"https:\/\/blogg.fumei.se\/index.php?rest_route=%2Fwp%2Fv2%2Fcategories&post=1202"},{"taxonomy":"post_tag","embeddable":true,"href":"https:\/\/blogg.fumei.se\/index.php?rest_route=%2Fwp%2Fv2%2Ftags&post=1202"}],"curies":[{"name":"wp","href":"https:\/\/api.w.org\/{rel}","templated":true}]}}