{"id":1203,"date":"2009-11-05T21:34:48","date_gmt":"2009-11-05T21:34:48","guid":{"rendered":"http:\/\/blogg.fumei.se\/?p=1203"},"modified":"2024-03-24T12:30:16","modified_gmt":"2024-03-24T11:30:16","slug":"ehrm","status":"publish","type":"post","link":"https:\/\/blogg.fumei.se\/?p=1203","title":{"rendered":"Ehrm&#8230;"},"content":{"rendered":"<p>hmm&#8230;det var ett tag sen jga skrev n\u00e5got i bloggen&#8230;kan iofs bero en hel del p\u00e5 att RL brukar g\u00e5 f\u00f6re allt annat.<br \/>\nTr\u00f6tt som fasen \u00e4r jag nuf\u00f6rtiden, har ingen aning om varf\u00f6r, men sover d\u00e5ligt g\u00f6r jag iaf, det kanske kan vara en bidragande orsak (you think??)?<br \/>\nSen \u00e4r det inte s\u00e5 kul att bara skriva utan att ha n\u00e5got att ber\u00e4tta. Men jag har samlat p\u00e5 mig lite sm\u00e5tt att skriva om. Jag har tex tagit vaccinet. Ont i armen och lite extra tr\u00f6tt och h\u00e4ngig \u00e4r de enda biverkningar jag k\u00e4nner av, och det kanske jag ska vara glad f\u00f6r. Robin ska ta sin spruta n\u00e4sta vecka, men Fia bara v\u00e4grar, och jag kan ju inte g\u00e4rna binda henne och sl\u00e4pa henne till V\u00e5C, eller hur?<br \/>\nSilvio har varit godhj\u00e4rtad nog att l\u00e5ta mig f\u00e5 \u00f6verta fumei.se, s\u00e5 nu har jag ocks\u00e5 en egen dom\u00e4n. Sen hj\u00e4lpte han mig att installera samma bloggverktyg som han anv\u00e4nder, men jag har lite sv\u00e5rt att komma ig\u00e5ng med det. Jag \u00e4r ju intget vidare p\u00e5 css, s\u00e5 det \u00e4r lite knepigt att \u00e4ndra om i bloggens utseende. D\u00e4rf\u00f6r f\u00e5r den h\u00e4r bloggen vara kvar ett tag till, och s\u00e5 ligger bara hemsidan p\u00e5 nya dom\u00e4nen tills vidare.<br \/>\nIdag har jag varit p\u00e5 f\u00f6rel\u00e4sning om profylax, dvs andning, coachning och st\u00f6d under f\u00f6rlossningen. Det var j\u00e4ttekul och intressant och givande och jag t\u00e4nker definitivt anv\u00e4nda detta mer n\u00e4r jag \u00e4r hos patienterna!<br \/>\n(Tur att jag sj\u00e4lv hade s\u00e5 snabba f\u00f6rlossningar annars hade jag nog k\u00e4nt idag att s\u00e5nt hade jag velat ha &#8221;p\u00e5 min tid&#8221;).<\/p>\n<p>Robins dator jobbar sig. Helt pl\u00f6tsligt startade den om av sig sj\u00e4lv och sen fick han ett meddelande att han m\u00e5ste starta i fels\u00e4kert l\u00e4ge, men n\u00e4r vi g\u00f6r det startar den om sig hela tiden, s\u00e5 nu k\u00f6r vi en \u00e5terst\u00e4llning. F\u00e5r se om det funkar, annars vete 17 vad vi ska g\u00f6ra. Jag har ju knappast r\u00e5d att k\u00f6pa en dator till honom&#8230;<\/p>\n<p>L\u00e4sningen h\u00e5ller sakta p\u00e5 att komma tillbaka. Just nu l\u00e4ser jag &#8221;\u00c4r det n\u00e5gon d\u00e4rute&#8221; av Marian Keyes. Den k\u00f6pte jag ju i somras n\u00e4r jag var i V\u00e4xj\u00f6, men Emma l\u00e5nade den d\u00e5 medan jag l\u00e5nade alla hennes andra Keyes-b\u00f6cker (som ligger h\u00e4r fortfarande f\u00f6r jag t\u00e4nkte att hon har ju redan l\u00e4st dem och s\u00e5 ska de \u00e4nd\u00e5 packa ner och undan allt de \u00e4ger s\u00e5 det spelar ingen roll om 8 b\u00f6cker ligger h\u00e4r eller d\u00e4r).<\/p>\n<p>Var till Expert (som absolut INTE \u00e4r vad de heter&#8230;) och bad om en \u00e5sikt ang\u00e5ende Fias lilla miniPC. Killen ans\u00e5g att det nog inte skulle g\u00e5 p\u00e5 garantin, men att han kunde ju skicka den till verkstaden \u00e4nd\u00e5 f\u00f6r att h\u00f6ra vad de s\u00e4ger. OM det inte skulle g\u00e5 p\u00e5 garantin skulle jag f\u00e5 betala kalaset sj\u00e4lv, och bara en koll plus frakt skulle g\u00e5 l\u00f6st p\u00e5 sis\u00e5d\u00e4r 800 kronor, men d\u00e5 fick det faktiskt vara, f\u00f6r jag v\u00e4grar betala det f\u00f6r n\u00e5got som kostade mig knappt 1000 kronor f\u00f6r mindre \u00e4n ett \u00e5r sedan. D\u00e5 kan man lika g\u00e4rna k\u00f6pa en ny.<\/p>\n","protected":false},"excerpt":{"rendered":"<p>hmm&#8230;det var ett tag sen jga skrev n\u00e5got i bloggen&#8230;kan iofs bero en hel del p\u00e5 att RL brukar g\u00e5 f\u00f6re allt annat. Tr\u00f6tt som fasen \u00e4r jag nuf\u00f6rtiden, har ingen aning om varf\u00f6r, men sover d\u00e5ligt g\u00f6r jag iaf, det kanske kan vara en bidragande orsak (you think??)? Sen \u00e4r det inte s\u00e5 kul&#8230;<\/p>\n","protected":false},"author":1,"featured_media":0,"comment_status":"open","ping_status":"open","sticky":false,"template":"","format":"standard","meta":{"jetpack_post_was_ever_published":false,"_jetpack_newsletter_access":"","_jetpack_dont_email_post_to_subs":false,"_jetpack_newsletter_tier_id":0,"_jetpack_memberships_contains_paywalled_content":false,"_jetpack_memberships_contains_paid_content":false,"footnotes":"","jetpack_publicize_message":"","jetpack_publicize_feature_enabled":true,"jetpack_social_post_already_shared":false,"jetpack_social_options":{"image_generator_settings":{"template":"highway","default_image_id":0,"font":"","enabled":false},"version":2}},"categories":[47],"tags":[],"class_list":["post-1203","post","type-post","status-publish","format-standard","hentry","category-vardagsliv"],"jetpack_publicize_connections":[],"jetpack_featured_media_url":"","jetpack_shortlink":"https:\/\/wp.me\/s3qko4-ehrm","jetpack_sharing_enabled":true,"jetpack_likes_enabled":true,"jetpack-related-posts":[{"id":954,"url":"https:\/\/blogg.fumei.se\/?p=954","url_meta":{"origin":1203,"position":0},"title":"Mera lista!","author":"M :)","date":"2009-05-07","format":false,"excerpt":"\u00c4rligt snodd hos Milo Lovar du att vara \u00e4rlig: Ja, eller s\u00e5 v\u00e4ljer jag \"ingen kommentar\"-alternativet N\u00e4mn n\u00e5got som gjorde dig glad ig\u00e5r: Fin utsikt... Vad gjorde du kl 09 imorse: Kollade mailen och drack mitt morgonkaffe. Vad gjorde du f\u00f6r 30 min sedan:\u00a0 S\u00e5g \"The weakest link\" p\u00e5 BBC.\u2026","rel":"","context":"I \u201dVardagsliv\u201d","block_context":{"text":"Vardagsliv","link":"https:\/\/blogg.fumei.se\/?cat=47"},"img":{"alt_text":"","src":"","width":0,"height":0},"classes":[]},{"id":239,"url":"https:\/\/blogg.fumei.se\/?p=239","url_meta":{"origin":1203,"position":1},"title":"F\u00f6ljetongen &#8221;K\u00e4rlek p\u00e5 distans&#8221;, del 417 (eller n\u00e5t)","author":"M :)","date":"2010-05-07","format":false,"excerpt":"Det b\u00f6rjar k\u00e4nnas som en tr\u00e5kig s\u00e5pa. Samma sak dag in och dag ut - inga brev och inga svar. Den h\u00e4r veckan har jag varit lite mer aktiv i att f\u00f6rs\u00f6ka f\u00e5 reda p\u00e5 hur det g\u00e5r med v\u00e5rt \u00e4rende. I tisdags ringde jag den handl\u00e4ggare som skickade brev\u2026","rel":"","context":"I \u201dVardagsliv\u201d","block_context":{"text":"Vardagsliv","link":"https:\/\/blogg.fumei.se\/?cat=47"},"img":{"alt_text":"","src":"","width":0,"height":0},"classes":[]},{"id":2979,"url":"https:\/\/blogg.fumei.se\/?p=2979","url_meta":{"origin":1203,"position":2},"title":"Det blir inte alltid som man t\u00e4nkt sig&#8230;","author":"M :)","date":"2013-06-26","format":false,"excerpt":"Min Facebook-status onsdagen den 12e Juni s\u00e5g ut s\u00e5 h\u00e4r: \"Jag g\u00f6r det enkelt f\u00f6r mig och skriver h\u00e4r s\u00e5 att alla kan se och l\u00e4sa sj\u00e4lva, att fr\u00e5n och med idag s\u00e5 \u00e4r \u00e4r Jorge och jag inte l\u00e4ngre ett par. Det k\u00e4nns j\u00e4ttejobbigt och ledsamt f\u00f6r oss b\u00e5da,\u2026","rel":"","context":"I \u201dFamiljen\u201d","block_context":{"text":"Familjen","link":"https:\/\/blogg.fumei.se\/?cat=34"},"img":{"alt_text":"","src":"","width":0,"height":0},"classes":[]},{"id":310,"url":"https:\/\/blogg.fumei.se\/?p=310","url_meta":{"origin":1203,"position":3},"title":"M\u00e5ndag. Igen.","author":"M :)","date":"2010-02-01","format":false,"excerpt":"Var p\u00e5 vippen att skriva \"hur m\u00e5nga m\u00e5ndagar finns det egentligen?\", men kom p\u00e5 att det kunde nog uppfattas lite blont haha. Men ibland k\u00e4nns det som om det nyss var b\u00f6rjan p\u00e5 veckan, och s\u00e5 \u00e4r det pl\u00f6tsligt det igen! Jag \u00e4r i alla fall ledig idag, och har\u2026","rel":"","context":"I \u201dVardagsliv\u201d","block_context":{"text":"Vardagsliv","link":"https:\/\/blogg.fumei.se\/?cat=47"},"img":{"alt_text":"","src":"","width":0,"height":0},"classes":[]},{"id":3758,"url":"https:\/\/blogg.fumei.se\/?p=3758","url_meta":{"origin":1203,"position":4},"title":"Tr\u00f6tt, tr\u00f6ttare, tr\u00f6ttast&#8230;","author":"M :)","date":"2015-11-14","format":false,"excerpt":"S\u00f6mnbrist. Ingen\u00a0hit. Inte alls kul. Varf\u00f6r jag \u00e5terigen har s\u00f6mnbrist beror p\u00e5 en m\u00e4ngd olika faktorer; instabil ekonomi, ensamhet, h\u00f6stdepression, klimakteriehormonrubbning och att saker och ting rent allm\u00e4nt b\u00f6rjar krypa ikapp mig. Saker som kan g\u00f6ra \u00e4ven den st\u00f6rsta sjusovaren s\u00f6mnl\u00f6s. S\u00e5 allts\u00e5 sover jag inte. Eller, sover g\u00f6r jag,\u2026","rel":"","context":"I \u201dVardagsliv\u201d","block_context":{"text":"Vardagsliv","link":"https:\/\/blogg.fumei.se\/?cat=47"},"img":{"alt_text":"","src":"","width":0,"height":0},"classes":[]},{"id":315,"url":"https:\/\/blogg.fumei.se\/?p=315","url_meta":{"origin":1203,"position":5},"title":"Men l\u00e4gg av&#8230;","author":"M :)","date":"2010-01-27","format":false,"excerpt":"Mera sn\u00f6. Sn\u00f6 p\u00e5 tv\u00e4ren, sn\u00f6 p\u00e5 l\u00e4ngden, sn\u00f6 i stora h\u00f6gar och drivor, sn\u00f6 \u00f6verallt. Inte \u00e4r det n\u00e5gon som skottar eller plogar som de ska heller, s\u00e5 det \u00e4r sn\u00f6 \u00f6verallt d\u00e4r man m\u00e5ste g\u00e5, och stora vallar att ta sig \u00f6ver n\u00e4r man ska \u00f6ver n\u00e5n gata.\u2026","rel":"","context":"I \u201dVardagsliv\u201d","block_context":{"text":"Vardagsliv","link":"https:\/\/blogg.fumei.se\/?cat=47"},"img":{"alt_text":"","src":"","width":0,"height":0},"classes":[]}],"_links":{"self":[{"href":"https:\/\/blogg.fumei.se\/index.php?rest_route=\/wp\/v2\/posts\/1203","targetHints":{"allow":["GET"]}}],"collection":[{"href":"https:\/\/blogg.fumei.se\/index.php?rest_route=\/wp\/v2\/posts"}],"about":[{"href":"https:\/\/blogg.fumei.se\/index.php?rest_route=\/wp\/v2\/types\/post"}],"author":[{"embeddable":true,"href":"https:\/\/blogg.fumei.se\/index.php?rest_route=\/wp\/v2\/users\/1"}],"replies":[{"embeddable":true,"href":"https:\/\/blogg.fumei.se\/index.php?rest_route=%2Fwp%2Fv2%2Fcomments&post=1203"}],"version-history":[{"count":1,"href":"https:\/\/blogg.fumei.se\/index.php?rest_route=\/wp\/v2\/posts\/1203\/revisions"}],"predecessor-version":[{"id":6637,"href":"https:\/\/blogg.fumei.se\/index.php?rest_route=\/wp\/v2\/posts\/1203\/revisions\/6637"}],"wp:attachment":[{"href":"https:\/\/blogg.fumei.se\/index.php?rest_route=%2Fwp%2Fv2%2Fmedia&parent=1203"}],"wp:term":[{"taxonomy":"category","embeddable":true,"href":"https:\/\/blogg.fumei.se\/index.php?rest_route=%2Fwp%2Fv2%2Fcategories&post=1203"},{"taxonomy":"post_tag","embeddable":true,"href":"https:\/\/blogg.fumei.se\/index.php?rest_route=%2Fwp%2Fv2%2Ftags&post=1203"}],"curies":[{"name":"wp","href":"https:\/\/api.w.org\/{rel}","templated":true}]}}