{"id":1204,"date":"2009-12-31T19:05:23","date_gmt":"2009-12-31T19:05:23","guid":{"rendered":"http:\/\/blogg.fumei.se\/?p=1204"},"modified":"2024-03-24T16:38:17","modified_gmt":"2024-03-24T15:38:17","slug":"slutlista","status":"publish","type":"post","link":"https:\/\/blogg.fumei.se\/?p=1204","title":{"rendered":"Slutlista"},"content":{"rendered":"<p><strong>Gjorde du n\u00e5got i \u00e5r som du aldrig gjort f\u00f6rut?<\/strong> <br \/>Inget som jag kan komma p\u00e5 just nu.<br \/><strong>H\u00f6ll du n\u00e5gra av dina ny\u00e5rsl\u00f6ften?<\/strong> <br \/>Om man inte ger n\u00e5gra beh\u00f6ver man inte bekymra sig \u00f6ver att bryta n\u00e5gra heller.<br \/><strong>Vilka l\u00e4nder bes\u00f6kte du?<\/strong> <br \/>Finland.<br \/><strong>\u00c4r det n\u00e5got du saknar \u00e5r 2009 som du vill ha \u00e5r 2010?<\/strong> <br \/>Pengar.<br \/><strong>Vilket datum fr\u00e5n \u00e5r 2009 kommer du alltid att minnas?<\/strong> <br \/>14 Augusti.<br \/><strong>Vad \u00e4r det b\u00e4sta som h\u00e4nt dig \u00e5r 2009?<\/strong> <br \/>Det m\u00e5ste v\u00e4l vara att jag tr\u00e4ffade J. Och att jag fick en ny l\u00e4genhet \ud83d\ude42<br \/><strong>St\u00f6rsta misstaget?<\/strong> <br \/>Som vanligt \u00e4r jag kass p\u00e5 att planera l\u00e5ngsiktitg n\u00e4r det g\u00e4ller ekonomin. Visserligen har det till st\u00f6rsta delen att g\u00f6ra med att jag lever p\u00e5 existensminimum, men ocks\u00e5 att det alltid finns en massa man beh\u00f6ver k\u00f6pa, s\u00e5 f\u00f6r det mestar\u00a0heter det\u00a0&#8221;det l\u00f6ser sig&#8221;.<br \/><strong>Har du varit sjuk eller skadat dig?<\/strong> <br \/>Inget allvarligt, en ordentlig UVI och k\u00e4nningar av njursten, annars frisk.<br \/><strong>B\u00e4sta k\u00f6pet?<\/strong> <br \/>Har inte k\u00f6pt n\u00e5got s\u00e4rskilt. F\u00e5r v\u00e4l s\u00e4ga alla b\u00f6cker jag k\u00f6pte, s\u00e5.<br \/><strong>Vad spenderade du mest pengar p\u00e5?<\/strong> <br \/>Mina barn. L\u00e4tt.<br \/><strong>Vilken var din favorittrend?<\/strong> <br \/>Trender \u00e4r f\u00f6r folk som inte har en egen \u00e5sikt och vilja.<br \/><strong>Vilka s\u00e5nger kommer alltid att p\u00e5minna dig om 2009?<\/strong>\u00a0<br \/>Allt med Muse.\u00a0\u00a0 <br \/><strong>Var du gladare eller ledsnare i \u00e5r j\u00e4mf\u00f6rt med tidigare \u00e5r?<\/strong> <br \/>Nj\u00e4e, det var v\u00e4l samma stuk p\u00e5 mitt hum\u00f6r i \u00e5r som det varit de senaste \u00e5ren&#8230;<br \/><strong>Har du f\u00f6r\u00e4ndrats mycket?<\/strong> <br \/>Tror jag inte.<br \/><strong>Vilket plagg anv\u00e4nde du mest?<\/strong> <br \/>Mina sneakers, min vita stickade kofta och min gr\u00f6na duffel.<br \/><strong>Blev du k\u00e4r i \u00e5r?<\/strong><br \/>Ja \ud83d\ude42<br \/><strong>Favoritprogram p\u00e5 tv?<\/strong> <br \/>Jag har ju inte sett s\u00e5 mycket p\u00e5 tv i \u00e5r. Men CSI \u00e4r en favorit som jag f\u00f6rs\u00f6ker se om jag inte jobbar (s\u00e4rskilt NY). Annars g\u00e5r ju ett hederligt fr\u00e5geprogram i stil med Postkodsmiljon\u00e4ren eller Vem Vet Mest hem n\u00e4r som helst&#8230;<br \/><strong>Hatar du n\u00e5gon nu som du inte hatade i b\u00f6rjan av \u00e5ret?<\/strong> <br \/>Hata \u00e4r ett starkt ord. Men nej, inte som jag \u00e4r medveten om.<br \/><strong>B\u00e4sta boken du l\u00e4ste i \u00e5r?<\/strong><br \/>Tja, jag l\u00e4ste ju <em>om<\/em> Twilight-sagan, s\u00e5 den f\u00e5r vinna i \u00e5r igen. Annars blir det Hotel Galicja, <a href=\"..\/..\/2009\/december\/bokrecension-hotel-galicja.html\" target=\"_blank\" rel=\"noopener\">som jag skrev om h\u00e4r p\u00e5 bloggen<\/a> f\u00f6r n\u00e5gra dagar sedan.<br \/><strong>N\u00e5got du \u00f6nskade dig och fick?<\/strong> <br \/>Sol p\u00e5 min semester, nya Dan Brown-boken i julklapp och en vit jul.<br \/><strong>N\u00e5got du \u00f6nskade dig men inte fick? <\/strong><br \/>En mega lottovinst.<br \/><strong>\u00c5rets b\u00e4sta film?<\/strong> <br \/>Precis som med tv s\u00e5 ser jag inte mycket film heller, och n\u00e4r jag g\u00f6r det brukar det bli s\u00e5nt som g\u00e5r p\u00e5 tv, s\u00e5 d\u00e5 har de oftast n\u00e5gott eller n\u00e5gra\u00a0\u00e5r p\u00e5 nacken, men New Moon var v\u00e4ldigt bra.<br \/><strong>Ett uttryck du missbrukat 2009:<\/strong> <br \/>&#8221;Man har v\u00e4l njure!&#8221; (Ska s\u00e4gas samtidigt som man pekar mot huvudet)<br \/><strong>N\u00e5got som du irriterat dig p\u00e5 under \u00e5ret?<\/strong> <br \/>En massa saker. M\u00e5nga g\u00e5nger stod tyv\u00e4rr min obstinata ton\u00e5rsdotter f\u00f6r irritationsmomentet.<br \/><strong>Vad gjorde du p\u00e5 din f\u00f6delsedag 2009?<\/strong> <br \/>Blev halvt om halvt kidnappad och firad av goda v\u00e4nner!<br \/><strong>De b\u00e4sta nya m\u00e4nniskorna du tr\u00e4ffade?<\/strong> <br \/>Tja, <em>nya<\/em> m\u00e4nniskor jag tr\u00e4ffat i \u00e5r \u00e4r l\u00e4tt r\u00e4knade: Nina, Kerstin och naturligtvis J. Underbara m\u00e4nniskor alla tre!<br \/><strong>Favoritm\u00e5nad?<\/strong> <br \/>Augusti.<br \/><strong>Finns det n\u00e5gonting som skulle gjort ditt \u00e5r \u00e4nnu b\u00e4ttre?<\/strong> <br \/>Jag svarar lite klyschigt att om jag hade haft mer pengar\/f\u00e4rre skulder s\u00e5 hade jag haft b\u00e4ttre ekonomiska f\u00f6ruts\u00e4ttningar att g\u00f6ra saker jag ville g\u00f6ra.<\/p>\n<p><\/p>\n","protected":false},"excerpt":{"rendered":"<p>Gjorde du n\u00e5got i \u00e5r som du aldrig gjort f\u00f6rut? Inget som jag kan komma p\u00e5 just nu.H\u00f6ll du n\u00e5gra av dina ny\u00e5rsl\u00f6ften? Om man inte ger n\u00e5gra beh\u00f6ver man inte bekymra sig \u00f6ver att bryta n\u00e5gra heller.Vilka l\u00e4nder bes\u00f6kte du? Finland.\u00c4r det n\u00e5got du saknar \u00e5r 2009 som du vill ha \u00e5r 2010? Pengar.Vilket&#8230;<\/p>\n","protected":false},"author":1,"featured_media":0,"comment_status":"open","ping_status":"open","sticky":false,"template":"","format":"standard","meta":{"jetpack_post_was_ever_published":false,"_jetpack_newsletter_access":"","_jetpack_dont_email_post_to_subs":false,"_jetpack_newsletter_tier_id":0,"_jetpack_memberships_contains_paywalled_content":false,"_jetpack_memberships_contains_paid_content":false,"footnotes":"","jetpack_publicize_message":"","jetpack_publicize_feature_enabled":true,"jetpack_social_post_already_shared":false,"jetpack_social_options":{"image_generator_settings":{"template":"highway","default_image_id":0,"font":"","enabled":false},"version":2}},"categories":[47],"tags":[],"class_list":["post-1204","post","type-post","status-publish","format-standard","hentry","category-vardagsliv"],"jetpack_publicize_connections":[],"jetpack_featured_media_url":"","jetpack_shortlink":"https:\/\/wp.me\/p3qko4-jq","jetpack_sharing_enabled":true,"jetpack_likes_enabled":true,"jetpack-related-posts":[{"id":1206,"url":"https:\/\/blogg.fumei.se\/?p=1206","url_meta":{"origin":1204,"position":0},"title":"Bokrecension &#8211; Hotel Galicja","author":"M :)","date":"2009-12-27","format":false,"excerpt":"Hotel Galicja av Per Agne Erkelius (Norstedts 2009) Baksidestext: N\u00e4r nazisterna tog makten i \u00d6sterrike flydde den judiska familjen Zuckerkandl till Sverige, men utvisades och flydde vidare till Frankrike. Under en stor razzia i det ockuperade Paris 1942 greps de - f\u00f6r att transporteras till Auschwitz. Det ena av de\u2026","rel":"","context":"I \u201dVardagsliv\u201d","block_context":{"text":"Vardagsliv","link":"https:\/\/blogg.fumei.se\/?cat=47"},"img":{"alt_text":"","src":"","width":0,"height":0},"classes":[]},{"id":1165,"url":"https:\/\/blogg.fumei.se\/?p=1165","url_meta":{"origin":1204,"position":1},"title":"Nobels Fredspris","author":"M :)","date":"2009-10-09","format":false,"excerpt":"g\u00e5r till Barack Obama. S\u00e5 h\u00e4r lyder kommitt\u00e8ns motivering: The Nobel Peace Prize for 2009 The Norwegian Nobel Committee has decided that the Nobel Peace Prize for 2009 is to be awarded to President Barack Obama for his extraordinary efforts to strengthen international diplomacy and cooperation between peoples. The Committee\u2026","rel":"","context":"I \u201dVardagsliv\u201d","block_context":{"text":"Vardagsliv","link":"https:\/\/blogg.fumei.se\/?cat=47"},"img":{"alt_text":"","src":"","width":0,"height":0},"classes":[]},{"id":1218,"url":"https:\/\/blogg.fumei.se\/?p=1218","url_meta":{"origin":1204,"position":2},"title":"Fototriss- Triss i triss","author":"M :)","date":"2009-12-13","format":false,"excerpt":"Jag \u00e4r lite sen med att l\u00e4gga upp veckans fototriss, men h\u00e4r kommer den i alla fall.Alla bilder m\u00e5ste inneh\u00e5lla en triss av n\u00e5got. Triss i t\u00e5g. G\u00f6teborgs Centralstation kl 21.20, fredag 11 December 2009.Idag \u00e4r det tredje Advent, och tre ljus fick lysa upp vid matbordet h\u00e4r hemma.Till sist,\u2026","rel":"","context":"I \u201dVardagsliv\u201d","block_context":{"text":"Vardagsliv","link":"https:\/\/blogg.fumei.se\/?cat=47"},"img":{"alt_text":"","src":"","width":0,"height":0},"classes":[]},{"id":1095,"url":"https:\/\/blogg.fumei.se\/?p=1095","url_meta":{"origin":1204,"position":3},"title":"Bokm\u00e4ssa 2009","author":"M :)","date":"2009-09-24","format":false,"excerpt":"Jag har aldrig varit p\u00e5 bokm\u00e4ssan. Jag har funderat p\u00e5 att g\u00e5 dit n\u00e5gra g\u00e5nger, men aldrig kommit till skott. I \u00e5r vill jag g\u00e5 dit. Tror ni inte p\u00e5 fan att jag jobbar praktiskt taget hela helgen d\u00e5? Fast\u00a0jag kan ju\u00a0\u00e5ka ner tidigare och g\u00e5 dit p\u00e5 f\u00f6rmiddagen innan\u2026","rel":"","context":"I \u201dVardagsliv\u201d","block_context":{"text":"Vardagsliv","link":"https:\/\/blogg.fumei.se\/?cat=47"},"img":{"alt_text":"","src":"","width":0,"height":0},"classes":[]},{"id":321,"url":"https:\/\/blogg.fumei.se\/?p=321","url_meta":{"origin":1204,"position":4},"title":"Tjej&#038;Killsnack vecka 52, 2009","author":"EmEff","date":"2009-12-27","format":false,"excerpt":"Vill du ocks\u00e5 vara med? Du hittar Tjejsnack h\u00e4r. Decemberslut 1. Vad fick du i julklapp?Jag fick nytt duschaggregat, ett halsband och ett armband och \"Den f\u00f6rlorade Symbolen\" av Dan Brown.2. Vem firade du julafton med?Mina barn och mina f\u00f6r\u00e4ldrar.3. Vad var det b\u00e4sta med julen i \u00e5r?Att jag inte\u2026","rel":"","context":"I \u201dVardagsliv\u201d","block_context":{"text":"Vardagsliv","link":"https:\/\/blogg.fumei.se\/?cat=47"},"img":{"alt_text":"","src":"","width":0,"height":0},"classes":[]},{"id":832,"url":"https:\/\/blogg.fumei.se\/?p=832","url_meta":{"origin":1204,"position":5},"title":"Recension &#8211; Lost in Austen","author":"M :)","date":"2009-01-01","format":false,"excerpt":"Lost in Austen - romantisk tidsresa i Jane Austen-milj\u00f6 Amanda Price \u00e4r en fullst\u00e4ndigt modern, fullst\u00e4ndigt normal, r\u00e4tt uttr\u00e5kad 20-n\u00e5nting-tjej, som jobbar p\u00e5 bank. Hon \u00e4r inte tillr\u00e4ckligt romantisk f\u00f6r att vilja gifta sig, men superromantisk n\u00e4r det g\u00e4ller f\u00f6rfattaren Jane Austen och favoritromanen \"Stolthet och f\u00f6rdom\" som hon \u00e4lskar\u2026","rel":"","context":"I \u201dVardagsliv\u201d","block_context":{"text":"Vardagsliv","link":"https:\/\/blogg.fumei.se\/?cat=47"},"img":{"alt_text":"","src":"","width":0,"height":0},"classes":[]}],"_links":{"self":[{"href":"https:\/\/blogg.fumei.se\/index.php?rest_route=\/wp\/v2\/posts\/1204","targetHints":{"allow":["GET"]}}],"collection":[{"href":"https:\/\/blogg.fumei.se\/index.php?rest_route=\/wp\/v2\/posts"}],"about":[{"href":"https:\/\/blogg.fumei.se\/index.php?rest_route=\/wp\/v2\/types\/post"}],"author":[{"embeddable":true,"href":"https:\/\/blogg.fumei.se\/index.php?rest_route=\/wp\/v2\/users\/1"}],"replies":[{"embeddable":true,"href":"https:\/\/blogg.fumei.se\/index.php?rest_route=%2Fwp%2Fv2%2Fcomments&post=1204"}],"version-history":[{"count":1,"href":"https:\/\/blogg.fumei.se\/index.php?rest_route=\/wp\/v2\/posts\/1204\/revisions"}],"predecessor-version":[{"id":6670,"href":"https:\/\/blogg.fumei.se\/index.php?rest_route=\/wp\/v2\/posts\/1204\/revisions\/6670"}],"wp:attachment":[{"href":"https:\/\/blogg.fumei.se\/index.php?rest_route=%2Fwp%2Fv2%2Fmedia&parent=1204"}],"wp:term":[{"taxonomy":"category","embeddable":true,"href":"https:\/\/blogg.fumei.se\/index.php?rest_route=%2Fwp%2Fv2%2Fcategories&post=1204"},{"taxonomy":"post_tag","embeddable":true,"href":"https:\/\/blogg.fumei.se\/index.php?rest_route=%2Fwp%2Fv2%2Ftags&post=1204"}],"curies":[{"name":"wp","href":"https:\/\/api.w.org\/{rel}","templated":true}]}}