{"id":1207,"date":"2009-12-25T19:50:20","date_gmt":"2009-12-25T19:50:20","guid":{"rendered":"http:\/\/blogg.fumei.se\/?p=1207"},"modified":"2009-12-25T19:50:20","modified_gmt":"2009-12-25T19:50:20","slug":"nu-ar-glada-julen-slut-slut-slut","status":"publish","type":"post","link":"https:\/\/blogg.fumei.se\/?p=1207","title":{"rendered":"Nu \u00e4r glada julen slut, slut, slut&#8230;"},"content":{"rendered":"<p>Japp. Slut, \u00f6ver, f\u00f6rbi. Och f\u00f6r en g\u00e5ng skull tycker jag det \u00e4r sk\u00f6nt. Det b\u00f6rjade s\u00e5 bra med att vi packade ihop klapparna och \u00e5kte ut till mor och far f\u00f6r att fira julen d\u00e4r. Egentligen skulle Silvio, Emma och knoddarna kommit ocks\u00e5, men det blev \u00e4ndrade planer, s\u00e5 det blev bara vi fem.<br \/>Allt var bra tills Fia helt pl\u00f6tsligt fick ett frispel och b\u00f6rjade gapa och skrika och hon skulle minsann inte fira jul med n\u00e5n i den h\u00e4r j\u00e4vla familjen, f\u00f6r fy fan vad hon hatar oss allihop och alla bara skyller allt p\u00e5 henne och hon skulle minsann g\u00e5 in till n\u00e4rmaste samh\u00e4lle och ta en taxi till pjkv\u00e4nnen. 13 km till n\u00e4rmaste samh\u00e4lle, kraftigt sn\u00f6fall och totalt m\u00f6rker, inte en gatlykta p\u00e5 hela v\u00e4gen. Vi stod utanf\u00f6r huset och &#8221;diskuterade&#8221; s\u00e5 det m\u00e5ste h\u00f6rts in till det d\u00e4r samh\u00e4llet&#8230;<br \/>Det slutade med att hon bleb h\u00e4mtad av pojkv\u00e4n och hans familj. Det k\u00e4ndes som b\u00e4sta l\u00f6sningen just d\u00e5. Hennes far tyckte jag var dum i huvudet som l\u00e4t henne \u00e5ka f\u00f6r han menade att jag g\u00f6r fel som l\u00e5ter henne \u00e5ka, men om jag inte hade gjort det hade hon g\u00e5tt iv\u00e4g. Jag \u00e4r inte direkt kapabel att lyfta in henne i huset l\u00e4ngre, om man s\u00e4ger s\u00e5&#8230;men inte fan var jag s\u00e4rskilt glad sen. Mascaran f\u00f6rsvann nerf\u00f6r kinderna&#8230;<br \/>(N\u00e5gra av er vet hur vi hade det h\u00e4r hemma veckan f\u00f6re Novemberlovet&#8230;nu var det allts\u00e5 dags igen&#8230;)<\/p>\n<p>Ig\u00e5r, p\u00e5 julafton, fick jag ett sms om att hon skulle f\u00e5 skjuts hem till mormor och morfar och sen bli h\u00e4mtad igen p\u00e5 kv\u00e4llen. D\u00e5 blev jag glad igen. Dagen fl\u00f6t p\u00e5 utan n\u00e5gra st\u00f6rre tjafs. Det k\u00e4ndes som att hon inte var arg p\u00e5 riktigt, men att hon \u00e4nd\u00e5 skulle h\u00e5lla den masken f\u00f6r att jag inte skulle tro att allt var som vanligt.<br \/>Vi k\u00e4kade och \u00f6ppnade julklappar. Jag \u00f6verv\u00e4gde n\u00e4stan att hon inte skulle f\u00e5 n\u00e5gra men la ner det.<\/p>\n<p>S\u00e5 nu har hon en ny v\u00e4ckarklocka, biobiljetter, \u00f6rh\u00e4ngen\u00a0och lite pengar. Robin fick nytt headset till datorn, pengar, spel till sin 360 och en godisbajsande tomte. Mor och far fick bubbel och lotter. Sj\u00e4lv fick jag ett halsband och ett armband av modern, en ny duschslang av far och en bok av Lena. Inte vilken bok som helst, utan &#8221;Den f\u00f6rlorade symbolen&#8221;; Dan Browns nya. Recension kommer sen.<\/p>\n<p>Sen \u00e5kte Fia iv\u00e4g igen och vi andra hamnade fram f\u00f6r tv:n och s\u00e5g Sagan om de tv\u00e5 tornen. Fast mor gick in till sin tv och s\u00e5g n\u00e5got tyskt schlager tjosan som hon gillar, och far sa godnatt. Efter filmen l\u00e4rde mamma och jag Robin att spela 500. Han sp\u00f6ade skiten ur oss&#8230;<\/p>\n<p>Idag sl\u00f6ade vi. Det kom ju liksom av sig, allt julfirande, i \u00e5r, s\u00e5 vi struntade i att fixa s\u00e5 mycket utan \u00e5t en ordentlig lunch innan pappa k\u00f6rde hem mig och Robin. <br \/>Nu ligger alla r\u00f6kluktande kl\u00e4der i tv\u00e4ttkorgen och vi slappar framf\u00f6r varsin dator. Eller kanske inte slappar direkt. Robin spelar sitt nya spel och jag chattar p\u00e5 MSN.<\/p>\n<p>Visst \u00e4r det h\u00e4rligt n\u00e4r julen \u00e4r \u00f6ver??!!<br \/>Jag lyckades trots allt tjafs ta n\u00e5gra bilder&#8230;<\/p>\n<div style=\"text-align: center;\">\n<table id=\"AutoNumber1\" style=\"border-collapse: collapse\" border=\"0\" cellspacing=\"0\" cellpadding=\"0\">\n<tbody>\n<tr>\n<td>\n<div style=\"text-align: center;\"><a onclick=\"showPic('..\/..\/images\/2009\/200912241372_66218469.jpg\"\" href=\"..\/..\/images\/2009\/200912241372_66218469.jpg\"><img data-recalc-dims=\"1\" decoding=\"async\" class=\"thumbnail\" src=\"https:\/\/i0.wp.com\/emeff.blogg.se\/\/images\/2009\/200912241372_66218469_thumb.jpg?w=640\" alt=\"\" \/><\/a>\u00a0<\/div>\n<\/td>\n<td>\n<div style=\"text-align: center;\"><a onclick=\"showPic('..\/..\/images\/2009\/200912241373_66218554.jpg\"\" href=\"..\/..\/images\/2009\/200912241373_66218554.jpg\"><img data-recalc-dims=\"1\" decoding=\"async\" class=\"thumbnail\" src=\"https:\/\/i0.wp.com\/emeff.blogg.se\/\/images\/2009\/200912241373_66218554_thumb.jpg?w=640\" alt=\"\" \/><\/a>\u00a0<\/div>\n<\/td>\n<td>\n<div style=\"text-align: center;\"><a onclick=\"showPic('..\/..\/images\/2009\/200912241374_66218624.jpg\"\" href=\"..\/..\/images\/2009\/200912241374_66218624.jpg\"><img data-recalc-dims=\"1\" decoding=\"async\" class=\"thumbnail\" src=\"https:\/\/i0.wp.com\/emeff.blogg.se\/\/images\/2009\/200912241374_66218624_thumb.jpg?w=640\" alt=\"\" \/><\/a>\u00a0<\/div>\n<\/td>\n<td>\n<div style=\"text-align: center;\">\u00a0<a onclick=\"showPic('..\/..\/images\/2009\/200912241375_66218677.jpg\"\" href=\"..\/..\/images\/2009\/200912241375_66218677.jpg\"><img data-recalc-dims=\"1\" decoding=\"async\" class=\"thumbnail\" src=\"https:\/\/i0.wp.com\/emeff.blogg.se\/\/images\/2009\/200912241375_66218677_thumb.jpg?w=640\" alt=\"\" \/><\/a><\/div>\n<\/td>\n<\/tr>\n<tr>\n<td>\n<div style=\"text-align: center;\">\u00a0<a onclick=\"showPic('..\/..\/images\/2009\/200912241386_66218770.jpg\"\" href=\"..\/..\/images\/2009\/200912241386_66218770.jpg\"><img data-recalc-dims=\"1\" decoding=\"async\" class=\"thumbnail\" src=\"https:\/\/i0.wp.com\/emeff.blogg.se\/\/images\/2009\/200912241386_66218770_thumb.jpg?w=640\" alt=\"\" \/><\/a><\/div>\n<\/td>\n<td>\n<div style=\"text-align: center;\">\u00a0<a onclick=\"showPic('..\/..\/images\/2009\/200912241371_66218989.jpg\"\" href=\"..\/..\/images\/2009\/200912241371_66218989.jpg\"><img data-recalc-dims=\"1\" decoding=\"async\" class=\"thumbnail\" src=\"https:\/\/i0.wp.com\/emeff.blogg.se\/\/images\/2009\/200912241371_66218989_thumb.jpg?w=640\" alt=\"\" \/><\/a><\/div>\n<\/td>\n<td>\n<div style=\"text-align: center;\">\u00a0<a onclick=\"showPic('..\/..\/images\/2009\/200912241388_66218917.jpg\"\" href=\"..\/..\/images\/2009\/200912241388_66218917.jpg\"><img data-recalc-dims=\"1\" decoding=\"async\" class=\"thumbnail\" src=\"https:\/\/i0.wp.com\/emeff.blogg.se\/\/images\/2009\/200912241388_66218917_thumb.jpg?w=640\" alt=\"\" \/><\/a><\/div>\n<\/td>\n<td>\n<div style=\"text-align: center;\">\u00a0<a onclick=\"showPic('..\/..\/images\/2009\/200912241389_66218832.jpg\"\" href=\"..\/..\/images\/2009\/200912241389_66218832.jpg\"><img data-recalc-dims=\"1\" decoding=\"async\" class=\"thumbnail\" src=\"https:\/\/i0.wp.com\/emeff.blogg.se\/\/images\/2009\/200912241389_66218832_thumb.jpg?w=640\" alt=\"\" \/><\/a><\/div>\n<\/td>\n<\/tr>\n<\/tbody>\n<\/table>\n<p>\u00d6vre raden: Mor och fars hus och lite sn\u00f6iga bilder av omgivningarna.<br \/>Nedre raden: 1. mamma och en busig Fia, 2. f\u00f6r\u00e4ldrarna och Robin v\u00e4ntar p\u00e5 att jag ska ta kortet s\u00e5 vi kan \u00e4ta jullunchen, 3. mor och far, 4. Robin fick mandeln i gr\u00f6ten.<\/p>\n<p><\/div>\n","protected":false},"excerpt":{"rendered":"<p>Japp. Slut, \u00f6ver, f\u00f6rbi. Och f\u00f6r en g\u00e5ng skull tycker jag det \u00e4r sk\u00f6nt. Det b\u00f6rjade s\u00e5 bra med att vi packade ihop klapparna och \u00e5kte ut till mor och far f\u00f6r att fira julen d\u00e4r. Egentligen skulle Silvio, Emma och knoddarna kommit ocks\u00e5, men det blev \u00e4ndrade planer, s\u00e5 det blev bara vi fem.Allt&#8230;<\/p>\n","protected":false},"author":1,"featured_media":0,"comment_status":"open","ping_status":"open","sticky":false,"template":"","format":"standard","meta":{"jetpack_post_was_ever_published":false,"_jetpack_newsletter_access":"","_jetpack_dont_email_post_to_subs":false,"_jetpack_newsletter_tier_id":0,"_jetpack_memberships_contains_paywalled_content":false,"_jetpack_memberships_contains_paid_content":false,"footnotes":"","jetpack_publicize_message":"","jetpack_publicize_feature_enabled":true,"jetpack_social_post_already_shared":false,"jetpack_social_options":{"image_generator_settings":{"template":"highway","default_image_id":0,"font":"","enabled":false},"version":2}},"categories":[47],"tags":[],"class_list":["post-1207","post","type-post","status-publish","format-standard","hentry","category-vardagsliv"],"jetpack_publicize_connections":[],"jetpack_featured_media_url":"","jetpack_shortlink":"https:\/\/wp.me\/p3qko4-jt","jetpack_sharing_enabled":true,"jetpack_likes_enabled":true,"jetpack-related-posts":[{"id":715,"url":"https:\/\/blogg.fumei.se\/?p=715","url_meta":{"origin":1207,"position":0},"title":"Snart \u00e4r glada julen slut, slut, slut&#8230;","author":"M :)","date":"2008-12-26","format":false,"excerpt":"...bara n\u00e5gra f\u00e5 timmar kvar av sj\u00e4lva julen. Men det g\u00f6r inget, jag brukar oftast vara tr\u00f6tt p\u00e5 julen redan innan den b\u00f6rjat. Mest f\u00f6r att det \u00e4r s\u00e5nt tjat och s\u00e5n hysteri kring allting som har med julen att g\u00f6ra, helst i flera m\u00e5nader i f\u00f6rv\u00e4g. Snart \u00e4r det\u2026","rel":"","context":"I \u201dVardagsliv\u201d","block_context":{"text":"Vardagsliv","link":"https:\/\/blogg.fumei.se\/?cat=47"},"img":{"alt_text":"","src":"","width":0,"height":0},"classes":[]},{"id":3802,"url":"https:\/\/blogg.fumei.se\/?p=3802","url_meta":{"origin":1207,"position":1},"title":"Nu \u00e4r glada julen slut, slut slut&#8230;","author":"M :)","date":"2016-01-02","format":false,"excerpt":"S\u00e5 var julen och \u00e4ven ny\u00e5rshelgen \u00f6verst\u00f6kade f\u00f6r den h\u00e4r g\u00e5ngen! I \u00e5r hade jag turen att vara ledig hela julhelgen, s\u00e5 jag kunde umg\u00e5s med familjen utan att stressa. Jag jobbade kv\u00e4llspass dagen innan julafton, s\u00e5 jag satte mig p\u00e5 t\u00e5get direkt efter\u00e5t och \u00e5kte hem till mor och\u2026","rel":"","context":"I \u201dVardagsliv\u201d","block_context":{"text":"Vardagsliv","link":"https:\/\/blogg.fumei.se\/?cat=47"},"img":{"alt_text":"","src":"https:\/\/i0.wp.com\/blogg.fumei.se\/wp-content\/uploads\/2016\/01\/2015-12-24-17.45.03.jpg?resize=350%2C200","width":350,"height":200,"srcset":"https:\/\/i0.wp.com\/blogg.fumei.se\/wp-content\/uploads\/2016\/01\/2015-12-24-17.45.03.jpg?resize=350%2C200 1x, https:\/\/i0.wp.com\/blogg.fumei.se\/wp-content\/uploads\/2016\/01\/2015-12-24-17.45.03.jpg?resize=525%2C300 1.5x, https:\/\/i0.wp.com\/blogg.fumei.se\/wp-content\/uploads\/2016\/01\/2015-12-24-17.45.03.jpg?resize=700%2C400 2x, https:\/\/i0.wp.com\/blogg.fumei.se\/wp-content\/uploads\/2016\/01\/2015-12-24-17.45.03.jpg?resize=1050%2C600 3x, https:\/\/i0.wp.com\/blogg.fumei.se\/wp-content\/uploads\/2016\/01\/2015-12-24-17.45.03.jpg?resize=1400%2C800 4x"},"classes":[]},{"id":1896,"url":"https:\/\/blogg.fumei.se\/?p=1896","url_meta":{"origin":1207,"position":2},"title":"Snart \u00e4r glada julen slut, slut, slut","author":"M :)","date":"2011-12-25","format":false,"excerpt":"Nu har det firats jul redigt och ordentligt h\u00e4r, med mat och klappar och huset fullt av folk! I \u00e5r var vi s\u00e5 m\u00e5nga som 15 stycken, det var mor och far, jag, J, Fia och Robin, Silvio, Emma, Lovisa och Victor och Ilse, Magnus, Frida och Tyra, och s\u00e5\u2026","rel":"","context":"I \u201dFamiljen\u201d","block_context":{"text":"Familjen","link":"https:\/\/blogg.fumei.se\/?cat=34"},"img":{"alt_text":"","src":"https:\/\/i0.wp.com\/blogg.fumei.se\/wp-content\/uploads\/2011\/12\/P1120194.jpg?resize=350%2C200","width":350,"height":200},"classes":[]},{"id":1221,"url":"https:\/\/blogg.fumei.se\/?p=1221","url_meta":{"origin":1207,"position":3},"title":"Jul-lista","author":"M :)","date":"2009-12-10","format":false,"excerpt":"Det var l\u00e4ngesen, s\u00e5 nu blir det lista igen. Den h\u00e4r har jag l\u00e5nat ifr\u00e5n\u00a0LiveLoveLearn.\u00a0 H\u00f6gst upp p\u00e5 \u00f6nskelistan: Diskmaskin ligger bra till, men b\u00f6cker och pengar sl\u00e5r nog \u00e4ven en diskmaskin.Detta vill jag inte ha i jul: Vaser och sk\u00e5lar och prydnadssaker och annat som bara st\u00e5r i sk\u00e5pen\u2026","rel":"","context":"I \u201dVardagsliv\u201d","block_context":{"text":"Vardagsliv","link":"https:\/\/blogg.fumei.se\/?cat=47"},"img":{"alt_text":"","src":"","width":0,"height":0},"classes":[]},{"id":5646,"url":"https:\/\/blogg.fumei.se\/?p=5646","url_meta":{"origin":1207,"position":4},"title":"Julsammanfattning","author":"M :)","date":"2023-12-27","format":false,"excerpt":"S\u00e5 har julen kommit och g\u00e5tt, med uppesittarkv\u00e4ll hos Melina, julafton hos oss med b\u00e5de Robin och sv\u00e4rmor och juldagsfirande i Skara med familjen Gull. Och s\u00e5 ett obligatoriskt bes\u00f6k till minneslunden f\u00f6r att t\u00e4nda ljus f\u00f6r mamma och pappa. Det k\u00e4nns bra att de b\u00e5da valde minneslundar, d\u00e5 beh\u00f6ver\u2026","rel":"","context":"I \u201dFamiljen\u201d","block_context":{"text":"Familjen","link":"https:\/\/blogg.fumei.se\/?cat=34"},"img":{"alt_text":"","src":"https:\/\/i0.wp.com\/blogg.fumei.se\/wp-content\/uploads\/2024\/01\/1DEA2A84-2F45-46DE-AF84-A24DF86CA13A_1_105_c.jpeg?resize=350%2C200","width":350,"height":200,"srcset":"https:\/\/i0.wp.com\/blogg.fumei.se\/wp-content\/uploads\/2024\/01\/1DEA2A84-2F45-46DE-AF84-A24DF86CA13A_1_105_c.jpeg?resize=350%2C200 1x, https:\/\/i0.wp.com\/blogg.fumei.se\/wp-content\/uploads\/2024\/01\/1DEA2A84-2F45-46DE-AF84-A24DF86CA13A_1_105_c.jpeg?resize=525%2C300 1.5x"},"classes":[]},{"id":1742,"url":"https:\/\/blogg.fumei.se\/?p=1742","url_meta":{"origin":1207,"position":5},"title":"Dan f\u00f6re dan, f\u00f6re dan, f\u00f6re&#8230;","author":"M :)","date":"2011-11-14","format":false,"excerpt":"Ja nu \u00e4r det knappt en och en halv m\u00e5nad kvar till julafton, det \u00e4r sv\u00e5rt att tro det, men almanackan ljuger ju s\u00e4llan (aldrig...). I \u00e5r \u00e4r det mitt lags tur att slippa jobba julen, och det \u00e4r min tur att ha barnen hemma p\u00e5 jul, det \u00e4r ju\u2026","rel":"","context":"I \u201dVardagsliv\u201d","block_context":{"text":"Vardagsliv","link":"https:\/\/blogg.fumei.se\/?cat=47"},"img":{"alt_text":"","src":"","width":0,"height":0},"classes":[]}],"_links":{"self":[{"href":"https:\/\/blogg.fumei.se\/index.php?rest_route=\/wp\/v2\/posts\/1207","targetHints":{"allow":["GET"]}}],"collection":[{"href":"https:\/\/blogg.fumei.se\/index.php?rest_route=\/wp\/v2\/posts"}],"about":[{"href":"https:\/\/blogg.fumei.se\/index.php?rest_route=\/wp\/v2\/types\/post"}],"author":[{"embeddable":true,"href":"https:\/\/blogg.fumei.se\/index.php?rest_route=\/wp\/v2\/users\/1"}],"replies":[{"embeddable":true,"href":"https:\/\/blogg.fumei.se\/index.php?rest_route=%2Fwp%2Fv2%2Fcomments&post=1207"}],"version-history":[{"count":0,"href":"https:\/\/blogg.fumei.se\/index.php?rest_route=\/wp\/v2\/posts\/1207\/revisions"}],"wp:attachment":[{"href":"https:\/\/blogg.fumei.se\/index.php?rest_route=%2Fwp%2Fv2%2Fmedia&parent=1207"}],"wp:term":[{"taxonomy":"category","embeddable":true,"href":"https:\/\/blogg.fumei.se\/index.php?rest_route=%2Fwp%2Fv2%2Fcategories&post=1207"},{"taxonomy":"post_tag","embeddable":true,"href":"https:\/\/blogg.fumei.se\/index.php?rest_route=%2Fwp%2Fv2%2Ftags&post=1207"}],"curies":[{"name":"wp","href":"https:\/\/api.w.org\/{rel}","templated":true}]}}