{"id":1208,"date":"2009-12-21T21:12:28","date_gmt":"2009-12-21T21:12:28","guid":{"rendered":"http:\/\/blogg.fumei.se\/?p=1208"},"modified":"2009-12-21T21:12:28","modified_gmt":"2009-12-21T21:12:28","slug":"trasmak-i-rumpestumpen","status":"publish","type":"post","link":"https:\/\/blogg.fumei.se\/?p=1208","title":{"rendered":"Tr\u00e4smak i rumpestumpen"},"content":{"rendered":"<div>Ig\u00e5r kv\u00e4ll, strax efter att Robin hade g\u00e5tt och lagt sig, ropade han p\u00e5 mig. Han hade helt pl\u00f6tsligt f\u00e5tt v\u00e4ldigt ont i magen, p\u00e5 en punkt invid v\u00e4nster h\u00f6ft. Det gjorde s\u00e5 ont att stackarn b\u00f6rjade gr\u00e5ta och knappt kunde ta sig upp i sittande st\u00e4llning f\u00f6r att sv\u00e4lja en Panodil. Arbetsskadad som jag \u00e4r, s\u00e5 k\u00e4nde jag lite \u00f6ver det onda st\u00e4llet\u00a0och \u00e4ven lite \u00f6ver njurarna, samt gjorde den klassiska blindtarmskollen, men det var bara p\u00e5 ett enda st\u00e4lle det gjorde ont. Han somnade i alla fall till slut, men i morse gjorde det lika ont, s\u00e5 Panodil gavs och sjukanm\u00e4lan gjordes, och sen ringde jag V\u00e5C. N\u00e4r de ringde tillbaka kunde vi f\u00e5 komma kl 9 (klockan var d\u00e5 8.34). Det \u00e4r tur man bor p\u00e5 en liten ort!<br \/>Never mind frukost, upp och borsta t\u00e4nder och lite kattv\u00e4tt p\u00e5 pojken, och iv\u00e4g. <br \/><em>Naturligtvis<\/em> gav sm\u00e4rtan i buken med sig i samma veva&#8230;<\/p>\n<p>In till doktorn, som kl\u00e4mde och k\u00e4mde och var mycket grundlig, men\u00a0eftersom hon inte kunde hitta n\u00e5got, och tyckte det hela verkade skumt,\u00a0s\u00e5 ville hon skicka oss till Sk\u00f6vde d\u00e4r n\u00e4rmaste kirurgavdelning och r\u00f6ntgen fanns. S\u00e5 sjuktaxi best\u00e4lldes och vi fick v\u00e4nta. En timme.<br \/>Resan till Sk\u00f6vde tog 40 trista minuter, med en f\u00f6rare som pratade om sin onda h\u00f6ft n\u00e4stan hela tiden. Resten av tiden ber\u00e4ttade han vad han tycker om folk som har diagnosen el-allergiker eller fibromyalgi eller utbr\u00e4nd, bla. Jag f\u00f6rs\u00f6kte st\u00e4nga av s\u00e5 gott det gick.<\/p>\n<p>I Sk\u00f6vde fick vi f\u00f6rst tr\u00e4ffa en sk\u00f6terska som kollade puls och syres\u00e4ttning p\u00e5 Robin, sen fick vi sitta i v\u00e4ntrummet. N\u00e4r vi hade v\u00e4ntat i 3 timmar, och alla som satt d\u00e4r n\u00e4r vi kom, samt sis\u00e5d\u00e4r en 20 stycken till som kom efter oss hade blivit uppropade, gick jag och fr\u00e5gade om de trodde det skulle ta mycket l\u00e4ngre tid. Jamen du f\u00f6rst\u00e5r att alla ska nog inte till en kirurg, sa tjejen i luckan. Jo jag vet, svarade jag, men n\u00e5gon mer \u00e4n min son m\u00e5ste ha varit d\u00e4r f\u00f6r en kirurgkonsultation, och ett barn som inte \u00e4tit p\u00e5 18 timmar m\u00e5r inte direkt bra av det heller, som ni kanske kan f\u00f6rst\u00e5 (Robin fick inte \u00e4ta &#8221;ifall om att&#8221;). <br \/>Tio minuter senare kom en sk\u00f6terska och hmtade in oss till ett behandlingsrum, och fem minuter senare kom l\u00e4karen. En trevlig prick, som kl\u00e4mde lite han med, och som konstaterade att han inte heller kunde hitta n\u00e5got fel nu n\u00e4r det onda inte fanns d\u00e4r. Han sa att det kunde vara allt ifr\u00e5n njursten till &#8221;en fis p\u00e5 tv\u00e4ren&#8221;, och att om det kommer tillbaka ska vi s\u00f6ka igen. Hej d\u00e5.<br \/>S\u00e5 vi v\u00e4ntade i tre timmar f\u00f6r att f\u00e5 h\u00f6ra det. Okej, det \u00e4r sk\u00f6nt att en l\u00e4kare s\u00e4ger det, men wtf? Vi kunde stannat hemma och \u00e5kt in om det kom tillbaka ist\u00e4llet, tom jag har s\u00e5pass mycket sunt f\u00f6rnuft.<\/p>\n<p>Ut fr\u00e5n akuten, traska runt hela byggnaden (man kan inte g\u00e5 fr\u00e5n akuten in till resten av sjukhuset om man g\u00e5r via v\u00e4ntrummet) f\u00f6r att komma till huvudentren f\u00f6r att se n\u00e4r bussen till Falk\u00f6ping gick. Mera v\u00e4ntetid. En timma och 20 minuter. S\u00e5 det blev fralla och lussebulle och kaffe. Juice till Robin. Gissa om han blev glad?<\/p>\n<p>Jag hade t\u00e4nkt rulla julk\u00f6ttbullarna idag, och ta ett tag med dammsugaren, och f\u00e4rga h\u00e5ret. Men jag orkar inte. Jag har i alla fall diskat. Och s\u00e5 har vi \u00e4tit. Mor och far kom f\u00f6rbi med min och Fias cyklar som pappa hade lagat, s\u00e5 vi fikade lite. Nu slappar vi bara, ska se CS&#8230;ooops det har ju b\u00f6rjat redan!<\/p>\n<\/div>\n","protected":false},"excerpt":{"rendered":"<p>Ig\u00e5r kv\u00e4ll, strax efter att Robin hade g\u00e5tt och lagt sig, ropade han p\u00e5 mig. Han hade helt pl\u00f6tsligt f\u00e5tt v\u00e4ldigt ont i magen, p\u00e5 en punkt invid v\u00e4nster h\u00f6ft. Det gjorde s\u00e5 ont att stackarn b\u00f6rjade gr\u00e5ta och knappt kunde ta sig upp i sittande st\u00e4llning f\u00f6r att sv\u00e4lja en Panodil. Arbetsskadad som jag&#8230;<\/p>\n","protected":false},"author":1,"featured_media":0,"comment_status":"open","ping_status":"open","sticky":false,"template":"","format":"standard","meta":{"jetpack_post_was_ever_published":false,"_jetpack_newsletter_access":"","_jetpack_dont_email_post_to_subs":false,"_jetpack_newsletter_tier_id":0,"_jetpack_memberships_contains_paywalled_content":false,"_jetpack_memberships_contains_paid_content":false,"footnotes":"","jetpack_publicize_message":"","jetpack_publicize_feature_enabled":true,"jetpack_social_post_already_shared":false,"jetpack_social_options":{"image_generator_settings":{"template":"highway","default_image_id":0,"font":"","enabled":false},"version":2}},"categories":[47],"tags":[],"class_list":["post-1208","post","type-post","status-publish","format-standard","hentry","category-vardagsliv"],"jetpack_publicize_connections":[],"jetpack_featured_media_url":"","jetpack_shortlink":"https:\/\/wp.me\/p3qko4-ju","jetpack_sharing_enabled":true,"jetpack_likes_enabled":true,"jetpack-related-posts":[{"id":1702,"url":"https:\/\/blogg.fumei.se\/?p=1702","url_meta":{"origin":1208,"position":0},"title":"Och vad h\u00e4nde h\u00e4r, d\u00e5?","author":"M :)","date":"2011-11-10","format":false,"excerpt":"Ig\u00e5r morse n\u00e4r jag vaknade hade jag ont i en t\u00e5. T\u00e4nkte inte s\u00e5 mycket p\u00e5 vad det kunde vara f\u00f6rr\u00e4n jag knappt fick p\u00e5 mig skon n\u00e4r jag skulle ut med hunden. \u00c4nnu senare p\u00e5 eftermiddagen hade jag sv\u00e5rt att sova inf\u00f6r nattjobb\u00a0\u00a0f\u00f6r att det gjorde mer och mer\u2026","rel":"","context":"I \u201dVardagsliv\u201d","block_context":{"text":"Vardagsliv","link":"https:\/\/blogg.fumei.se\/?cat=47"},"img":{"alt_text":"","src":"","width":0,"height":0},"classes":[]},{"id":3907,"url":"https:\/\/blogg.fumei.se\/?p=3907","url_meta":{"origin":1208,"position":1},"title":"N\u00e4stan sm\u00e4rtfritt","author":"M :)","date":"2016-07-12","format":false,"excerpt":"Ig\u00e5r var jag p\u00e5 urologmottagningen igen. Den h\u00e4r g\u00e5ngen f\u00f6r att ta bort avlastningskatetern som l\u00e5g i min urinledare. Det bl\u00e5 som ni ser p\u00e5 bilden \u00e4r en s\u00e5n. Det b\u00f6rjade med att jag var p\u00e5 r\u00f6ntgen i fredags. Fast egentligen skulle jag varit d\u00e4r i torsdags redan, men den\u2026","rel":"","context":"I \u201dVardagsliv\u201d","block_context":{"text":"Vardagsliv","link":"https:\/\/blogg.fumei.se\/?cat=47"},"img":{"alt_text":"65","src":"https:\/\/i0.wp.com\/blogg.fumei.se\/wp-content\/uploads\/2016\/07\/65.jpg?resize=350%2C200","width":350,"height":200},"classes":[]},{"id":5107,"url":"https:\/\/blogg.fumei.se\/?p=5107","url_meta":{"origin":1208,"position":2},"title":"\u2665\ufe0e Min mamma \u2665\ufe0e","author":"M :)","date":"2022-03-16","format":false,"excerpt":"Min mamma, Lis Fumei, f\u00f6ddes 15 April 1937 i Herning i Danmark. Hon var nummer sju av tolv barn till Ingeborg Elisabeth L\u00f8vstad och Aage Christian L\u00f8vstad.Pappa Aage var snickare vid j\u00e4rnv\u00e4gen och mamma Ingeborg var hemmafru med allt vad det innebar, med alla barnen och ett hush\u00e5ll att ta\u2026","rel":"","context":"I \u201dFamiljen\u201d","block_context":{"text":"Familjen","link":"https:\/\/blogg.fumei.se\/?cat=34"},"img":{"alt_text":"","src":"https:\/\/i0.wp.com\/blogg.fumei.se\/wp-content\/uploads\/2022\/11\/BEFDDF98-BDCB-4E63-B088-B3B56E759D0C_1_201_a.jpeg?resize=350%2C200&ssl=1","width":350,"height":200,"srcset":"https:\/\/i0.wp.com\/blogg.fumei.se\/wp-content\/uploads\/2022\/11\/BEFDDF98-BDCB-4E63-B088-B3B56E759D0C_1_201_a.jpeg?resize=350%2C200&ssl=1 1x, https:\/\/i0.wp.com\/blogg.fumei.se\/wp-content\/uploads\/2022\/11\/BEFDDF98-BDCB-4E63-B088-B3B56E759D0C_1_201_a.jpeg?resize=525%2C300&ssl=1 1.5x, https:\/\/i0.wp.com\/blogg.fumei.se\/wp-content\/uploads\/2022\/11\/BEFDDF98-BDCB-4E63-B088-B3B56E759D0C_1_201_a.jpeg?resize=700%2C400&ssl=1 2x"},"classes":[]},{"id":212,"url":"https:\/\/blogg.fumei.se\/?p=212","url_meta":{"origin":1208,"position":3},"title":"Surprise, surprise!","author":"M :)","date":"2010-06-21","format":false,"excerpt":"I torsdags fick jag ju ganska s\u00e5 nedsl\u00e5ende besked av handl\u00e4ggaren p\u00e5 MV. Idag n\u00e4r jag kom hem l\u00e5g ett brev fr\u00e5n MV och v\u00e4ntade. Eftersom han sa som han gjorde i torsdags s\u00e5 fick jag lite ont i magen och jag ville egentligen inte \u00f6ppna brevet, men till slut\u2026","rel":"","context":"I \u201dVardagsliv\u201d","block_context":{"text":"Vardagsliv","link":"https:\/\/blogg.fumei.se\/?cat=47"},"img":{"alt_text":"","src":"","width":0,"height":0},"classes":[]},{"id":250,"url":"https:\/\/blogg.fumei.se\/?p=250","url_meta":{"origin":1208,"position":4},"title":"Solsken","author":"EmEff","date":"2010-04-17","format":false,"excerpt":"Nja, inte s\u00e5 mycket idag, va?! Men trots att den faktiskta solen inte skiner d\u00e4r uppe p\u00e5 himlen kan man ju \u00e4nd\u00e5 gl\u00e4djas \u00e5t andra solglimtar, som att jag tex visserligen har lite ont i halsen och hostar en del, men att jag \u00e4r feberfri och inte snuvig, s\u00e5 jag\u2026","rel":"","context":"I \u201dVardagsliv\u201d","block_context":{"text":"Vardagsliv","link":"https:\/\/blogg.fumei.se\/?cat=47"},"img":{"alt_text":"","src":"","width":0,"height":0},"classes":[]},{"id":996,"url":"https:\/\/blogg.fumei.se\/?p=996","url_meta":{"origin":1208,"position":5},"title":"Sk\u00f6na s\u00f6ndag","author":"M :)","date":"2009-06-07","format":false,"excerpt":"Dagen har varit ganska okej. Visserligen har mesta delen av den g\u00e5tt \u00e5t till att st\u00e4da h\u00e4r hemma - grundligt! - men jag har \u00e4nd\u00e5 tagit det ganska lugnt. Vid lunchtid hade jag ganska ont i ryggen, men t\u00e4nkte att det var nog f\u00f6r att jag lyfte och b\u00f6jde mig\u2026","rel":"","context":"I \u201dVardagsliv\u201d","block_context":{"text":"Vardagsliv","link":"https:\/\/blogg.fumei.se\/?cat=47"},"img":{"alt_text":"","src":"","width":0,"height":0},"classes":[]}],"_links":{"self":[{"href":"https:\/\/blogg.fumei.se\/index.php?rest_route=\/wp\/v2\/posts\/1208","targetHints":{"allow":["GET"]}}],"collection":[{"href":"https:\/\/blogg.fumei.se\/index.php?rest_route=\/wp\/v2\/posts"}],"about":[{"href":"https:\/\/blogg.fumei.se\/index.php?rest_route=\/wp\/v2\/types\/post"}],"author":[{"embeddable":true,"href":"https:\/\/blogg.fumei.se\/index.php?rest_route=\/wp\/v2\/users\/1"}],"replies":[{"embeddable":true,"href":"https:\/\/blogg.fumei.se\/index.php?rest_route=%2Fwp%2Fv2%2Fcomments&post=1208"}],"version-history":[{"count":1,"href":"https:\/\/blogg.fumei.se\/index.php?rest_route=\/wp\/v2\/posts\/1208\/revisions"}],"predecessor-version":[{"id":6666,"href":"https:\/\/blogg.fumei.se\/index.php?rest_route=\/wp\/v2\/posts\/1208\/revisions\/6666"}],"wp:attachment":[{"href":"https:\/\/blogg.fumei.se\/index.php?rest_route=%2Fwp%2Fv2%2Fmedia&parent=1208"}],"wp:term":[{"taxonomy":"category","embeddable":true,"href":"https:\/\/blogg.fumei.se\/index.php?rest_route=%2Fwp%2Fv2%2Fcategories&post=1208"},{"taxonomy":"post_tag","embeddable":true,"href":"https:\/\/blogg.fumei.se\/index.php?rest_route=%2Fwp%2Fv2%2Ftags&post=1208"}],"curies":[{"name":"wp","href":"https:\/\/api.w.org\/{rel}","templated":true}]}}