{"id":1210,"date":"2009-12-20T14:33:29","date_gmt":"2009-12-20T14:33:29","guid":{"rendered":"http:\/\/blogg.fumei.se\/?p=1210"},"modified":"2009-12-20T14:33:29","modified_gmt":"2009-12-20T14:33:29","slug":"tjejsnack-vecka-51","status":"publish","type":"post","link":"https:\/\/blogg.fumei.se\/?p=1210","title":{"rendered":"Tjejsnack vecka 51"},"content":{"rendered":"<p>Vill du ocks\u00e5 vara med? Du hittar Tjejsnack <a href=\"http:\/\/mlilja.net\/tjejsnack\/\" target=\"_blank\">h\u00e4r<\/a>.<\/p>\n<p><strong>Julafton<\/strong><\/p>\n<p><strong>1. Vad skulle du inte vilja vara utan p\u00e5 julbordet?<br \/><\/strong>Allt! Jag kan inte v\u00e4lja. Utan att det som st\u00e5r p\u00e5 bordet blir det inget riktigt julbord. <\/p>\n<p><strong>2. Vilken \u00e4r din favorit i Kalles Jul-slinga av tecknat?<br \/><\/strong>Nja, jag har nog ingen favorit. Kanske Askungen. Men jag brukar vilja se de nya klippen varje \u00e5r.<\/p>\n<p><strong>3. N\u00e4r \u00f6ppnar ni julklapparna?<br \/><\/strong>Efter middagen.<\/p>\n<p><strong>4. Skulle du vilja jobba p\u00e5 julafton?<br \/><\/strong>Nej. Jag vill absolut <em>inte<\/em> jobba p\u00e5 julafton. Inte p\u00e5 n\u00e5gon av juldagarna, f\u00f6r den delen. Men n\u00e4r man arbetar p\u00e5 sjukhus med rullande storhelgsschema, s\u00e5 f\u00e5r man ta skeden i vacker hand och jobba sina pass. Som tur \u00e4r s\u00e5 \u00e4r det ju inte varje \u00e5r man jobbar jul&#8230;<\/p>\n<p><strong>5. Hur brukar din julafton se ut?<\/strong><br \/><em>Jag klipper och klistrar fr\u00e5n en annan lista jag lade upp f\u00f6r ett tag sedan:<br \/><\/em>Vi \u00e4ter dansk julefrokost (jullunch p\u00e5 svenska), sen umg\u00e5s vi eller g\u00e5r ut och g\u00e5r om v\u00e4dret till\u00e5ter. Till Kalle blir det gl\u00f6gg, kaffe, kakor och lite godis, och sedan slappar vi en stund innan vi g\u00f6r i ordning middagen. Efter middagen, runt 20-tiden, blir det kaffe medan det yngsta barnet i samlingen delar ut klapparna. Blir kanske lite knivigt i \u00e5r om Victor ska g\u00f6ra det&#8230;<br \/>Ingen f\u00e5r \u00f6ppna f\u00f6rr\u00e4n alla paket delats ut. Sen leker\/syssels\u00e4tter sig barnen med det de f\u00e5tt, medan vi vuxna r\u00f6jer undan. Lite tv och mera slapp, och s\u00e5 brukar vi hamna runt k\u00f6ksbordet med n\u00e5got s\u00e4llskapsspel.<\/p>\n","protected":false},"excerpt":{"rendered":"<p>Vill du ocks\u00e5 vara med? Du hittar Tjejsnack h\u00e4r. Julafton 1. Vad skulle du inte vilja vara utan p\u00e5 julbordet?Allt! Jag kan inte v\u00e4lja. Utan att det som st\u00e5r p\u00e5 bordet blir det inget riktigt julbord. 2. Vilken \u00e4r din favorit i Kalles Jul-slinga av tecknat?Nja, jag har nog ingen favorit. Kanske Askungen. Men jag&#8230;<\/p>\n","protected":false},"author":1,"featured_media":0,"comment_status":"open","ping_status":"open","sticky":false,"template":"","format":"standard","meta":{"jetpack_post_was_ever_published":false,"_jetpack_newsletter_access":"","_jetpack_dont_email_post_to_subs":false,"_jetpack_newsletter_tier_id":0,"_jetpack_memberships_contains_paywalled_content":false,"_jetpack_memberships_contains_paid_content":false,"footnotes":"","jetpack_publicize_message":"","jetpack_publicize_feature_enabled":true,"jetpack_social_post_already_shared":false,"jetpack_social_options":{"image_generator_settings":{"template":"highway","default_image_id":0,"font":"","enabled":false},"version":2}},"categories":[47],"tags":[],"class_list":["post-1210","post","type-post","status-publish","format-standard","hentry","category-vardagsliv"],"jetpack_publicize_connections":[],"jetpack_featured_media_url":"","jetpack_shortlink":"https:\/\/wp.me\/p3qko4-jw","jetpack_sharing_enabled":true,"jetpack_likes_enabled":true,"jetpack-related-posts":[{"id":321,"url":"https:\/\/blogg.fumei.se\/?p=321","url_meta":{"origin":1210,"position":0},"title":"Tjej&#038;Killsnack vecka 52, 2009","author":"EmEff","date":"2009-12-27","format":false,"excerpt":"Vill du ocks\u00e5 vara med? Du hittar Tjejsnack h\u00e4r. Decemberslut 1. Vad fick du i julklapp?Jag fick nytt duschaggregat, ett halsband och ett armband och \"Den f\u00f6rlorade Symbolen\" av Dan Brown.2. Vem firade du julafton med?Mina barn och mina f\u00f6r\u00e4ldrar.3. Vad var det b\u00e4sta med julen i \u00e5r?Att jag inte\u2026","rel":"","context":"I \u201dVardagsliv\u201d","block_context":{"text":"Vardagsliv","link":"https:\/\/blogg.fumei.se\/?cat=47"},"img":{"alt_text":"","src":"","width":0,"height":0},"classes":[]},{"id":2857,"url":"https:\/\/blogg.fumei.se\/?p=2857","url_meta":{"origin":1210,"position":1},"title":"Dan f\u00f6re dan f\u00f6re&#8230;","author":"M :)","date":"2012-12-19","format":false,"excerpt":"\u00c4n \u00e4r det n\u00e5gra dagar kvar till jul, men vips s\u00e5 \u00e4r den h\u00e4r och lika vips \u00e4r den \u00f6ver. Jag har stressat \u00f6ver att jag skulle jobba s\u00e5 himla mycket f\u00f6re, mellan, under och efter jul och ny\u00e5rshelgerna att jag n\u00e4stan gl\u00f6mde att jag ju \u00e4r ledig i tre\u2026","rel":"","context":"I \u201dB\u00f6cker och l\u00e4sning\u201d","block_context":{"text":"B\u00f6cker och l\u00e4sning","link":"https:\/\/blogg.fumei.se\/?cat=29"},"img":{"alt_text":"reservationerdecember12","src":"https:\/\/i0.wp.com\/blogg.fumei.se\/wp-content\/uploads\/2012\/12\/reservationerdecember12-180x180.jpg?resize=350%2C200","width":350,"height":200},"classes":[]},{"id":1053,"url":"https:\/\/blogg.fumei.se\/?p=1053","url_meta":{"origin":1210,"position":2},"title":"Tjejsnack vecka 35","author":"M :)","date":"2009-08-27","format":false,"excerpt":"Vill du ocks\u00e5 vara med? Du hittar Tjejsnack h\u00e4r. G\u00e4ster 1. Hur ofta brukar du ha g\u00e4ster? Det beror p\u00e5 vad som menas med g\u00e4ster. Mina f\u00f6r\u00e4ldrar h\u00e4lsar p\u00e5 n\u00e5n g\u00e5ng varje vecka, annars \u00e4r det inte m\u00e5nga g\u00e4ster som passerar genom v\u00e5rt hem. AV n\u00e5n anledning verkar de flesta\u2026","rel":"","context":"I \u201dVardagsliv\u201d","block_context":{"text":"Vardagsliv","link":"https:\/\/blogg.fumei.se\/?cat=47"},"img":{"alt_text":"","src":"","width":0,"height":0},"classes":[]},{"id":4048,"url":"https:\/\/blogg.fumei.se\/?p=4048","url_meta":{"origin":1210,"position":3},"title":"Familjejul","author":"M :)","date":"2016-12-30","format":false,"excerpt":"Jag var ledig hela julhelgen (andra julen i rad, l\u00e4r ju f\u00e5 jobba n\u00e4sta jul...) och \u00e5kte (som vanligt) till mamma och pappa. Robin kom hit till mig i G\u00f6teborg ett par dagar innan julafton, f\u00f6r vi skulle ut och shoppa julklapp \u00e5t honom. Jag manipulerade honom till att v\u00e4lja\u2026","rel":"","context":"I \u201dFamiljen\u201d","block_context":{"text":"Familjen","link":"https:\/\/blogg.fumei.se\/?cat=34"},"img":{"alt_text":"","src":"https:\/\/i0.wp.com\/blogg.fumei.se\/wp-content\/uploads\/2017\/01\/20161224_100329.jpg?resize=350%2C200","width":350,"height":200,"srcset":"https:\/\/i0.wp.com\/blogg.fumei.se\/wp-content\/uploads\/2017\/01\/20161224_100329.jpg?resize=350%2C200 1x, https:\/\/i0.wp.com\/blogg.fumei.se\/wp-content\/uploads\/2017\/01\/20161224_100329.jpg?resize=525%2C300 1.5x, https:\/\/i0.wp.com\/blogg.fumei.se\/wp-content\/uploads\/2017\/01\/20161224_100329.jpg?resize=700%2C400 2x, https:\/\/i0.wp.com\/blogg.fumei.se\/wp-content\/uploads\/2017\/01\/20161224_100329.jpg?resize=1050%2C600 3x, https:\/\/i0.wp.com\/blogg.fumei.se\/wp-content\/uploads\/2017\/01\/20161224_100329.jpg?resize=1400%2C800 4x"},"classes":[]},{"id":5646,"url":"https:\/\/blogg.fumei.se\/?p=5646","url_meta":{"origin":1210,"position":4},"title":"Julsammanfattning","author":"M :)","date":"2023-12-27","format":false,"excerpt":"S\u00e5 har julen kommit och g\u00e5tt, med uppesittarkv\u00e4ll hos Melina, julafton hos oss med b\u00e5de Robin och sv\u00e4rmor och juldagsfirande i Skara med familjen Gull. Och s\u00e5 ett obligatoriskt bes\u00f6k till minneslunden f\u00f6r att t\u00e4nda ljus f\u00f6r mamma och pappa. Det k\u00e4nns bra att de b\u00e5da valde minneslundar, d\u00e5 beh\u00f6ver\u2026","rel":"","context":"I \u201dFamiljen\u201d","block_context":{"text":"Familjen","link":"https:\/\/blogg.fumei.se\/?cat=34"},"img":{"alt_text":"","src":"https:\/\/i0.wp.com\/blogg.fumei.se\/wp-content\/uploads\/2024\/01\/1DEA2A84-2F45-46DE-AF84-A24DF86CA13A_1_105_c.jpeg?resize=350%2C200","width":350,"height":200,"srcset":"https:\/\/i0.wp.com\/blogg.fumei.se\/wp-content\/uploads\/2024\/01\/1DEA2A84-2F45-46DE-AF84-A24DF86CA13A_1_105_c.jpeg?resize=350%2C200 1x, https:\/\/i0.wp.com\/blogg.fumei.se\/wp-content\/uploads\/2024\/01\/1DEA2A84-2F45-46DE-AF84-A24DF86CA13A_1_105_c.jpeg?resize=525%2C300 1.5x"},"classes":[]},{"id":1742,"url":"https:\/\/blogg.fumei.se\/?p=1742","url_meta":{"origin":1210,"position":5},"title":"Dan f\u00f6re dan, f\u00f6re dan, f\u00f6re&#8230;","author":"M :)","date":"2011-11-14","format":false,"excerpt":"Ja nu \u00e4r det knappt en och en halv m\u00e5nad kvar till julafton, det \u00e4r sv\u00e5rt att tro det, men almanackan ljuger ju s\u00e4llan (aldrig...). I \u00e5r \u00e4r det mitt lags tur att slippa jobba julen, och det \u00e4r min tur att ha barnen hemma p\u00e5 jul, det \u00e4r ju\u2026","rel":"","context":"I \u201dVardagsliv\u201d","block_context":{"text":"Vardagsliv","link":"https:\/\/blogg.fumei.se\/?cat=47"},"img":{"alt_text":"","src":"","width":0,"height":0},"classes":[]}],"_links":{"self":[{"href":"https:\/\/blogg.fumei.se\/index.php?rest_route=\/wp\/v2\/posts\/1210","targetHints":{"allow":["GET"]}}],"collection":[{"href":"https:\/\/blogg.fumei.se\/index.php?rest_route=\/wp\/v2\/posts"}],"about":[{"href":"https:\/\/blogg.fumei.se\/index.php?rest_route=\/wp\/v2\/types\/post"}],"author":[{"embeddable":true,"href":"https:\/\/blogg.fumei.se\/index.php?rest_route=\/wp\/v2\/users\/1"}],"replies":[{"embeddable":true,"href":"https:\/\/blogg.fumei.se\/index.php?rest_route=%2Fwp%2Fv2%2Fcomments&post=1210"}],"version-history":[{"count":0,"href":"https:\/\/blogg.fumei.se\/index.php?rest_route=\/wp\/v2\/posts\/1210\/revisions"}],"wp:attachment":[{"href":"https:\/\/blogg.fumei.se\/index.php?rest_route=%2Fwp%2Fv2%2Fmedia&parent=1210"}],"wp:term":[{"taxonomy":"category","embeddable":true,"href":"https:\/\/blogg.fumei.se\/index.php?rest_route=%2Fwp%2Fv2%2Fcategories&post=1210"},{"taxonomy":"post_tag","embeddable":true,"href":"https:\/\/blogg.fumei.se\/index.php?rest_route=%2Fwp%2Fv2%2Ftags&post=1210"}],"curies":[{"name":"wp","href":"https:\/\/api.w.org\/{rel}","templated":true}]}}