{"id":1211,"date":"2009-12-18T10:33:27","date_gmt":"2009-12-18T10:33:27","guid":{"rendered":"http:\/\/blogg.fumei.se\/?p=1211"},"modified":"2009-12-18T10:33:27","modified_gmt":"2009-12-18T10:33:27","slug":"dagens-ilandsproblem","status":"publish","type":"post","link":"https:\/\/blogg.fumei.se\/?p=1211","title":{"rendered":"Dagens ilandsproblem"},"content":{"rendered":"<p>Eller egentligen inte bara dagens. N\u00e5got jag retat mig p\u00e5 och undrat \u00f6ver varje g\u00e5ng det intr\u00e4far. Folk som har h\u00f6rlurar, men som spelar s\u00e5 h\u00f6gt att alla andra runtomkring kan h\u00f6ra exakt vilken l\u00e5t som spelas, tom orden som sjungs. Varf\u00f6r vill man ha s\u00e5 h\u00f6g musik rakt in i \u00f6ronen? Jag s\u00e4ger inte att jag spelar p\u00e5 l\u00e5g volym sj\u00e4lv, men inte s\u00e5 d\u00e4r h\u00f6gt. Ett annat fenomen \u00e4r dessa m\u00e4nniskor som spelar musik p\u00e5 sina mobiler &#8211; utan lurar. De s\u00e4tter p\u00e5 sin musik och l\u00e4gger mobilen p\u00e5 bordet eller bredvid sig och s\u00e5 m\u00e5ste alla andra ocks\u00e5 lyssna p\u00e5 deras musik. S\u00e4rskilt vanligt \u00e4r visst detta bland de som lyssnar p\u00e5 rap, hiphop och annat s\u00e5nt d\u00e4r (som inte jag kallar <em>musik<\/em>).<br \/>Jag har sagt till n\u00e4r det drabbar mig, men egentligen \u00e4r det v\u00e4l t\u00e5gv\u00e4rdens jobb att s\u00e4ga ifr\u00e5n? Men de g\u00e5r bara f\u00f6rbi och &#8221;ser inte&#8221; (h\u00f6r inte?). Varf\u00f6r? De \u00e4r s\u00e5 noga med att se till att berusade m\u00e4nniskor som st\u00f6r ska g\u00e5 av t\u00e5get, varf\u00f6r ska inte alla andra som st\u00f6r d\u00e5 g\u00f6ra det?<\/p>\n<p>Och s\u00e5 har vi pratarna. Ig\u00e5r satt det en kille bakom mig som pratade oavbrutet i sin mobil. Han pratade redan n\u00e4r jag klev p\u00e5 (han satt redan d\u00e4r), och han pratade fortfarande n\u00e4r vi klev av i Gbg. Han hann dessutom knappt avsluta ett samtal innan han ringde upp n\u00e4sta person. Och han kallpratade! Inga superviktiga arbetssamtal, allts\u00e5. Puh. Jag var ganska tr\u00f6tt i \u00f6ronen sen. Och jag hade \u00e4nd\u00e5 lurar i. D\u00e5 \u00f6nskade jag att jag hade haft b\u00e4ttre lurar s\u00e5 jag kunnat \u00f6verr\u00f6sta hans pladder.<\/p>\n<p>S\u00e5. Nu har jag skrivit av mig lite irritation igen. K\u00e4nns r\u00e4tt bra. Nu dags f\u00f6r matl\u00e5defix och sen dusch innan jobb.<\/p>\n","protected":false},"excerpt":{"rendered":"<p>Eller egentligen inte bara dagens. N\u00e5got jag retat mig p\u00e5 och undrat \u00f6ver varje g\u00e5ng det intr\u00e4far. Folk som har h\u00f6rlurar, men som spelar s\u00e5 h\u00f6gt att alla andra runtomkring kan h\u00f6ra exakt vilken l\u00e5t som spelas, tom orden som sjungs. Varf\u00f6r vill man ha s\u00e5 h\u00f6g musik rakt in i \u00f6ronen? Jag s\u00e4ger inte&#8230;<\/p>\n","protected":false},"author":1,"featured_media":0,"comment_status":"open","ping_status":"open","sticky":false,"template":"","format":"standard","meta":{"jetpack_post_was_ever_published":false,"_jetpack_newsletter_access":"","_jetpack_dont_email_post_to_subs":false,"_jetpack_newsletter_tier_id":0,"_jetpack_memberships_contains_paywalled_content":false,"_jetpack_memberships_contains_paid_content":false,"footnotes":"","jetpack_publicize_message":"","jetpack_publicize_feature_enabled":true,"jetpack_social_post_already_shared":false,"jetpack_social_options":{"image_generator_settings":{"template":"highway","default_image_id":0,"font":"","enabled":false},"version":2}},"categories":[47],"tags":[],"class_list":["post-1211","post","type-post","status-publish","format-standard","hentry","category-vardagsliv"],"jetpack_publicize_connections":[],"jetpack_featured_media_url":"","jetpack_shortlink":"https:\/\/wp.me\/p3qko4-jx","jetpack_sharing_enabled":true,"jetpack_likes_enabled":true,"jetpack-related-posts":[{"id":819,"url":"https:\/\/blogg.fumei.se\/?p=819","url_meta":{"origin":1211,"position":0},"title":"Nattsudd","author":"M :)","date":"2009-01-09","format":false,"excerpt":"Grannen l\u00e4ngst upp, den snart 20-\u00e5riga killen som \u00e4r sl\u00e4kt med hyresv\u00e4rden, satte p\u00e5 stereon vid 22-tiden. Nu dunkar det i hela huset. Visserligen har han 10 minuter p\u00e5 sig tills det \u00e4r dags att\u00a0s\u00e4nka eller st\u00e4nga av, men jag tvivlar p\u00e5 att han kommer att g\u00f6ra det. Och jag\u2026","rel":"","context":"I \u201dVardagsliv\u201d","block_context":{"text":"Vardagsliv","link":"https:\/\/blogg.fumei.se\/?cat=47"},"img":{"alt_text":"","src":"","width":0,"height":0},"classes":[]},{"id":3346,"url":"https:\/\/blogg.fumei.se\/?p=3346","url_meta":{"origin":1211,"position":1},"title":"Fallens Dagar 2014","author":"M :)","date":"2014-07-20","format":false,"excerpt":"Det \u00e4r v\u00e4l mer tradition \u00e4n n\u00e5got annat som g\u00f6r att jag \u00e5ker till Trollh\u00e4ttan n\u00e5gon av fallen-dagarna nuf\u00f6rtiden, f\u00f6r s\u00e5d\u00e4r j\u00e4ttekul \u00e4r det inte att kn\u00f5 med en massa m\u00e4nniskor och leta halvt ihj\u00e4l sig efter sittplats n\u00e4r man vill \u00e4ta eller fika eller ta en \u00f6l. Inte heller\u2026","rel":"","context":"I \u201dVardagsliv\u201d","block_context":{"text":"Vardagsliv","link":"https:\/\/blogg.fumei.se\/?cat=47"},"img":{"alt_text":"","src":"https:\/\/i0.wp.com\/blogg.fumei.se\/wp-content\/uploads\/2014\/07\/20140719_183659.jpg?resize=350%2C200","width":350,"height":200,"srcset":"https:\/\/i0.wp.com\/blogg.fumei.se\/wp-content\/uploads\/2014\/07\/20140719_183659.jpg?resize=350%2C200 1x, https:\/\/i0.wp.com\/blogg.fumei.se\/wp-content\/uploads\/2014\/07\/20140719_183659.jpg?resize=525%2C300 1.5x"},"classes":[]},{"id":1142,"url":"https:\/\/blogg.fumei.se\/?p=1142","url_meta":{"origin":1211,"position":2},"title":"En musikalisk resa. Eller; Den musikaliska delen av resan, om man s\u00e5 vill.","author":"M :)","date":"2009-10-30","format":false,"excerpt":"Muse. Ett band som jag genom \u00e5ren h\u00f6rt enstaka l\u00e5tar av och med, men som inte fastnat. Tills f\u00f6r sis\u00e5d\u00e4r ett \u00e5r sedan. Jag \u00e4r allts\u00e5 ett nytt fan, och d\u00e4rmed hatad och avskydd av alla \"\u00e4kta\" Muse-fans v\u00e4rlden \u00f6ver. F\u00f6r ett \u00e5r sedan kom filmen Twilight, och med den\u2026","rel":"","context":"I \u201dVardagsliv\u201d","block_context":{"text":"Vardagsliv","link":"https:\/\/blogg.fumei.se\/?cat=47"},"img":{"alt_text":"","src":"","width":0,"height":0},"classes":[]},{"id":4133,"url":"https:\/\/blogg.fumei.se\/?p=4133","url_meta":{"origin":1211,"position":3},"title":"Man kan kl\u00e4mma in mycket p\u00e5 en helg&#8230;","author":"M :)","date":"2017-02-05","format":false,"excerpt":"Fredag 27 Januari \u00e5kte jag till Stockholm med Maria\u00a0f\u00f6r konsert med Green Day. D\u00e4r m\u00f6tte vi upp Linda och Anna\u00a0som \u00e5kt upp dagen innan. Efter att vi checkat in p\u00e5 hotellet (uppgraderade blev vi ocks\u00e5!) gick vi en sv\u00e4ng runt Norrmalm och kikade, fikade och tog en \u00f6l. Tillbaka p\u00e5\u2026","rel":"","context":"I \u201dVardagsliv\u201d","block_context":{"text":"Vardagsliv","link":"https:\/\/blogg.fumei.se\/?cat=47"},"img":{"alt_text":"","src":"https:\/\/i0.wp.com\/blogg.fumei.se\/wp-content\/uploads\/2017\/02\/31015.jpg?resize=350%2C200","width":350,"height":200},"classes":[]},{"id":893,"url":"https:\/\/blogg.fumei.se\/?p=893","url_meta":{"origin":1211,"position":4},"title":"S\u00f6ndag igen","author":"M :)","date":"2009-04-26","format":false,"excerpt":"och inte fullt s\u00e5 vackert v\u00e4der som alla v\u00e4derleksrapporterna utlovat, men spela roll...jag f\u00e5r gjort mer h\u00e4r hemma p\u00e5 det s\u00e4ttet. Jag ska st\u00e4da lite (det tar inte fullt s\u00e5 l\u00e5ng tid l\u00e4ngre att f\u00e5 rent i v\u00e5rt hem) och sen blir det en tur i skogen.Har sparkat ig\u00e5ng Spotify\u2026","rel":"","context":"I \u201dVardagsliv\u201d","block_context":{"text":"Vardagsliv","link":"https:\/\/blogg.fumei.se\/?cat=47"},"img":{"alt_text":"","src":"","width":0,"height":0},"classes":[]},{"id":1047,"url":"https:\/\/blogg.fumei.se\/?p=1047","url_meta":{"origin":1211,"position":5},"title":"Tjejsnack vecka 36","author":"M :)","date":"2009-08-30","format":false,"excerpt":"Vill du ocks\u00e5 vara med? Du hittar Tjejsnack h\u00e4r. Musik 1. Vad lyssnade\/lyssnar du p\u00e5 i ton\u00e5ren?Gawd det \u00e4r ju s\u00e5 l\u00e4ngesen! Jag tror att jag lyssnade p\u00e5 samma saker d\u00e5 som nu, tex Bon Jovi, Aerosmith, Mellencamp och Europe. Jag lyssnade \u00e4ven p\u00e5 pop som Duran Duran och Wham.2.\u2026","rel":"","context":"I \u201dVardagsliv\u201d","block_context":{"text":"Vardagsliv","link":"https:\/\/blogg.fumei.se\/?cat=47"},"img":{"alt_text":"","src":"","width":0,"height":0},"classes":[]}],"_links":{"self":[{"href":"https:\/\/blogg.fumei.se\/index.php?rest_route=\/wp\/v2\/posts\/1211","targetHints":{"allow":["GET"]}}],"collection":[{"href":"https:\/\/blogg.fumei.se\/index.php?rest_route=\/wp\/v2\/posts"}],"about":[{"href":"https:\/\/blogg.fumei.se\/index.php?rest_route=\/wp\/v2\/types\/post"}],"author":[{"embeddable":true,"href":"https:\/\/blogg.fumei.se\/index.php?rest_route=\/wp\/v2\/users\/1"}],"replies":[{"embeddable":true,"href":"https:\/\/blogg.fumei.se\/index.php?rest_route=%2Fwp%2Fv2%2Fcomments&post=1211"}],"version-history":[{"count":0,"href":"https:\/\/blogg.fumei.se\/index.php?rest_route=\/wp\/v2\/posts\/1211\/revisions"}],"wp:attachment":[{"href":"https:\/\/blogg.fumei.se\/index.php?rest_route=%2Fwp%2Fv2%2Fmedia&parent=1211"}],"wp:term":[{"taxonomy":"category","embeddable":true,"href":"https:\/\/blogg.fumei.se\/index.php?rest_route=%2Fwp%2Fv2%2Fcategories&post=1211"},{"taxonomy":"post_tag","embeddable":true,"href":"https:\/\/blogg.fumei.se\/index.php?rest_route=%2Fwp%2Fv2%2Ftags&post=1211"}],"curies":[{"name":"wp","href":"https:\/\/api.w.org\/{rel}","templated":true}]}}