{"id":1212,"date":"2009-12-17T23:41:06","date_gmt":"2009-12-17T23:41:06","guid":{"rendered":"http:\/\/blogg.fumei.se\/?p=1212"},"modified":"2024-03-24T16:22:17","modified_gmt":"2024-03-24T15:22:17","slug":"whoa","status":"publish","type":"post","link":"https:\/\/blogg.fumei.se\/?p=1212","title":{"rendered":"Whoa!"},"content":{"rendered":"<p>Kan man v\u00e4l s\u00e4ga. Hur l\u00e4nge har vi g\u00e5tt omkring och sagt att vi vill slippa regnet? Att vi vill ha riktig vinter med sn\u00f6? Nu har vi f\u00e5tt det. Och det verkar forts\u00e4tta ett tag till. Sn\u00f6ndet, allts\u00e5. Idag n\u00e4r jag for till Gbg med 16-t\u00e5get l\u00e5g det ca 7cm p\u00e5 marken, n\u00e4r jag kom hem var det minst lika mycket till!<br \/>Kallt som f*n \u00e4r det ocks\u00e5. Inte nog med att vi hade -9 mitt p\u00e5 dagen h\u00e4r, det bl\u00e5ser sm\u00e5spik ocks\u00e5, s\u00e5 det k\u00e4nns ju genast dubbelt s\u00e5 kallt! *brr*<\/p>\n<div style=\"text-align: center;\"><a onclick=\"showPic('..\/..\/images\/2009\/200912151323_65141907.jpg\"\" href=\"..\/..\/images\/2009\/200912151323_65141907.jpg\"><img data-recalc-dims=\"1\" decoding=\"async\" class=\"thumbnail\" src=\"https:\/\/i0.wp.com\/emeff.blogg.se\/\/images\/2009\/200912151323_65141907_thumb.jpg?w=640\" alt=\"\" \/><\/a>\u00a0<a onclick=\"showPic('..\/..\/images\/2009\/200912171352_65141958.jpg\"\" href=\"..\/..\/images\/2009\/200912171352_65141958.jpg\"><img data-recalc-dims=\"1\" decoding=\"async\" class=\"thumbnail\" src=\"https:\/\/i0.wp.com\/emeff.blogg.se\/\/images\/2009\/200912171352_65141958_thumb.jpg?w=640\" alt=\"\" \/><\/a> <br \/><em>Sn\u00f6djup ig\u00e5r kv\u00e4ll respektive ikv\u00e4ll<\/p>\n<p><\/em><\/div>\n<p>Idag har jag varit p\u00e5 utvecklingssamtal f\u00f6r Robin. Inte utan stolthet kan jag s\u00e4ga att han (som vanligt) fick\u00a0(mycket) goda omd\u00f6men och bra prelimin\u00e4ra betyg. Han pratar lite f\u00f6r mycket p\u00e5 lektionerna, bara. Om s\u00e5nt som inte h\u00f6r hemma d\u00e4r. Precis som hans syster. Undrar vem de kan ha f\u00e5tt sin svada efter? <br \/>Efter utveklingssamtalet gick jag hem och sl\u00e4ngde ihop en k\u00f6ttf\u00e4rslimpa s\u00e5 att Fia och Robin skulle ha n\u00e5got att \u00e4ta n\u00e4r de kom hem. Sj\u00e4lv piffade jag till mig lite och \u00e5kte iv\u00e4g till Gbg, som sagt.<\/p>\n<p>F\u00f6r jag har varit p\u00e5 Operan idag. <a href=\"http:\/\/sv.opera.se\/\" target=\"_blank\" rel=\"noopener\">G\u00f6teborgsoperan<\/a>. En arbetskamrat, hennes dotter\u00a0och jag var och s\u00e5g <a href=\"http:\/\/sv.opera.se\/forestallningar\/mozarts-requiem-2009-2010\/\" target=\"_blank\" rel=\"noopener\">Mozarts Requiem<\/a>. En fantastisk f\u00f6rest\u00e4llning, inte bara f\u00f6r den underbara musiken, utan \u00e4ven f\u00f6r dansen (trots att jag inte \u00e4r s\u00e4rskilt f\u00f6rtjust i modern\/nyklassisk dans), kostymerna, scenografin, ljuset, f\u00e4rgerna &#8211; helheten gav ett djupt intryck!<br \/>Jag har aldrig varit p\u00e5 operan innan. Jo, en g\u00e5ng, f\u00f6r s\u00e5d\u00e4r en tio \u00e5r sedan, d\u00e5 jag smet in p\u00e5 toaletten under en av Kalasdagarna. Men det r\u00e4knas ju inte. Och jag har visserligen varit p\u00e5 balettf\u00f6rest\u00e4llningar, men inte p\u00e5 operan, utan p\u00e5 Folkets Hus Teater i Thn, och det var n\u00e4r jag var i tio\u00e5rs\u00e5ldern. Av den f\u00f6rest\u00e4llningen minns jag bara att jag var helt betagen av alla vackra kl\u00e4der och musiken, jag har ingen som helst aning om vilken balett vi (mamma och jag)\u00a0s\u00e5g, och mamma minns inte.<br \/>Men det h\u00e4r, nu ikv\u00e4ll &#8211; wow! Det var inte sista g\u00e5ngen jag var d\u00e4r, kan jag lugnt p\u00e5st\u00e5. Man m\u00e5ste ju inte sitta p\u00e5 parkett, och p\u00e5 s\u00e5 s\u00e4tt kan man ju \u00e4ven f\u00e5 billigare biljetter. tre f\u00f6rest\u00e4llningar om \u00e5ret \u00e0 260 kronor \u00e4r \u00f6verkomligt \u00e4ven f\u00f6r mig. Jag kan ju hoppa \u00f6ver pizza och thaimat haha.<\/p>\n<p>Innan vi gick till operan tog vi en fika. N\u00e4r vi gick till caf\u00e8et passerade vi <a href=\"http:\/\/www.missay.se\/index2.html\" target=\"_blank\" rel=\"noopener\">Miss\u00e4y<\/a>. I skylten fanns dessa fina kl\u00e4nningar. Jag fotade f\u00f6r att Fia skulle se, men hon vill inte ha rosetter&#8230; *suck*<\/p>\n<div style=\"text-align: center;\"><a onclick=\"showPic('..\/..\/images\/2009\/200912171351_65142172.jpg\"\" href=\"..\/..\/images\/2009\/200912171351_65142172.jpg\"><img data-recalc-dims=\"1\" decoding=\"async\" class=\"thumbnail\" src=\"https:\/\/i0.wp.com\/emeff.blogg.se\/\/images\/2009\/200912171351_65142172_thumb.jpg?w=640\" alt=\"\" \/><\/a><\/div>\n<p>Imorgon \u00e5ker Fia och Robin till Magnus. Sista helgen innan jul. De ska f\u00e5 med sig varsin liten peng att handla klappar f\u00f6r. Dvs i Fias fall blir det ett l\u00e5n tills hennes studiebidrag kommer. Sj\u00e4lv ska jag handla alla mina p\u00e5 tisdag, n\u00e4r l\u00f6nen kommer. Efter jobbet. Blir s\u00e4kert j\u00e4ttekul. Inte. Jag och 50 000 andra jull\u00f6appsl\u00f6pare som tr\u00e4ngs och svettas och stressar. Jippi. Men vad g\u00f6r man inte f\u00f6r att ens barn ska bli glada?<br \/>Men innan dess ska jag arbeta en hel l\u00e5ng helg. Och f\u00e4rga h\u00e5ret. Och g\u00f6ra k\u00f6ttbullar till julbordet. Och tv\u00e4tta. Puh, jag blev tr\u00f6tt bara av att skriva det d\u00e4r, b\u00e4st jag g\u00e5r och l\u00e4gger mig s\u00e5 jag orkar med allting.<\/p>\n","protected":false},"excerpt":{"rendered":"<p>Kan man v\u00e4l s\u00e4ga. Hur l\u00e4nge har vi g\u00e5tt omkring och sagt att vi vill slippa regnet? Att vi vill ha riktig vinter med sn\u00f6? Nu har vi f\u00e5tt det. Och det verkar forts\u00e4tta ett tag till. Sn\u00f6ndet, allts\u00e5. Idag n\u00e4r jag for till Gbg med 16-t\u00e5get l\u00e5g det ca 7cm p\u00e5 marken, n\u00e4r jag&#8230;<\/p>\n","protected":false},"author":1,"featured_media":0,"comment_status":"open","ping_status":"open","sticky":false,"template":"","format":"standard","meta":{"jetpack_post_was_ever_published":false,"_jetpack_newsletter_access":"","_jetpack_dont_email_post_to_subs":false,"_jetpack_newsletter_tier_id":0,"_jetpack_memberships_contains_paywalled_content":false,"_jetpack_memberships_contains_paid_content":false,"footnotes":"","jetpack_publicize_message":"","jetpack_publicize_feature_enabled":true,"jetpack_social_post_already_shared":false,"jetpack_social_options":{"image_generator_settings":{"template":"highway","default_image_id":0,"font":"","enabled":false},"version":2}},"categories":[47],"tags":[],"class_list":["post-1212","post","type-post","status-publish","format-standard","hentry","category-vardagsliv"],"jetpack_publicize_connections":[],"jetpack_featured_media_url":"","jetpack_shortlink":"https:\/\/wp.me\/s3qko4-whoa","jetpack_sharing_enabled":true,"jetpack_likes_enabled":true,"jetpack-related-posts":[{"id":1241,"url":"https:\/\/blogg.fumei.se\/?p=1241","url_meta":{"origin":1212,"position":0},"title":"Inga istappar \u00e4n","author":"M :)","date":"2010-01-08","format":false,"excerpt":"men ska det fors\u00e4tta vara s\u00e5 h\u00e4r kallt inne s\u00e5 dr\u00f6jer det v\u00e4l inte s\u00e5 l\u00e4nge till. Jag fattar inte hur det kan vara s\u00e5 kallt i l\u00e4genheten trots att jag har alla elementen p\u00e5 fyllstyrka??! Och att f\u00e5 tag i vaktis \u00e4r ju r\u00e4tt om\u00f6jligt, f\u00f6r antingen har jag\u2026","rel":"","context":"I \u201dVardagsliv\u201d","block_context":{"text":"Vardagsliv","link":"https:\/\/blogg.fumei.se\/?cat=47"},"img":{"alt_text":"","src":"","width":0,"height":0},"classes":[]},{"id":1072,"url":"https:\/\/blogg.fumei.se\/?p=1072","url_meta":{"origin":1212,"position":1},"title":"Tjejsnack vecka 32","author":"M :)","date":"2009-08-09","format":false,"excerpt":"Vill du ocks\u00e5 vara med? Du hittar Tjejsnack h\u00e4r. 1. \u00c4r du svartsjuk, p\u00e5 vilket s\u00e4tt? Jag kan vara v\u00e4ldigt svartsjuk om jag k\u00e4nner att jag har anledning till det. F\u00f6rr var jag v\u00e4ldigt mycket mer svartsjuk, \u00e4ven utan anledning. 2. Hur k\u00e4rleksfull \u00e4r du? Tja-aa...jag \u00e4r nog r\u00e4tt k\u00e4rleksfull\u2026","rel":"","context":"I \u201dVardagsliv\u201d","block_context":{"text":"Vardagsliv","link":"https:\/\/blogg.fumei.se\/?cat=47"},"img":{"alt_text":"","src":"","width":0,"height":0},"classes":[]},{"id":252,"url":"https:\/\/blogg.fumei.se\/?p=252","url_meta":{"origin":1212,"position":2},"title":"Sn\u00e5lbl\u00e5st","author":"M :)","date":"2010-04-13","format":false,"excerpt":"Solen sken idag ocks\u00e5, men det bl\u00e5ste fasligt kallt, s\u00e5 det var n\u00e4stan l\u00e4ge f\u00f6r jacka igen, men jag h\u00e4rdar ut! Har ingen lust att kr\u00e4nga p\u00e5 mig en vinterjacka igen, n\u00e4r jag nu har h\u00e4ngt undan den f\u00f6r i \u00e5r, och n\u00e5gon v\u00e5rjacka har jag inte hunnit inf\u00f6rskaffa, s\u00e5\u2026","rel":"","context":"I \u201dVardagsliv\u201d","block_context":{"text":"Vardagsliv","link":"https:\/\/blogg.fumei.se\/?cat=47"},"img":{"alt_text":"","src":"","width":0,"height":0},"classes":[]},{"id":553,"url":"https:\/\/blogg.fumei.se\/?p=553","url_meta":{"origin":1212,"position":3},"title":"\u00c4nnu en dag i mitt liv&#8230;","author":"M :)","date":"2008-09-08","format":false,"excerpt":"...idag, och nu \u00e4r den dagen snart slut. M\u00e5ste l\u00e4gga mig relativt tidigt om jag ska orka upp imorgon bitti. Det \u00e4r lite k\u00e4mpigt att komma ig\u00e5ng med tidiga arbetspassen igen efter att man varit ledig n\u00e5gra dagar, men det \u00e4r ju tur att jag kan vila lite till p\u00e5\u2026","rel":"","context":"I \u201dHemmet\u201d","block_context":{"text":"Hemmet","link":"https:\/\/blogg.fumei.se\/?cat=31"},"img":{"alt_text":"","src":"","width":0,"height":0},"classes":[]},{"id":1011,"url":"https:\/\/blogg.fumei.se\/?p=1011","url_meta":{"origin":1212,"position":4},"title":"Det regnar igen","author":"M :)","date":"2009-07-30","format":false,"excerpt":"Jag b\u00f6rjar bli ganska tr\u00f6tt p\u00e5 det h\u00e4r regnet nu, det k\u00e4nns faktiskt som om de tre veckor med sol jag hade under min semester l\u00e4r bli de enda den h\u00e4r sommaren. Jag tycker synd om alla som har semester nu, och om alla skolbarn- och ungdomar som inte kan\u2026","rel":"","context":"I \u201dVardagsliv\u201d","block_context":{"text":"Vardagsliv","link":"https:\/\/blogg.fumei.se\/?cat=47"},"img":{"alt_text":"","src":"","width":0,"height":0},"classes":[]},{"id":236,"url":"https:\/\/blogg.fumei.se\/?p=236","url_meta":{"origin":1212,"position":5},"title":"Tjej&#038;Killsnack vecka 19","author":"EmEff","date":"2010-05-09","format":false,"excerpt":"Veckans fr\u00e5gor. L\u00e4s mer om vad TJEJ&KILLSNACK \u00e4r\/hitta alla fr\u00e5gor h\u00e4r. Trafiks\u00e4kerhet 1. Anv\u00e4nder du cykelhj\u00e4lm?Nja, jag g\u00f6r ju inte det. Fast jag vet att jag borde, och jag har ju en s\u00e5 det \u00e4r v\u00e4l egentligen bara lathet. Och kanske lite en tanke om att det ser s\u00e5 l\u00f6jligt\u2026","rel":"","context":"I \u201dVardagsliv\u201d","block_context":{"text":"Vardagsliv","link":"https:\/\/blogg.fumei.se\/?cat=47"},"img":{"alt_text":"","src":"","width":0,"height":0},"classes":[]}],"_links":{"self":[{"href":"https:\/\/blogg.fumei.se\/index.php?rest_route=\/wp\/v2\/posts\/1212","targetHints":{"allow":["GET"]}}],"collection":[{"href":"https:\/\/blogg.fumei.se\/index.php?rest_route=\/wp\/v2\/posts"}],"about":[{"href":"https:\/\/blogg.fumei.se\/index.php?rest_route=\/wp\/v2\/types\/post"}],"author":[{"embeddable":true,"href":"https:\/\/blogg.fumei.se\/index.php?rest_route=\/wp\/v2\/users\/1"}],"replies":[{"embeddable":true,"href":"https:\/\/blogg.fumei.se\/index.php?rest_route=%2Fwp%2Fv2%2Fcomments&post=1212"}],"version-history":[{"count":1,"href":"https:\/\/blogg.fumei.se\/index.php?rest_route=\/wp\/v2\/posts\/1212\/revisions"}],"predecessor-version":[{"id":6662,"href":"https:\/\/blogg.fumei.se\/index.php?rest_route=\/wp\/v2\/posts\/1212\/revisions\/6662"}],"wp:attachment":[{"href":"https:\/\/blogg.fumei.se\/index.php?rest_route=%2Fwp%2Fv2%2Fmedia&parent=1212"}],"wp:term":[{"taxonomy":"category","embeddable":true,"href":"https:\/\/blogg.fumei.se\/index.php?rest_route=%2Fwp%2Fv2%2Fcategories&post=1212"},{"taxonomy":"post_tag","embeddable":true,"href":"https:\/\/blogg.fumei.se\/index.php?rest_route=%2Fwp%2Fv2%2Ftags&post=1212"}],"curies":[{"name":"wp","href":"https:\/\/api.w.org\/{rel}","templated":true}]}}