{"id":1213,"date":"2009-12-17T12:36:39","date_gmt":"2009-12-17T12:36:39","guid":{"rendered":"http:\/\/blogg.fumei.se\/?p=1213"},"modified":"2024-03-24T16:19:38","modified_gmt":"2024-03-24T15:19:38","slug":"idag-ar-ingen-vanlig-dag-2","status":"publish","type":"post","link":"https:\/\/blogg.fumei.se\/?p=1213","title":{"rendered":"Idag \u00e4r ingen vanlig dag&#8230;"},"content":{"rendered":"<div style=\"text-align: center;\">&#8230;f\u00f6r idag \u00e4r det Emmas f\u00f6delsedag!<br \/>\nGrattis p\u00e5 20-\u00e5rsdagen fr\u00e5n oss h\u00e4r i bonnh\u00e5lan! \ud83d\ude09<\/div>\n","protected":false},"excerpt":{"rendered":"<p>&#8230;f\u00f6r idag \u00e4r det Emmas f\u00f6delsedag! Grattis p\u00e5 20-\u00e5rsdagen fr\u00e5n oss h\u00e4r i bonnh\u00e5lan! \ud83d\ude09<\/p>\n","protected":false},"author":1,"featured_media":0,"comment_status":"open","ping_status":"open","sticky":false,"template":"","format":"standard","meta":{"jetpack_post_was_ever_published":false,"_jetpack_newsletter_access":"","_jetpack_dont_email_post_to_subs":false,"_jetpack_newsletter_tier_id":0,"_jetpack_memberships_contains_paywalled_content":false,"_jetpack_memberships_contains_paid_content":false,"footnotes":"","jetpack_publicize_message":"","jetpack_publicize_feature_enabled":true,"jetpack_social_post_already_shared":false,"jetpack_social_options":{"image_generator_settings":{"template":"highway","default_image_id":0,"font":"","enabled":false},"version":2}},"categories":[47],"tags":[],"class_list":["post-1213","post","type-post","status-publish","format-standard","hentry","category-vardagsliv"],"jetpack_publicize_connections":[],"jetpack_featured_media_url":"","jetpack_shortlink":"https:\/\/wp.me\/p3qko4-jz","jetpack_sharing_enabled":true,"jetpack_likes_enabled":true,"jetpack-related-posts":[{"id":3454,"url":"https:\/\/blogg.fumei.se\/?p=3454","url_meta":{"origin":1213,"position":0},"title":"Idag fyller vi \u00e5r!","author":"M :)","date":"2015-01-17","format":false,"excerpt":"Vi b\u00f6rjar med att hurra f\u00f6r den h\u00e4r killen: Hipp hurra f\u00f6r Victor idag p\u00e5 din 6-\u00e5rsdag! GRATTIS \u00f6nskar faster, farmor, farfar, Robin, Fia, Linus och Juliah. Och ja, det \u00e4r ju faktiskt min f\u00f6delsedag ocks\u00e5, s\u00e5 hurra och grattis till mig ocks\u00e5! N\u00e5gra andra som fyller \u00e5r idag \u00e4r\u2026","rel":"","context":"I \u201dVardagsliv\u201d","block_context":{"text":"Vardagsliv","link":"https:\/\/blogg.fumei.se\/?cat=47"},"img":{"alt_text":"Victor6-emeff2015","src":"https:\/\/i0.wp.com\/blogg.fumei.se\/wp-content\/uploads\/2015\/01\/Victor6-emeff2015.jpg?resize=350%2C200","width":350,"height":200,"srcset":"https:\/\/i0.wp.com\/blogg.fumei.se\/wp-content\/uploads\/2015\/01\/Victor6-emeff2015.jpg?resize=350%2C200 1x, https:\/\/i0.wp.com\/blogg.fumei.se\/wp-content\/uploads\/2015\/01\/Victor6-emeff2015.jpg?resize=525%2C300 1.5x"},"classes":[]},{"id":733,"url":"https:\/\/blogg.fumei.se\/?p=733","url_meta":{"origin":1213,"position":1},"title":"Hurra hurra hurra","author":"M :)","date":"2008-12-17","format":false,"excerpt":"f\u00f6r det \u00e4r Emmas dag idag! Grattis p\u00e5 f\u00f6delsedagen!","rel":"","context":"I \u201dVardagsliv\u201d","block_context":{"text":"Vardagsliv","link":"https:\/\/blogg.fumei.se\/?cat=47"},"img":{"alt_text":"","src":"","width":0,"height":0},"classes":[]},{"id":3559,"url":"https:\/\/blogg.fumei.se\/?p=3559","url_meta":{"origin":1213,"position":2},"title":"1 \u00e5r idag!","author":"M :)","date":"2015-03-15","format":false,"excerpt":"Idag f\u00f6r ett \u00e5r sedan fick jag hastigt och lustigt (eller inte alls s\u00e5 lustigt...) sl\u00e4nga mig p\u00e5 ett t\u00e5g fr\u00e5n G\u00f6teborg till Sk\u00f6vde f\u00f6r att Fia och Linus \u00e5kt till f\u00f6rlossningen. det blev en l\u00e5ng dag, men klockan 21.17 best\u00e4mde hon sig \u00e4nd\u00e5 f\u00f6r at titta ut, lilla Juliah,\u2026","rel":"","context":"I \u201dFamiljen\u201d","block_context":{"text":"Familjen","link":"https:\/\/blogg.fumei.se\/?cat=34"},"img":{"alt_text":"Juliah1\u00e5r-EmEff2015","src":"https:\/\/i0.wp.com\/blogg.fumei.se\/wp-content\/uploads\/2015\/03\/Juliah1%C3%A5r-EmEff2015.jpg?resize=350%2C200","width":350,"height":200,"srcset":"https:\/\/i0.wp.com\/blogg.fumei.se\/wp-content\/uploads\/2015\/03\/Juliah1%C3%A5r-EmEff2015.jpg?resize=350%2C200 1x, https:\/\/i0.wp.com\/blogg.fumei.se\/wp-content\/uploads\/2015\/03\/Juliah1%C3%A5r-EmEff2015.jpg?resize=525%2C300 1.5x"},"classes":[]},{"id":116,"url":"https:\/\/blogg.fumei.se\/?p=116","url_meta":{"origin":1213,"position":3},"title":"F\u00f6delsedag i kvadrat","author":"M :)","date":"2011-01-17","format":false,"excerpt":"Idag fyller jag \u00e5r. Hipp hurra. Men - \u00e4ven bus-Victor fyller \u00e5r idag! Hela 2 \u00e5r har han hunnit bli! Grattis och dubbel-hurra!! \u00a0 Men det \u00e4r inte slut d\u00e4r...f\u00f6r det var ju en liten Lovisafr\u00f6ken som inte fick en ordentlig scrap p\u00e5 sin f\u00f6delsedag, s\u00e5 den kommer h\u00e4r: (nej,\u2026","rel":"","context":"I \u201dVardagsliv\u201d","block_context":{"text":"Vardagsliv","link":"https:\/\/blogg.fumei.se\/?cat=47"},"img":{"alt_text":"","src":"","width":0,"height":0},"classes":[]},{"id":5788,"url":"https:\/\/blogg.fumei.se\/?p=5788","url_meta":{"origin":1213,"position":4},"title":"Grattis Amandus!","author":"M :)","date":"2023-10-03","format":false,"excerpt":"Hurra hurra p\u00e5 din 5-\u00e5rsdag idag!Massa kramar fr\u00e5n mormor och moffa! \u2764\ufe0f Och tack f\u00f6r kalaset!","rel":"","context":"I \u201dFamiljen\u201d","block_context":{"text":"Familjen","link":"https:\/\/blogg.fumei.se\/?cat=34"},"img":{"alt_text":"","src":"https:\/\/i0.wp.com\/blogg.fumei.se\/wp-content\/uploads\/2024\/02\/5A30444E-A66F-4FA9-B1AA-DAD4AB0E99F4_1_105_c.jpeg?resize=350%2C200","width":350,"height":200,"srcset":"https:\/\/i0.wp.com\/blogg.fumei.se\/wp-content\/uploads\/2024\/02\/5A30444E-A66F-4FA9-B1AA-DAD4AB0E99F4_1_105_c.jpeg?resize=350%2C200 1x, https:\/\/i0.wp.com\/blogg.fumei.se\/wp-content\/uploads\/2024\/02\/5A30444E-A66F-4FA9-B1AA-DAD4AB0E99F4_1_105_c.jpeg?resize=525%2C300 1.5x, https:\/\/i0.wp.com\/blogg.fumei.se\/wp-content\/uploads\/2024\/02\/5A30444E-A66F-4FA9-B1AA-DAD4AB0E99F4_1_105_c.jpeg?resize=700%2C400 2x"},"classes":[]},{"id":3804,"url":"https:\/\/blogg.fumei.se\/?p=3804","url_meta":{"origin":1213,"position":5},"title":"\u00c5rets f\u00f6rsta f\u00f6delsedag","author":"M :)","date":"2016-01-09","format":false,"excerpt":"\u00e4r Lovisas, s\u00e5 idag hurrar vi f\u00f6r henne p\u00e5 8-\u00e5rsdagen! GRATTIS \u00f6nskar faster, farmor, farfar, Robin, Fia, Linus och Juliah","rel":"","context":"I \u201dFamiljen\u201d","block_context":{"text":"Familjen","link":"https:\/\/blogg.fumei.se\/?cat=34"},"img":{"alt_text":"lovisa8-emeff2016","src":"https:\/\/i0.wp.com\/blogg.fumei.se\/wp-content\/uploads\/2016\/01\/lovisa8-emeff2016.jpg?resize=350%2C200","width":350,"height":200,"srcset":"https:\/\/i0.wp.com\/blogg.fumei.se\/wp-content\/uploads\/2016\/01\/lovisa8-emeff2016.jpg?resize=350%2C200 1x, https:\/\/i0.wp.com\/blogg.fumei.se\/wp-content\/uploads\/2016\/01\/lovisa8-emeff2016.jpg?resize=525%2C300 1.5x"},"classes":[]}],"_links":{"self":[{"href":"https:\/\/blogg.fumei.se\/index.php?rest_route=\/wp\/v2\/posts\/1213","targetHints":{"allow":["GET"]}}],"collection":[{"href":"https:\/\/blogg.fumei.se\/index.php?rest_route=\/wp\/v2\/posts"}],"about":[{"href":"https:\/\/blogg.fumei.se\/index.php?rest_route=\/wp\/v2\/types\/post"}],"author":[{"embeddable":true,"href":"https:\/\/blogg.fumei.se\/index.php?rest_route=\/wp\/v2\/users\/1"}],"replies":[{"embeddable":true,"href":"https:\/\/blogg.fumei.se\/index.php?rest_route=%2Fwp%2Fv2%2Fcomments&post=1213"}],"version-history":[{"count":1,"href":"https:\/\/blogg.fumei.se\/index.php?rest_route=\/wp\/v2\/posts\/1213\/revisions"}],"predecessor-version":[{"id":6661,"href":"https:\/\/blogg.fumei.se\/index.php?rest_route=\/wp\/v2\/posts\/1213\/revisions\/6661"}],"wp:attachment":[{"href":"https:\/\/blogg.fumei.se\/index.php?rest_route=%2Fwp%2Fv2%2Fmedia&parent=1213"}],"wp:term":[{"taxonomy":"category","embeddable":true,"href":"https:\/\/blogg.fumei.se\/index.php?rest_route=%2Fwp%2Fv2%2Fcategories&post=1213"},{"taxonomy":"post_tag","embeddable":true,"href":"https:\/\/blogg.fumei.se\/index.php?rest_route=%2Fwp%2Fv2%2Ftags&post=1213"}],"curies":[{"name":"wp","href":"https:\/\/api.w.org\/{rel}","templated":true}]}}