{"id":1214,"date":"2009-12-15T22:14:49","date_gmt":"2009-12-15T22:14:49","guid":{"rendered":"http:\/\/blogg.fumei.se\/?p=1214"},"modified":"2009-12-15T22:14:49","modified_gmt":"2009-12-15T22:14:49","slug":"wtf","status":"publish","type":"post","link":"https:\/\/blogg.fumei.se\/?p=1214","title":{"rendered":"WTF??!!"},"content":{"rendered":"<p>\u00c4r m\u00e5ttligt road idag. Faktiskt tom r\u00e4tt j\u00e4kla irriterad, n\u00e4stan snudd p\u00e5 f\u00f6rbannad. Och framf\u00f6rallt fundersam.<br \/>Jag fick en elr\u00e4kning idag. Igen. Jag fick en f\u00f6rra m\u00e5naden. Inget konstigt med det, kan tyckas. Men nu \u00e4r det s\u00e5 att f\u00f6rra r\u00e4kningen var p\u00e5 945 kronor. Den t\u00e4cker perioden 23 Juni till 31 Oktober. R\u00e4tt okej m\u00e5nadskostnad, eller hur?<br \/>Den nya r\u00e4kningen som kom idag \u00e4r p\u00e5 1416 kronor. Den t\u00e4cker perioden 1 Oktober till 30 November.<br \/>Nu undrar jag:<br \/>1. <em>Hur<\/em> kan en r\u00e4kning\u00a0f\u00f6r <em>tv\u00e5<\/em> m\u00e5nader bli 500 kronor <em>dyrare<\/em> \u00e4n en f\u00f6r <em>fyra<\/em> m\u00e5nader?<br \/>2. Om jag har en ber\u00e4knad \u00e5rsf\u00f6rbrukning p\u00e5 1994 kr, s\u00e5 borde jag ju ha \u00f6verskridit det beloppet redan? (Jag har dessutom bett att de ska s\u00e4tta det ber\u00e4knade lite h\u00f6gt f\u00f6r att slippa dyra avr\u00e4kningar)<br \/>3. Om den f\u00f6rra r\u00e4kningen str\u00e4ckte sig <em>tom<\/em> 31 Oktober, hur kan d\u00e5 den h\u00e4r r\u00e4kningen r\u00e4knas <em>from<\/em> 1 Oktober?<br \/>4. Och varf\u00f6r i hela gl\u00f6dheta h-e kan de inte fatta, fast jag bett om det minst\u00a0tre g\u00e5nger, att jag vill ha en r\u00e4kning varje m\u00e5nad och inte en mastodontr\u00e4kning en g\u00e5ng per kvartal?<\/p>\n<p>Gissa vart jag ska ringa imorgon?<\/p>\n<p>(Jopp, jag anv\u00e4nde mig av EL-skling, och s\u00f6kningen sa att detta var billigaste alternativet&#8230;)<\/p>\n","protected":false},"excerpt":{"rendered":"<p>\u00c4r m\u00e5ttligt road idag. Faktiskt tom r\u00e4tt j\u00e4kla irriterad, n\u00e4stan snudd p\u00e5 f\u00f6rbannad. Och framf\u00f6rallt fundersam.Jag fick en elr\u00e4kning idag. Igen. Jag fick en f\u00f6rra m\u00e5naden. Inget konstigt med det, kan tyckas. Men nu \u00e4r det s\u00e5 att f\u00f6rra r\u00e4kningen var p\u00e5 945 kronor. Den t\u00e4cker perioden 23 Juni till 31 Oktober. R\u00e4tt okej m\u00e5nadskostnad,&#8230;<\/p>\n","protected":false},"author":1,"featured_media":0,"comment_status":"open","ping_status":"open","sticky":false,"template":"","format":"standard","meta":{"jetpack_post_was_ever_published":false,"_jetpack_newsletter_access":"","_jetpack_dont_email_post_to_subs":false,"_jetpack_newsletter_tier_id":0,"_jetpack_memberships_contains_paywalled_content":false,"_jetpack_memberships_contains_paid_content":false,"footnotes":"","jetpack_publicize_message":"","jetpack_publicize_feature_enabled":true,"jetpack_social_post_already_shared":false,"jetpack_social_options":{"image_generator_settings":{"template":"highway","default_image_id":0,"font":"","enabled":false},"version":2}},"categories":[47],"tags":[],"class_list":["post-1214","post","type-post","status-publish","format-standard","hentry","category-vardagsliv"],"jetpack_publicize_connections":[],"jetpack_featured_media_url":"","jetpack_shortlink":"https:\/\/wp.me\/s3qko4-wtf","jetpack_sharing_enabled":true,"jetpack_likes_enabled":true,"jetpack-related-posts":[{"id":288,"url":"https:\/\/blogg.fumei.se\/?p=288","url_meta":{"origin":1214,"position":0},"title":"Tjej&#038;Killsnack vecka 8","author":"EmEff","date":"2010-02-23","format":false,"excerpt":"\u00a0Vill du ocks\u00e5 vara med? Du hittar Tjejsnack h\u00e4r. Tr\u00e4ning\/Motion 1. Hur motionerar du? Jag motionerar inte. Jag avskyr att tr\u00e4na. Men, jag m\u00e5ste helt enkelt b\u00f6rja r\u00f6ra p\u00e5 mig mycket mer \u00e4n vad jag g\u00f6r idag. S\u00e5 nu n\u00e4r det b\u00f6rjar bli lite b\u00e4ttre v\u00e4der igen ska jag b\u00f6rja\u2026","rel":"","context":"I \u201dVardagsliv\u201d","block_context":{"text":"Vardagsliv","link":"https:\/\/blogg.fumei.se\/?cat=47"},"img":{"alt_text":"","src":"","width":0,"height":0},"classes":[]},{"id":3094,"url":"https:\/\/blogg.fumei.se\/?p=3094","url_meta":{"origin":1214,"position":1},"title":"Pluggh\u00e4st","author":"M :)","date":"2013-07-18","format":false,"excerpt":"Japp, det \u00e4r jag, det! Snart i alla fall. Jag s\u00f6kte n\u00e4mligen en utbildning till specialistundersk\u00f6terska, och f\u00f6r n\u00e5gra veckor sedan fick jag veta att jag kommit in! Men jag ville inte g\u00e5 ut med det till alla f\u00f6rr\u00e4n jag var s\u00e4ker p\u00e5 att det skulle ordna sig med det\u2026","rel":"","context":"I \u201dVardagsliv\u201d","block_context":{"text":"Vardagsliv","link":"https:\/\/blogg.fumei.se\/?cat=47"},"img":{"alt_text":"specusk","src":"https:\/\/i0.wp.com\/blogg.fumei.se\/wp-content\/uploads\/2013\/07\/specusk-300x167.jpg?resize=350%2C200","width":350,"height":200},"classes":[]},{"id":1228,"url":"https:\/\/blogg.fumei.se\/?p=1228","url_meta":{"origin":1214,"position":2},"title":"Jaha&#8230;det var det roliga den h\u00e4r m\u00e5naden&#8230;","author":"M :)","date":"2009-12-02","format":false,"excerpt":"R\u00e4kningarna betalda och frysen och sk\u00e5pen laddade. Jag \u00e4r pank igen. F\u00f6r att vara helt \u00e4rlig \u00e4r jag s\u00e5 pank nu att jag rimligtvis borde ligga p\u00e5 minus. Och jag \u00e4r officiellt L E S S p\u00e5 det h\u00e4r nu!!","rel":"","context":"I \u201dVardagsliv\u201d","block_context":{"text":"Vardagsliv","link":"https:\/\/blogg.fumei.se\/?cat=47"},"img":{"alt_text":"","src":"","width":0,"height":0},"classes":[]},{"id":227,"url":"https:\/\/blogg.fumei.se\/?p=227","url_meta":{"origin":1214,"position":3},"title":"Felia, var god dr\u00f6j&#8230;","author":"M :)","date":"2010-05-19","format":false,"excerpt":"Jag \u00e4r relativt n\u00f6jd med dem \u00e4nd\u00e5. Men ibland g\u00f6r de ju riktiga grodor. Som nu, med mitt digital-tv-abbonemang. Som jag ju sade upp i Oktober.I December slutade vi s\u00e5 kunna se tv via dekodern, s\u00e5 vi plockade undan den och ser nu bara de kanaler som ing\u00e5r i hyran\u2026","rel":"","context":"I \u201dVardagsliv\u201d","block_context":{"text":"Vardagsliv","link":"https:\/\/blogg.fumei.se\/?cat=47"},"img":{"alt_text":"","src":"","width":0,"height":0},"classes":[]},{"id":916,"url":"https:\/\/blogg.fumei.se\/?p=916","url_meta":{"origin":1214,"position":4},"title":"Koka soppa p\u00e5 en spik","author":"M :)","date":"2009-04-06","format":false,"excerpt":"\u00e4r det som g\u00e4ller den h\u00e4r m\u00e5naden. I alla fall tills den 20:e, n\u00e4r barnbidraget kommer. Kass l\u00f6n och m\u00e5nga r\u00e4kningar, och till r\u00e5ga p\u00e5 allt en flytt mitt i alltihop, g\u00e5r inte s\u00e5 bra \u00f6verens. S\u00e5 det blir mycket pasta och ris...Idag har jag gjort k\u00f6rvr\u00f6ra. Stekt t\u00e4rnad potatis\u2026","rel":"","context":"I \u201dVardagsliv\u201d","block_context":{"text":"Vardagsliv","link":"https:\/\/blogg.fumei.se\/?cat=47"},"img":{"alt_text":"","src":"","width":0,"height":0},"classes":[]},{"id":3236,"url":"https:\/\/blogg.fumei.se\/?p=3236","url_meta":{"origin":1214,"position":5},"title":"Pl\u00f6tsligt h\u00e4nder det!","author":"M :)","date":"2014-03-01","format":false,"excerpt":"Efter 12 \u00e5r som ofrivillig sm\u00e5stadsbo och sen 7 \u00e5r i bostadsk\u00f6, efter otaliga ans\u00f6kningar, brev och telefonsamtal till diverse bostadsbolag och privata hyresv\u00e4rdar blev det \u00e4ntligen min tur! Jag har i ett par \u00e5rs tid varit extra flitig mef att kolla BoPlats G\u00f6teborgs sida. Varje morgon och varje kv\u00e4ll\u2026","rel":"","context":"I \u201dHemmet\u201d","block_context":{"text":"Hemmet","link":"https:\/\/blogg.fumei.se\/?cat=31"},"img":{"alt_text":"","src":"","width":0,"height":0},"classes":[]}],"_links":{"self":[{"href":"https:\/\/blogg.fumei.se\/index.php?rest_route=\/wp\/v2\/posts\/1214","targetHints":{"allow":["GET"]}}],"collection":[{"href":"https:\/\/blogg.fumei.se\/index.php?rest_route=\/wp\/v2\/posts"}],"about":[{"href":"https:\/\/blogg.fumei.se\/index.php?rest_route=\/wp\/v2\/types\/post"}],"author":[{"embeddable":true,"href":"https:\/\/blogg.fumei.se\/index.php?rest_route=\/wp\/v2\/users\/1"}],"replies":[{"embeddable":true,"href":"https:\/\/blogg.fumei.se\/index.php?rest_route=%2Fwp%2Fv2%2Fcomments&post=1214"}],"version-history":[{"count":0,"href":"https:\/\/blogg.fumei.se\/index.php?rest_route=\/wp\/v2\/posts\/1214\/revisions"}],"wp:attachment":[{"href":"https:\/\/blogg.fumei.se\/index.php?rest_route=%2Fwp%2Fv2%2Fmedia&parent=1214"}],"wp:term":[{"taxonomy":"category","embeddable":true,"href":"https:\/\/blogg.fumei.se\/index.php?rest_route=%2Fwp%2Fv2%2Fcategories&post=1214"},{"taxonomy":"post_tag","embeddable":true,"href":"https:\/\/blogg.fumei.se\/index.php?rest_route=%2Fwp%2Fv2%2Ftags&post=1214"}],"curies":[{"name":"wp","href":"https:\/\/api.w.org\/{rel}","templated":true}]}}