{"id":1217,"date":"2009-12-13T21:01:46","date_gmt":"2009-12-13T21:01:46","guid":{"rendered":"http:\/\/blogg.fumei.se\/?p=1217"},"modified":"2009-12-13T21:01:46","modified_gmt":"2009-12-13T21:01:46","slug":"fototriss-glitter","status":"publish","type":"post","link":"https:\/\/blogg.fumei.se\/?p=1217","title":{"rendered":"Fototriss &#8211; glitter"},"content":{"rendered":"<p>Mycket glitter blev det efter att vi f\u00e5tt upp v\u00e5r gran ikv\u00e4ll, s\u00e5 jag bjuder f\u00f6rst p\u00e5 en detaljbild av spektaklet:<\/p>\n<div style=\"text-align: center;\"><img data-recalc-dims=\"1\" decoding=\"async\" class=\"image\" src=\"https:\/\/i0.wp.com\/emeff.blogg.se\/\/images\/2009\/200912131320_64598097.jpg?w=640\" alt=\"\" \/><\/div>\n<p>Solen glimmar&#8230;inte s\u00e5 mycket men \u00e4nd\u00e5 s\u00e5 pass att man nj\u00f6t av utsikten fr\u00e5n Silja Serenades f\u00f6rd\u00e4ck. <br \/>S\u00f6ndag 23 Augusti 2009.<\/p>\n<div style=\"text-align: center;\"><img data-recalc-dims=\"1\" decoding=\"async\" class=\"image\" src=\"https:\/\/i0.wp.com\/emeff.blogg.se\/\/images\/2009\/ostersjon_64598482.jpg?w=640\" alt=\"\" \/><\/div>\n<p>Ett av mina favoritfoton av dottern. Man kan riktigt se hur det glittrar i hennes \u00f6gon n\u00e4r hon skrattar \u00e5t n\u00e5got bus.<\/p>\n<div style=\"text-align: center;\"><img data-recalc-dims=\"1\" decoding=\"async\" class=\"image\" src=\"https:\/\/i0.wp.com\/emeff.blogg.se\/\/images\/2009\/busfia_64599059.jpg?w=640\" alt=\"\" \/><\/div>\n<p>Fler fototrissar kan man hitta <a href=\"http:\/\/fototriss.blogspot.com\/2009\/12\/fototriss-del-75-glitter.html\" target=\"_blank\">h\u00e4r<\/a>.<\/p>\n","protected":false},"excerpt":{"rendered":"<p>Mycket glitter blev det efter att vi f\u00e5tt upp v\u00e5r gran ikv\u00e4ll, s\u00e5 jag bjuder f\u00f6rst p\u00e5 en detaljbild av spektaklet: Solen glimmar&#8230;inte s\u00e5 mycket men \u00e4nd\u00e5 s\u00e5 pass att man nj\u00f6t av utsikten fr\u00e5n Silja Serenades f\u00f6rd\u00e4ck. S\u00f6ndag 23 Augusti 2009. Ett av mina favoritfoton av dottern. Man kan riktigt se hur det glittrar&#8230;<\/p>\n","protected":false},"author":1,"featured_media":0,"comment_status":"open","ping_status":"open","sticky":false,"template":"","format":"standard","meta":{"jetpack_post_was_ever_published":false,"_jetpack_newsletter_access":"","_jetpack_dont_email_post_to_subs":false,"_jetpack_newsletter_tier_id":0,"_jetpack_memberships_contains_paywalled_content":false,"_jetpack_memberships_contains_paid_content":false,"footnotes":"","jetpack_publicize_message":"","jetpack_publicize_feature_enabled":true,"jetpack_social_post_already_shared":false,"jetpack_social_options":{"image_generator_settings":{"template":"highway","default_image_id":0,"font":"","enabled":false},"version":2}},"categories":[47],"tags":[],"class_list":["post-1217","post","type-post","status-publish","format-standard","hentry","category-vardagsliv"],"jetpack_publicize_connections":[],"jetpack_featured_media_url":"","jetpack_shortlink":"https:\/\/wp.me\/p3qko4-jD","jetpack_sharing_enabled":true,"jetpack_likes_enabled":true,"jetpack-related-posts":[{"id":1717,"url":"https:\/\/blogg.fumei.se\/?p=1717","url_meta":{"origin":1217,"position":0},"title":"Fototriss vecka 45: S\u00e5 h\u00e4r ser det ut d\u00e4r jag \u00e4r idag","author":"M :)","date":"2011-11-11","format":false,"excerpt":"Nej nej det kommer inga fler bilder fr\u00e5n V\u00e5C, ist\u00e4llet blir det bilderna jag tog h\u00e4romdagen (jag vet, l\u00e5ngsam som vanligt) n\u00e4r jag var ute i skogen med Stella. H\u00f6stl\u00f6vad stig f\u00f6r mjuka promenader i sporadiskt solsken som letar sig ner mellan grenarna. Det varma v\u00e4dret den h\u00e4r h\u00f6sten g\u00f6r\u2026","rel":"","context":"I \u201dVardagsliv\u201d","block_context":{"text":"Vardagsliv","link":"https:\/\/blogg.fumei.se\/?cat=47"},"img":{"alt_text":"","src":"https:\/\/i0.wp.com\/blogg.fumei.se\/wp-content\/uploads\/2011\/11\/2011-11-09-11.58.00-487x650.jpg?resize=350%2C200","width":350,"height":200},"classes":[]},{"id":3490,"url":"https:\/\/blogg.fumei.se\/?p=3490","url_meta":{"origin":1217,"position":1},"title":"Fototriss #1, 2015","author":"M :)","date":"2015-01-24","format":false,"excerpt":"Helena ger ett nytt \u00e4mne varje l\u00f6rdag, och s\u00e5 fotar man och postar. Enkelt och kul! Veckans \u00e4mne var \"S\u00e5 h\u00e4r ser det ut d\u00e4r jag \u00e4r\". Vintern har (\u00e4ntligen) kommit till G\u00f6teborg!","rel":"","context":"I \u201dVardagsliv\u201d","block_context":{"text":"Vardagsliv","link":"https:\/\/blogg.fumei.se\/?cat=47"},"img":{"alt_text":"triss1-15-1","src":"https:\/\/i0.wp.com\/blogg.fumei.se\/wp-content\/uploads\/2015\/01\/triss1-15-1.jpg?resize=350%2C200","width":350,"height":200,"srcset":"https:\/\/i0.wp.com\/blogg.fumei.se\/wp-content\/uploads\/2015\/01\/triss1-15-1.jpg?resize=350%2C200 1x, https:\/\/i0.wp.com\/blogg.fumei.se\/wp-content\/uploads\/2015\/01\/triss1-15-1.jpg?resize=525%2C300 1.5x"},"classes":[]},{"id":1218,"url":"https:\/\/blogg.fumei.se\/?p=1218","url_meta":{"origin":1217,"position":2},"title":"Fototriss- Triss i triss","author":"M :)","date":"2009-12-13","format":false,"excerpt":"Jag \u00e4r lite sen med att l\u00e4gga upp veckans fototriss, men h\u00e4r kommer den i alla fall.Alla bilder m\u00e5ste inneh\u00e5lla en triss av n\u00e5got. Triss i t\u00e5g. G\u00f6teborgs Centralstation kl 21.20, fredag 11 December 2009.Idag \u00e4r det tredje Advent, och tre ljus fick lysa upp vid matbordet h\u00e4r hemma.Till sist,\u2026","rel":"","context":"I \u201dVardagsliv\u201d","block_context":{"text":"Vardagsliv","link":"https:\/\/blogg.fumei.se\/?cat=47"},"img":{"alt_text":"","src":"","width":0,"height":0},"classes":[]},{"id":1231,"url":"https:\/\/blogg.fumei.se\/?p=1231","url_meta":{"origin":1217,"position":3},"title":"Fototriss &#8211; Randigt","author":"M :)","date":"2010-01-20","format":false,"excerpt":"Som jag letade efter bra motiv de f\u00f6rsta dagarna den h\u00e4r veckan! Och s\u00e5 fanns de rakt under n\u00e4san p\u00e5 mig. Bokstavligt talat! Se sj\u00e4lva, p\u00e5 den h\u00e4r bilden: Jag tittade ner, och uppt\u00e4ckte att min pyjamastr\u00f6ja \u00e4r ju randig!S\u00e5 h\u00e4r ser den ut fr\u00e5n mitt h\u00e5ll hi hiBredvid datorn\u2026","rel":"","context":"I \u201dVardagsliv\u201d","block_context":{"text":"Vardagsliv","link":"https:\/\/blogg.fumei.se\/?cat=47"},"img":{"alt_text":"","src":"","width":0,"height":0},"classes":[]},{"id":3550,"url":"https:\/\/blogg.fumei.se\/?p=3550","url_meta":{"origin":1217,"position":4},"title":"Fototriss nr 6","author":"M :)","date":"2015-03-14","format":false,"excerpt":"Helena ger ett nytt \u00e4mne varje l\u00f6rdag, och s\u00e5 fotar man och postar. Enkelt och kul! Veckans \u00e4mne var \"motljus\". H\u00e4romdagen n\u00e4r jag skulle ge mig ut p\u00e5 min dagliga promenad k\u00e4nde jag inte f\u00f6r att bara traska runt i n\u00e4romr\u00e5det som vanligt, s\u00e5 jag tog sp\u00e5rvagnen till andra \u00e4nden\u2026","rel":"","context":"I \u201dVardagsliv\u201d","block_context":{"text":"Vardagsliv","link":"https:\/\/blogg.fumei.se\/?cat=47"},"img":{"alt_text":"kartaklippan","src":"https:\/\/i0.wp.com\/blogg.fumei.se\/wp-content\/uploads\/2015\/03\/kartaklippan-300x250.jpg?resize=350%2C200","width":350,"height":200},"classes":[]},{"id":1227,"url":"https:\/\/blogg.fumei.se\/?p=1227","url_meta":{"origin":1217,"position":5},"title":"Fototriss","author":"M :)","date":"2009-12-03","format":false,"excerpt":"Nr 1 f\u00f6r min del, nr 73 f\u00f6r Helenas fototriss-blogg.Veckans tema \u00e4r bokst\u00e4ver. G\u00e4ngliga bokst\u00e4ver ristade i frosten p\u00e5 en busskur.F\u00f6r-l\u00e4nge-sedan-bokst\u00e4ver p\u00e5 ett hus.U-sv\u00e4ng till\u00e5ten? Stolpad bokstav vid t\u00e5gstationen.","rel":"","context":"I \u201dVardagsliv\u201d","block_context":{"text":"Vardagsliv","link":"https:\/\/blogg.fumei.se\/?cat=47"},"img":{"alt_text":"","src":"","width":0,"height":0},"classes":[]}],"_links":{"self":[{"href":"https:\/\/blogg.fumei.se\/index.php?rest_route=\/wp\/v2\/posts\/1217","targetHints":{"allow":["GET"]}}],"collection":[{"href":"https:\/\/blogg.fumei.se\/index.php?rest_route=\/wp\/v2\/posts"}],"about":[{"href":"https:\/\/blogg.fumei.se\/index.php?rest_route=\/wp\/v2\/types\/post"}],"author":[{"embeddable":true,"href":"https:\/\/blogg.fumei.se\/index.php?rest_route=\/wp\/v2\/users\/1"}],"replies":[{"embeddable":true,"href":"https:\/\/blogg.fumei.se\/index.php?rest_route=%2Fwp%2Fv2%2Fcomments&post=1217"}],"version-history":[{"count":0,"href":"https:\/\/blogg.fumei.se\/index.php?rest_route=\/wp\/v2\/posts\/1217\/revisions"}],"wp:attachment":[{"href":"https:\/\/blogg.fumei.se\/index.php?rest_route=%2Fwp%2Fv2%2Fmedia&parent=1217"}],"wp:term":[{"taxonomy":"category","embeddable":true,"href":"https:\/\/blogg.fumei.se\/index.php?rest_route=%2Fwp%2Fv2%2Fcategories&post=1217"},{"taxonomy":"post_tag","embeddable":true,"href":"https:\/\/blogg.fumei.se\/index.php?rest_route=%2Fwp%2Fv2%2Ftags&post=1217"}],"curies":[{"name":"wp","href":"https:\/\/api.w.org\/{rel}","templated":true}]}}