{"id":1218,"date":"2009-12-13T18:31:06","date_gmt":"2009-12-13T18:31:06","guid":{"rendered":"http:\/\/blogg.fumei.se\/?p=1218"},"modified":"2009-12-13T18:31:06","modified_gmt":"2009-12-13T18:31:06","slug":"fototriss-triss-i-triss","status":"publish","type":"post","link":"https:\/\/blogg.fumei.se\/?p=1218","title":{"rendered":"Fototriss- Triss i triss"},"content":{"rendered":"<p>Jag \u00e4r lite sen med att l\u00e4gga upp veckans fototriss, men h\u00e4r kommer den i alla fall.<br \/>Alla bilder m\u00e5ste inneh\u00e5lla en triss av n\u00e5got.<\/p>\n<div style=\"text-align: center;\"><img data-recalc-dims=\"1\" decoding=\"async\" class=\"image\" src=\"https:\/\/i0.wp.com\/emeff.blogg.se\/\/images\/2009\/200912111302_64566356.jpg?w=640\" alt=\"\" \/><br \/><em>Triss i t\u00e5g. G\u00f6teborgs Centralstation kl 21.20, fredag 11 December 2009.<br \/><\/em><br \/><img data-recalc-dims=\"1\" decoding=\"async\" class=\"image\" src=\"https:\/\/i0.wp.com\/emeff.blogg.se\/\/images\/2009\/200912131311_64566790.jpg?w=640\" alt=\"\" \/><br \/><em>Idag \u00e4r det tredje Advent, och tre ljus fick lysa upp vid matbordet h\u00e4r hemma.<br \/><\/em><br \/><img data-recalc-dims=\"1\" decoding=\"async\" class=\"image\" src=\"https:\/\/i0.wp.com\/emeff.blogg.se\/\/images\/2009\/bild003_64567140.jpg?w=640\" alt=\"\" \/><br \/><em>Till sist, i brist p\u00e5 triss-motiv, tre sk\u00f6nsjungande gossar p\u00e5 scen i \u00d6verby K\u00f6pcentrum, sommaren 2008.<\/em><\/div>\n<p>Fler fototrissar kan man hitta <a href=\"http:\/\/fototriss.blogspot.com\/2009\/12\/fototriss-del-73-tavlingstriss.html\" target=\"_blank\">h\u00e4r<\/a>.<\/p>\n","protected":false},"excerpt":{"rendered":"<p>Jag \u00e4r lite sen med att l\u00e4gga upp veckans fototriss, men h\u00e4r kommer den i alla fall.Alla bilder m\u00e5ste inneh\u00e5lla en triss av n\u00e5got. Triss i t\u00e5g. G\u00f6teborgs Centralstation kl 21.20, fredag 11 December 2009.Idag \u00e4r det tredje Advent, och tre ljus fick lysa upp vid matbordet h\u00e4r hemma.Till sist, i brist p\u00e5 triss-motiv, tre&#8230;<\/p>\n","protected":false},"author":1,"featured_media":0,"comment_status":"open","ping_status":"open","sticky":false,"template":"","format":"standard","meta":{"jetpack_post_was_ever_published":false,"_jetpack_newsletter_access":"","_jetpack_dont_email_post_to_subs":false,"_jetpack_newsletter_tier_id":0,"_jetpack_memberships_contains_paywalled_content":false,"_jetpack_memberships_contains_paid_content":false,"footnotes":"","jetpack_publicize_message":"","jetpack_publicize_feature_enabled":true,"jetpack_social_post_already_shared":false,"jetpack_social_options":{"image_generator_settings":{"template":"highway","default_image_id":0,"font":"","enabled":false},"version":2}},"categories":[47],"tags":[],"class_list":["post-1218","post","type-post","status-publish","format-standard","hentry","category-vardagsliv"],"jetpack_publicize_connections":[],"jetpack_featured_media_url":"","jetpack_shortlink":"https:\/\/wp.me\/p3qko4-jE","jetpack_sharing_enabled":true,"jetpack_likes_enabled":true,"jetpack-related-posts":[{"id":270,"url":"https:\/\/blogg.fumei.se\/?p=270","url_meta":{"origin":1218,"position":0},"title":"Fototriss &#8211; dubbelt upp!","author":"M :)","date":"2010-03-16","format":false,"excerpt":"I och med att min dator inte har funkat som jag velat att den skulle, s\u00e5 blev det ingen triss upplagd f\u00f6rra veckan. D\u00e4rf\u00f6r kommer det nu tv\u00e5 trissar i samma inl\u00e4gg.F\u00f6rra veckans tema var \"Gissa temat\". N\u00e5gon som \u00e4r duktig p\u00e5 g\u00e5tor?\u00a0 \u00a0 \u00a0 Den h\u00e4r veckan \u00e4r temat\u2026","rel":"","context":"I \u201dVardagsliv\u201d","block_context":{"text":"Vardagsliv","link":"https:\/\/blogg.fumei.se\/?cat=47"},"img":{"alt_text":"","src":"","width":0,"height":0},"classes":[]},{"id":1239,"url":"https:\/\/blogg.fumei.se\/?p=1239","url_meta":{"origin":1218,"position":1},"title":"Countdown","author":"M :)","date":"2010-01-11","format":false,"excerpt":"Ja, nu \u00e4r det bara en vecka kvar till \"the big 4 0\". Man kan v\u00e4l s\u00e4ga som s\u00e5 att jag k\u00e4nner mig inte som n\u00e4stan 40 i alla fall, och n\u00e5gon 40-\u00e5rskris har jag inte heller. Kriser har jag varken tid, ork eller r\u00e5d med, och det d\u00e4r med\u2026","rel":"","context":"I \u201dVardagsliv\u201d","block_context":{"text":"Vardagsliv","link":"https:\/\/blogg.fumei.se\/?cat=47"},"img":{"alt_text":"","src":"","width":0,"height":0},"classes":[]},{"id":4920,"url":"https:\/\/blogg.fumei.se\/?p=4920","url_meta":{"origin":1218,"position":2},"title":"Juletid \u00e4r julefrid?","author":"M :)","date":"2017-12-24","format":false,"excerpt":"Julafton hos familjen Fumei. Paketberg, m\u00e4ngder av mat, julklappslek, ris \u00e1 la Malta , lite syskonbr\u00e5k, Kalle Anka p\u00e5 tv och de traditionsenligt framtvingade familjebilderna. Och s\u00e5 en ny tradtition- en tur till minneslunden f\u00f6r pappa. GOD JUL fr\u00e5n mig till er som l\u00e4ser det h\u00e4r! Julgran med julklappar Lovisa,\u2026","rel":"","context":"I \u201dFamiljen\u201d","block_context":{"text":"Familjen","link":"https:\/\/blogg.fumei.se\/?cat=34"},"img":{"alt_text":"","src":"https:\/\/i0.wp.com\/blogg.fumei.se\/wp-content\/uploads\/2022\/10\/0CA06A55-4DAE-4E91-AD90-C77BC541A103-scaled.jpeg?resize=350%2C200","width":350,"height":200,"srcset":"https:\/\/i0.wp.com\/blogg.fumei.se\/wp-content\/uploads\/2022\/10\/0CA06A55-4DAE-4E91-AD90-C77BC541A103-scaled.jpeg?resize=350%2C200 1x, https:\/\/i0.wp.com\/blogg.fumei.se\/wp-content\/uploads\/2022\/10\/0CA06A55-4DAE-4E91-AD90-C77BC541A103-scaled.jpeg?resize=525%2C300 1.5x, https:\/\/i0.wp.com\/blogg.fumei.se\/wp-content\/uploads\/2022\/10\/0CA06A55-4DAE-4E91-AD90-C77BC541A103-scaled.jpeg?resize=700%2C400 2x, https:\/\/i0.wp.com\/blogg.fumei.se\/wp-content\/uploads\/2022\/10\/0CA06A55-4DAE-4E91-AD90-C77BC541A103-scaled.jpeg?resize=1050%2C600 3x, https:\/\/i0.wp.com\/blogg.fumei.se\/wp-content\/uploads\/2022\/10\/0CA06A55-4DAE-4E91-AD90-C77BC541A103-scaled.jpeg?resize=1400%2C800 4x"},"classes":[]},{"id":47,"url":"https:\/\/blogg.fumei.se\/?p=47","url_meta":{"origin":1218,"position":3},"title":"Fototriss: S\u00e5 h\u00e4r ser det ut d\u00e4r jag \u00e4r idag","author":"M :)","date":"2011-05-04","format":false,"excerpt":"[Fototriss] \u00e4r en fotoutmaning\u00a0som handlar om att du ska visa tre bilder p\u00e5 ett tema. Veckans tema g\u00e5r ut p\u00e5 att visa hur det ser ut d\u00e4r du \u00e4r just nu. I morse var det riktigt kallt! 0 grader p\u00e5 termometern och frost p\u00e5 buskarna. Sv\u00e5rt att tro att p\u00e5sken\u2026","rel":"","context":"I \u201dVardagsliv\u201d","block_context":{"text":"Vardagsliv","link":"https:\/\/blogg.fumei.se\/?cat=47"},"img":{"alt_text":"","src":"https:\/\/i0.wp.com\/blogg.fumei.se\/wp-content\/uploads\/2011\/05\/201105042743.jpg?resize=350%2C200","width":350,"height":200},"classes":[]},{"id":155,"url":"https:\/\/blogg.fumei.se\/?p=155","url_meta":{"origin":1218,"position":4},"title":"Fototriss &#8211; En resa","author":"M :)","date":"2010-11-22","format":false,"excerpt":"Veckans tema hos Helena p\u00e5 [Fototriss] \u00e4r en resa. Jag har valt att symbolisera den resa som jag och J gjort fram till idag genom dessa tre bilder: (klicka p\u00e5 bilderna s\u00e5 ser du dem i st\u00f6rre format och tydligare) 14:e Augusti 2009. Pl\u00f6tsligt stod han d\u00e4r...Friskt v\u00e5gat, h\u00e4lften vunnet.\u2026","rel":"","context":"I \u201dVardagsliv\u201d","block_context":{"text":"Vardagsliv","link":"https:\/\/blogg.fumei.se\/?cat=47"},"img":{"alt_text":"","src":"","width":0,"height":0},"classes":[]},{"id":1717,"url":"https:\/\/blogg.fumei.se\/?p=1717","url_meta":{"origin":1218,"position":5},"title":"Fototriss vecka 45: S\u00e5 h\u00e4r ser det ut d\u00e4r jag \u00e4r idag","author":"M :)","date":"2011-11-11","format":false,"excerpt":"Nej nej det kommer inga fler bilder fr\u00e5n V\u00e5C, ist\u00e4llet blir det bilderna jag tog h\u00e4romdagen (jag vet, l\u00e5ngsam som vanligt) n\u00e4r jag var ute i skogen med Stella. H\u00f6stl\u00f6vad stig f\u00f6r mjuka promenader i sporadiskt solsken som letar sig ner mellan grenarna. Det varma v\u00e4dret den h\u00e4r h\u00f6sten g\u00f6r\u2026","rel":"","context":"I \u201dVardagsliv\u201d","block_context":{"text":"Vardagsliv","link":"https:\/\/blogg.fumei.se\/?cat=47"},"img":{"alt_text":"","src":"https:\/\/i0.wp.com\/blogg.fumei.se\/wp-content\/uploads\/2011\/11\/2011-11-09-11.58.00-487x650.jpg?resize=350%2C200","width":350,"height":200},"classes":[]}],"_links":{"self":[{"href":"https:\/\/blogg.fumei.se\/index.php?rest_route=\/wp\/v2\/posts\/1218","targetHints":{"allow":["GET"]}}],"collection":[{"href":"https:\/\/blogg.fumei.se\/index.php?rest_route=\/wp\/v2\/posts"}],"about":[{"href":"https:\/\/blogg.fumei.se\/index.php?rest_route=\/wp\/v2\/types\/post"}],"author":[{"embeddable":true,"href":"https:\/\/blogg.fumei.se\/index.php?rest_route=\/wp\/v2\/users\/1"}],"replies":[{"embeddable":true,"href":"https:\/\/blogg.fumei.se\/index.php?rest_route=%2Fwp%2Fv2%2Fcomments&post=1218"}],"version-history":[{"count":0,"href":"https:\/\/blogg.fumei.se\/index.php?rest_route=\/wp\/v2\/posts\/1218\/revisions"}],"wp:attachment":[{"href":"https:\/\/blogg.fumei.se\/index.php?rest_route=%2Fwp%2Fv2%2Fmedia&parent=1218"}],"wp:term":[{"taxonomy":"category","embeddable":true,"href":"https:\/\/blogg.fumei.se\/index.php?rest_route=%2Fwp%2Fv2%2Fcategories&post=1218"},{"taxonomy":"post_tag","embeddable":true,"href":"https:\/\/blogg.fumei.se\/index.php?rest_route=%2Fwp%2Fv2%2Ftags&post=1218"}],"curies":[{"name":"wp","href":"https:\/\/api.w.org\/{rel}","templated":true}]}}