{"id":1221,"date":"2009-12-10T19:41:31","date_gmt":"2009-12-10T19:41:31","guid":{"rendered":"http:\/\/blogg.fumei.se\/?p=1221"},"modified":"2009-12-10T19:41:31","modified_gmt":"2009-12-10T19:41:31","slug":"jul-lista","status":"publish","type":"post","link":"https:\/\/blogg.fumei.se\/?p=1221","title":{"rendered":"Jul-lista"},"content":{"rendered":"<p>Det var l\u00e4ngesen, s\u00e5 nu blir det lista igen. Den h\u00e4r har jag l\u00e5nat ifr\u00e5n\u00a0<a href=\"http:\/\/www.livelearnlove.devote.se\/blogs\/3085911\/en-lista-om-jul.htm\" target=\"_blank\">LiveLoveLearn<\/a>.\u00a0<\/p>\n<p><strong>H\u00f6gst upp p\u00e5 \u00f6nskelistan:<\/strong> Diskmaskin ligger bra till, men b\u00f6cker och pengar sl\u00e5r nog \u00e4ven en diskmaskin.<br \/><strong>Detta vill jag inte ha i jul:<\/strong> Vaser och sk\u00e5lar och prydnadssaker och annat som bara st\u00e5r i sk\u00e5pen och aldrig anv\u00e4nds.<br \/><strong>Godast p\u00e5 julbordet:<\/strong> Det mesta. Sv\u00e5rt att v\u00e4lja, det beror lite p\u00e5 dagsformen, men i \u00e5r ska vi ha dansk fl\u00e4skstek till julmiddag och det \u00e4r ju en av mina favoritr\u00e4tter, s\u00e5 jag v\u00e4ljer v\u00e4l den, d\u00e5.<br \/><strong>\u00c4ckligast p\u00e5 julbordet:<\/strong> Det finns nog inget \u00e4ckligt p\u00e5 v\u00e5rt julbord. Fast jag \u00e4ter inte pappas vitl\u00f6ksansjovis&#8230;<br \/><strong>B\u00e4sta jull\u00e5ten:<\/strong> O Helga Natt, Do\u00a0They Know It&#8217;s Christmas, Fairytale of new York och\u00a0Last Christmas.<br \/><strong>S\u00e4msta jull\u00e5ten:<\/strong> Nu \u00e4r det jul igen med Just D, Jingle Bells med Basshunter och V\u00e5r julskinka har rymt med Werner och Werner. Det finns fler, men jag kommer inte p\u00e5 dem just nu.<br \/><strong>Det mysigaste med julen:<\/strong> Att f\u00e5 tr\u00e4ffa s\u00e5 m\u00e5nga som m\u00f6jligt av familjen, alla ljus och att man <em>umg\u00e5s<\/em>.<br \/><strong>Tr\u00e5kigaste med julen:<\/strong> Att allt \u00e4r s\u00e5 intensivt, och att man \u00e4r helt slut efter bara en dag, f\u00f6r att man ska hinna med s\u00e5 mycket p\u00e5 s\u00e5 kort tid.<br \/><strong>Jultraditioner:<\/strong> Vi \u00e4ter dansk julefrokost (jullunch p\u00e5 svenska), sen umg\u00e5s vi eller g\u00e5r ut och g\u00e5r om v\u00e4dret till\u00e5ter. Till Kalle blir det gl\u00f6gg, kaffe, kakor och lite godis, och sedan slappar vi en stund innan vi g\u00f6r i ordning middagen. Efter middagen, runt 20-tiden, blir det kaffe medan det yngsta barnet i samlingen delar ut klapparna. Blir kanske lite knivigt i \u00e5r om Victor ska g\u00f6ra det&#8230;<br \/>Ingen f\u00e5r \u00f6ppna f\u00f6rr\u00e4n alla paket delats ut. Sen leker\/syssels\u00e4tter sig barnen med det de f\u00e5tt, medan vi vuxna r\u00f6jer undan. Lite tv och mera slapp, och s\u00e5 brukar vi hamna runt k\u00f6ksbordet med n\u00e5got s\u00e4llskapsspel.<br \/><strong>Julen firas med:<\/strong> Sophia och Robin, mamma och pappa, och som det ser ut i planeringen ska nog Silvio och Emma, Lovisa och Victor vara med i gemenskapen i \u00e5r.<br \/><strong>Den jag vill kyssa under misteln:<\/strong> Ja den var sv\u00e5r! J, s\u00e5klart!<\/p>\n","protected":false},"excerpt":{"rendered":"<p>Det var l\u00e4ngesen, s\u00e5 nu blir det lista igen. Den h\u00e4r har jag l\u00e5nat ifr\u00e5n\u00a0LiveLoveLearn.\u00a0 H\u00f6gst upp p\u00e5 \u00f6nskelistan: Diskmaskin ligger bra till, men b\u00f6cker och pengar sl\u00e5r nog \u00e4ven en diskmaskin.Detta vill jag inte ha i jul: Vaser och sk\u00e5lar och prydnadssaker och annat som bara st\u00e5r i sk\u00e5pen och aldrig anv\u00e4nds.Godast p\u00e5 julbordet:&#8230;<\/p>\n","protected":false},"author":1,"featured_media":0,"comment_status":"open","ping_status":"open","sticky":false,"template":"","format":"standard","meta":{"jetpack_post_was_ever_published":false,"_jetpack_newsletter_access":"","_jetpack_dont_email_post_to_subs":false,"_jetpack_newsletter_tier_id":0,"_jetpack_memberships_contains_paywalled_content":false,"_jetpack_memberships_contains_paid_content":false,"footnotes":"","jetpack_publicize_message":"","jetpack_publicize_feature_enabled":true,"jetpack_social_post_already_shared":false,"jetpack_social_options":{"image_generator_settings":{"template":"highway","default_image_id":0,"font":"","enabled":false},"version":2}},"categories":[47],"tags":[],"class_list":["post-1221","post","type-post","status-publish","format-standard","hentry","category-vardagsliv"],"jetpack_publicize_connections":[],"jetpack_featured_media_url":"","jetpack_shortlink":"https:\/\/wp.me\/p3qko4-jH","jetpack_sharing_enabled":true,"jetpack_likes_enabled":true,"jetpack-related-posts":[{"id":1210,"url":"https:\/\/blogg.fumei.se\/?p=1210","url_meta":{"origin":1221,"position":0},"title":"Tjejsnack vecka 51","author":"M :)","date":"2009-12-20","format":false,"excerpt":"Vill du ocks\u00e5 vara med? Du hittar Tjejsnack h\u00e4r.Julafton 1. Vad skulle du inte vilja vara utan p\u00e5 julbordet?Allt! Jag kan inte v\u00e4lja. Utan att det som st\u00e5r p\u00e5 bordet blir det inget riktigt julbord. 2. Vilken \u00e4r din favorit i Kalles Jul-slinga av tecknat?Nja, jag har nog ingen favorit.\u2026","rel":"","context":"I \u201dVardagsliv\u201d","block_context":{"text":"Vardagsliv","link":"https:\/\/blogg.fumei.se\/?cat=47"},"img":{"alt_text":"","src":"","width":0,"height":0},"classes":[]},{"id":1212,"url":"https:\/\/blogg.fumei.se\/?p=1212","url_meta":{"origin":1221,"position":1},"title":"Whoa!","author":"M :)","date":"2009-12-17","format":false,"excerpt":"Kan man v\u00e4l s\u00e4ga. Hur l\u00e4nge har vi g\u00e5tt omkring och sagt att vi vill slippa regnet? Att vi vill ha riktig vinter med sn\u00f6? Nu har vi f\u00e5tt det. Och det verkar forts\u00e4tta ett tag till. Sn\u00f6ndet, allts\u00e5. Idag n\u00e4r jag for till Gbg med 16-t\u00e5get l\u00e5g det ca\u2026","rel":"","context":"I \u201dVardagsliv\u201d","block_context":{"text":"Vardagsliv","link":"https:\/\/blogg.fumei.se\/?cat=47"},"img":{"alt_text":"","src":"","width":0,"height":0},"classes":[]},{"id":1896,"url":"https:\/\/blogg.fumei.se\/?p=1896","url_meta":{"origin":1221,"position":2},"title":"Snart \u00e4r glada julen slut, slut, slut","author":"M :)","date":"2011-12-25","format":false,"excerpt":"Nu har det firats jul redigt och ordentligt h\u00e4r, med mat och klappar och huset fullt av folk! I \u00e5r var vi s\u00e5 m\u00e5nga som 15 stycken, det var mor och far, jag, J, Fia och Robin, Silvio, Emma, Lovisa och Victor och Ilse, Magnus, Frida och Tyra, och s\u00e5\u2026","rel":"","context":"I \u201dFamiljen\u201d","block_context":{"text":"Familjen","link":"https:\/\/blogg.fumei.se\/?cat=34"},"img":{"alt_text":"","src":"https:\/\/i0.wp.com\/blogg.fumei.se\/wp-content\/uploads\/2011\/12\/P1120194.jpg?resize=350%2C200","width":350,"height":200},"classes":[]},{"id":1963,"url":"https:\/\/blogg.fumei.se\/?p=1963","url_meta":{"origin":1221,"position":3},"title":"Bloggnyheter 2012","author":"M :)","date":"2012-01-03","format":false,"excerpt":"Jag har \u00e4ndrat tillbaka till en \"vanlig\" layout. Tr\u00f6ttnade p\u00e5 den juliga, f\u00f6r den kr\u00e5nglade. Och f\u00f6rresten \u00e4r det ju inte jul l\u00e4ngre, s\u00e5... Ett par nya flikar har tillkommit uppe i menyn; jag har\u00a0\u00e4ndrat fliken f\u00f6r l\u00e4sta b\u00f6cker, s\u00e5 att den har undermenyer f\u00f6r varje \u00e5r. Fliken\u00a0\"Sett\" fungerar precis\u2026","rel":"","context":"I \u201dVardagsliv\u201d","block_context":{"text":"Vardagsliv","link":"https:\/\/blogg.fumei.se\/?cat=47"},"img":{"alt_text":"","src":"","width":0,"height":0},"classes":[]},{"id":2857,"url":"https:\/\/blogg.fumei.se\/?p=2857","url_meta":{"origin":1221,"position":4},"title":"Dan f\u00f6re dan f\u00f6re&#8230;","author":"M :)","date":"2012-12-19","format":false,"excerpt":"\u00c4n \u00e4r det n\u00e5gra dagar kvar till jul, men vips s\u00e5 \u00e4r den h\u00e4r och lika vips \u00e4r den \u00f6ver. Jag har stressat \u00f6ver att jag skulle jobba s\u00e5 himla mycket f\u00f6re, mellan, under och efter jul och ny\u00e5rshelgerna att jag n\u00e4stan gl\u00f6mde att jag ju \u00e4r ledig i tre\u2026","rel":"","context":"I \u201dB\u00f6cker och l\u00e4sning\u201d","block_context":{"text":"B\u00f6cker och l\u00e4sning","link":"https:\/\/blogg.fumei.se\/?cat=29"},"img":{"alt_text":"reservationerdecember12","src":"https:\/\/i0.wp.com\/blogg.fumei.se\/wp-content\/uploads\/2012\/12\/reservationerdecember12-180x180.jpg?resize=350%2C200","width":350,"height":200},"classes":[]},{"id":5646,"url":"https:\/\/blogg.fumei.se\/?p=5646","url_meta":{"origin":1221,"position":5},"title":"Julsammanfattning","author":"M :)","date":"2023-12-27","format":false,"excerpt":"S\u00e5 har julen kommit och g\u00e5tt, med uppesittarkv\u00e4ll hos Melina, julafton hos oss med b\u00e5de Robin och sv\u00e4rmor och juldagsfirande i Skara med familjen Gull. Och s\u00e5 ett obligatoriskt bes\u00f6k till minneslunden f\u00f6r att t\u00e4nda ljus f\u00f6r mamma och pappa. Det k\u00e4nns bra att de b\u00e5da valde minneslundar, d\u00e5 beh\u00f6ver\u2026","rel":"","context":"I \u201dFamiljen\u201d","block_context":{"text":"Familjen","link":"https:\/\/blogg.fumei.se\/?cat=34"},"img":{"alt_text":"","src":"https:\/\/i0.wp.com\/blogg.fumei.se\/wp-content\/uploads\/2024\/01\/1DEA2A84-2F45-46DE-AF84-A24DF86CA13A_1_105_c.jpeg?resize=350%2C200","width":350,"height":200,"srcset":"https:\/\/i0.wp.com\/blogg.fumei.se\/wp-content\/uploads\/2024\/01\/1DEA2A84-2F45-46DE-AF84-A24DF86CA13A_1_105_c.jpeg?resize=350%2C200 1x, https:\/\/i0.wp.com\/blogg.fumei.se\/wp-content\/uploads\/2024\/01\/1DEA2A84-2F45-46DE-AF84-A24DF86CA13A_1_105_c.jpeg?resize=525%2C300 1.5x"},"classes":[]}],"_links":{"self":[{"href":"https:\/\/blogg.fumei.se\/index.php?rest_route=\/wp\/v2\/posts\/1221","targetHints":{"allow":["GET"]}}],"collection":[{"href":"https:\/\/blogg.fumei.se\/index.php?rest_route=\/wp\/v2\/posts"}],"about":[{"href":"https:\/\/blogg.fumei.se\/index.php?rest_route=\/wp\/v2\/types\/post"}],"author":[{"embeddable":true,"href":"https:\/\/blogg.fumei.se\/index.php?rest_route=\/wp\/v2\/users\/1"}],"replies":[{"embeddable":true,"href":"https:\/\/blogg.fumei.se\/index.php?rest_route=%2Fwp%2Fv2%2Fcomments&post=1221"}],"version-history":[{"count":0,"href":"https:\/\/blogg.fumei.se\/index.php?rest_route=\/wp\/v2\/posts\/1221\/revisions"}],"wp:attachment":[{"href":"https:\/\/blogg.fumei.se\/index.php?rest_route=%2Fwp%2Fv2%2Fmedia&parent=1221"}],"wp:term":[{"taxonomy":"category","embeddable":true,"href":"https:\/\/blogg.fumei.se\/index.php?rest_route=%2Fwp%2Fv2%2Fcategories&post=1221"},{"taxonomy":"post_tag","embeddable":true,"href":"https:\/\/blogg.fumei.se\/index.php?rest_route=%2Fwp%2Fv2%2Ftags&post=1221"}],"curies":[{"name":"wp","href":"https:\/\/api.w.org\/{rel}","templated":true}]}}