{"id":1223,"date":"2009-12-09T22:08:37","date_gmt":"2009-12-09T22:08:37","guid":{"rendered":"http:\/\/blogg.fumei.se\/?p=1223"},"modified":"2009-12-09T22:08:37","modified_gmt":"2009-12-09T22:08:37","slug":"tala-ar-silver-tiga-ar-guld","status":"publish","type":"post","link":"https:\/\/blogg.fumei.se\/?p=1223","title":{"rendered":"Tala \u00e4r silver, tiga \u00e4r guld?"},"content":{"rendered":"<div>Jag \u00e4r ingen butter m\u00e4nniska. Jag \u00e4r nog tv\u00e4rtom en ganska glad person, tycker inte om att folk tjurar och surar utan anledning, och f\u00f6rs\u00f6ker g\u00e4rna muntra upp de omkring mig som inte \u00e4r s\u00e5 glada.<br \/>Men ibland blir \u00e4ven jag less. Inte bara p\u00e5 min ekonomiska situation, eller p\u00e5 allt tjafs med en viss ung fr\u00f6ken och hennes fasoner. Nej, just nu \u00e4r jag mest less p\u00e5 folk som <em>tycker<\/em> s\u00e5 himla mycket. Missf\u00f6rst\u00e5 mig r\u00e4tt: <em>sj\u00e4lvklart<\/em> f\u00e5r folk tycka precis vad de vill, men m\u00e5ste andra beh\u00f6va bli ledsna eller deppiga f\u00f6r det? <\/p>\n<p>Ni som k\u00e4nner mig, vet ju att jag tr\u00e4ffade en kille (man) i somras. En inte-alls-svensk man. En inte-ens-boende-i-Sverige-man (eller just d\u00e5 var han ju det&#8230;). \u00c4nd\u00e5 fastnade vi f\u00f6r varandra s\u00e5 pass att vi efter en veckas bekantskap for iv\u00e4g p\u00e5 <a href=\"..\/..\/2009\/august\/ut-pa-aventyr-del-1.html\" target=\"_blank\">Helsingforskryssning<\/a>. Vi tycker inte mindre om varandra efter den <a href=\"..\/..\/2009\/august\/ut-pa-aventyr-del-2-eller-det-ska-fan-vara.html\" target=\"_blank\">kryssningen<\/a>, direkt.<br \/>Men, med min vanliga &#8221;tur&#8221;, s\u00e5 skulle han \u00e5ka hem till sitt eget land bara n\u00e5gra dagar efter kryssningen. Ett land som ligger sis\u00e5d\u00e4r en 950\u00a0mil ifr\u00e5n Sverige. Det \u00e4r knappast s\u00e5 att man \u00e5ker dit \u00f6ver en helg&#8230;<\/p>\n<p>Vi best\u00e4mde \u00e4nd\u00e5 att vi skulle h\u00e5lla kontakten. Efter n\u00e5gra samtal kom vi fram till att han, som inte har n\u00e5got som binder honom till hemlandet p\u00e5 samma s\u00e4tt som jag har mina barn (usch det d\u00e4r l\u00e4t fel, men ni fattar vad jag menar), ska komma hit till Sverige, till mig. Det verkade ju liksom enklast s\u00e5.<br \/>S\u00e5 vi tog reda p\u00e5 hur man ska g\u00e5 tillv\u00e4ga f\u00f6r att han ska kunna stanna s\u00e5 l\u00e4nge som m\u00f6jligt. Turistvisum g\u00e4ller tre m\u00e5nader, studentvisum f\u00e5r man bara om man har antagits till en utbildning fr\u00e5n hemlandet. S\u00e5 vi valde att anv\u00e4nda oss av alternativ nummer tre: <a href=\"http:\/\/www.migrationsverket.se\/info\/521.html\" target=\"_blank\">uppeh\u00e5llsr\u00e4tt med anledning av familjeanknytning<\/a>. <br \/>Det inneb\u00e4r att man s\u00f6ker uppeh\u00e5llsr\u00e4tt i Sverige i syfte att bilda familj med en i Sverige boende person, genom gifterm\u00e5l, samboende eller registrerat partnerskap. (Nej, vi ska inte gifta oss.)<\/p>\n<p>Alla papper fr\u00e5n hans sida \u00e4r inskickade och, som jag skrev <a href=\"..\/..\/2009\/december\/ett-steg-i-taget.html\" target=\"_blank\">i ett annat inl\u00e4gg<\/a>, s\u00e5 har han f\u00e5tt en tid f\u00f6r intervju p\u00e5 svenska ambassaden. De flesta jag k\u00e4nner \u00e4r glada f\u00f6r min skull, f\u00f6r att jag har tr\u00e4ffat en man och f\u00f6r att han \u00e4r villig att l\u00e4mna sitt land och f\u00f6rs\u00f6ka skapa ett liv tillsammans med mig h\u00e4r i Sverige.<\/p>\n<p>Sen finns det n\u00e5gra, en handfull m\u00e4nniskor, som bara m\u00e5ste s\u00e4ga precis vad de tycker utan att t\u00e4nka p\u00e5 vad de s\u00e4ger. S\u00e5 de senaste veckorna har jag f\u00e5tt kommentarer i stil med:<br \/>&#8221;Du borde v\u00e4l \u00e4nd\u00e5 kunna hitta dig en ordentlig svensk karl ist\u00e4llet f\u00f6r den d\u00e4r sydamerikanen?!&#8221; (FYI s\u00e5 ligger Costa Rica <em>inte<\/em> i Sydamerika&#8230;)<br \/>&#8221;Ska du sl\u00e4pa hit en utl\u00e4nning till, n\u00e4r det ser ut som det g\u00f6r i Sverige med alla utl\u00e4nningar redan?&#8221;<br \/>&#8221;S\u00e5 du drar hit en utl\u00e4nning som inte har n\u00e5n chans att f\u00e5 jobb pga finanskrisen och som ska leva p\u00e5 socialbidrag?&#8221;<br \/>&#8221;Han kommer g\u00f6ra dig p\u00e5 sm\u00e4llen och sen drar han, fattar du v\u00e4l!&#8221;<br \/>&#8221;Du kan ju inte vara riktigt redig du som vill ha hit honom och flytta ihop med honom efter att ni bara k\u00e4nt varandra s\u00e5 kort tid!&#8221;<br \/>&#8221;Du vet v\u00e4l att de \u00e4r knarklangare hela bunten d\u00e4r bortifr\u00e5n?&#8221;<\/p>\n<p>Inte s\u00e5 roliga kommentarer. Faktiskt snudd p\u00e5 rasistiska kommentarer, en del av dem. Jag vill bara sl\u00e5 n\u00e5got h\u00e5rt i huvudet p\u00e5 de som s\u00e4ger s\u00e5. men det g\u00f6r jag inte. Jag g\u00e5r d\u00e4rifr\u00e5n ist\u00e4llet, och visar inte dem att jag blir ledsen och s\u00e5rad, f\u00f6r det unnar jag dem inte. <br \/>Jag g\u00e5r ist\u00e4llet till de som \u00e4r glada f\u00f6r min skull, som h\u00e5ller tummarna f\u00f6r att allt ska g\u00e5 v\u00e4gen och att vi ska f\u00e5 vara tillsammans. Ni vet vilka ni \u00e4r. I love you! \u2665<\/p>\n<p>Men fr\u00e5gan kvarst\u00e5r: vad \u00e4r det som g\u00f6r att folk inte bara kan vara glada f\u00f6r en annan m\u00e4nniskas skull, utan m\u00e5ste hitta n\u00e5got att hacka p\u00e5? Stackars dem.<\/p>\n<p>S\u00e5d\u00e4r. Nu har jag f\u00e5tt skriva av mig lite. K\u00e4nns det b\u00e4ttre? Kanske&#8230;<\/p><\/div>\n","protected":false},"excerpt":{"rendered":"<p>Jag \u00e4r ingen butter m\u00e4nniska. Jag \u00e4r nog tv\u00e4rtom en ganska glad person, tycker inte om att folk tjurar och surar utan anledning, och f\u00f6rs\u00f6ker g\u00e4rna muntra upp de omkring mig som inte \u00e4r s\u00e5 glada.Men ibland blir \u00e4ven jag less. Inte bara p\u00e5 min ekonomiska situation, eller p\u00e5 allt tjafs med en viss ung&#8230;<\/p>\n","protected":false},"author":1,"featured_media":0,"comment_status":"open","ping_status":"open","sticky":false,"template":"","format":"standard","meta":{"jetpack_post_was_ever_published":false,"_jetpack_newsletter_access":"","_jetpack_dont_email_post_to_subs":false,"_jetpack_newsletter_tier_id":0,"_jetpack_memberships_contains_paywalled_content":false,"_jetpack_memberships_contains_paid_content":false,"footnotes":"","jetpack_publicize_message":"","jetpack_publicize_feature_enabled":true,"jetpack_social_post_already_shared":false,"jetpack_social_options":{"image_generator_settings":{"template":"highway","default_image_id":0,"font":"","enabled":false},"version":2}},"categories":[47],"tags":[],"class_list":["post-1223","post","type-post","status-publish","format-standard","hentry","category-vardagsliv"],"jetpack_publicize_connections":[],"jetpack_featured_media_url":"","jetpack_shortlink":"https:\/\/wp.me\/p3qko4-jJ","jetpack_sharing_enabled":true,"jetpack_likes_enabled":true,"jetpack-related-posts":[{"id":594,"url":"https:\/\/blogg.fumei.se\/?p=594","url_meta":{"origin":1223,"position":0},"title":"En regnig l\u00f6rdagkv\u00e4ll&#8230;","author":"M :)","date":"2008-10-26","format":false,"excerpt":"P\u00e5 t\u00e5get hem var det en tjej som bl\u00f6dde som en gris fr\u00e5n n\u00e4san. Hon hade f\u00e5tt en sm\u00e4ll av en kille som blev lite grinig p\u00e5 henne n\u00e4r hon valde att kleta sin kompis kr\u00e4kning p\u00e5 hans tr\u00f6ja ist\u00e4llet f\u00f6r att h\u00e4mta papper p\u00e5 toaletten eller n\u00e5t s\u00e5nt. S\u00e5\u2026","rel":"","context":"I \u201dVardagsliv\u201d","block_context":{"text":"Vardagsliv","link":"https:\/\/blogg.fumei.se\/?cat=47"},"img":{"alt_text":"","src":"","width":0,"height":0},"classes":[]},{"id":3346,"url":"https:\/\/blogg.fumei.se\/?p=3346","url_meta":{"origin":1223,"position":1},"title":"Fallens Dagar 2014","author":"M :)","date":"2014-07-20","format":false,"excerpt":"Det \u00e4r v\u00e4l mer tradition \u00e4n n\u00e5got annat som g\u00f6r att jag \u00e5ker till Trollh\u00e4ttan n\u00e5gon av fallen-dagarna nuf\u00f6rtiden, f\u00f6r s\u00e5d\u00e4r j\u00e4ttekul \u00e4r det inte att kn\u00f5 med en massa m\u00e4nniskor och leta halvt ihj\u00e4l sig efter sittplats n\u00e4r man vill \u00e4ta eller fika eller ta en \u00f6l. Inte heller\u2026","rel":"","context":"I \u201dVardagsliv\u201d","block_context":{"text":"Vardagsliv","link":"https:\/\/blogg.fumei.se\/?cat=47"},"img":{"alt_text":"","src":"https:\/\/i0.wp.com\/blogg.fumei.se\/wp-content\/uploads\/2014\/07\/20140719_183659.jpg?resize=350%2C200","width":350,"height":200,"srcset":"https:\/\/i0.wp.com\/blogg.fumei.se\/wp-content\/uploads\/2014\/07\/20140719_183659.jpg?resize=350%2C200 1x, https:\/\/i0.wp.com\/blogg.fumei.se\/wp-content\/uploads\/2014\/07\/20140719_183659.jpg?resize=525%2C300 1.5x"},"classes":[]},{"id":68,"url":"https:\/\/blogg.fumei.se\/?p=68","url_meta":{"origin":1223,"position":2},"title":"Filmrecension &#8211; Barnhemmet (The orphange)","author":"M :)","date":"2011-02-20","format":false,"excerpt":"\u00a0 Det kryllar av lovord om Guillermo Del Toro, mexikansk filmregiss\u00f6r\/producent\/manusf\u00f6rfattare. S\u00e5 till den milda grad att tom jag fallit f\u00f6r trycket och best\u00e4mt mig f\u00f6r att se hans filmer. Jag b\u00f6rjade med \"Barnhemmet\" (originaltitel: \"El Orfanato\"; engelsk titel: \"The orphanage\"). Ovanligt f\u00f6rresten att titeln f\u00e5r st\u00e5 kvar i svensk\u2026","rel":"","context":"I \u201dFilmer och TV\u201d","block_context":{"text":"Filmer och TV","link":"https:\/\/blogg.fumei.se\/?cat=43"},"img":{"alt_text":"","src":"","width":0,"height":0},"classes":[]},{"id":1035,"url":"https:\/\/blogg.fumei.se\/?p=1035","url_meta":{"origin":1223,"position":3},"title":"Tjejsnack vecka 26","author":"M :)","date":"2009-07-09","format":false,"excerpt":"Nu \u00e4r jag s\u00e5 d\u00e4r efter med Tjejsnacket igen! M\u00e5ste verkligen sk\u00e4rpa till mig...Vill du ocks\u00e5 vara med? Du hittar Tjejsnack h\u00e4r.Kungligt1. Vad tycker du att kungafamiljen g\u00f6r som \u00e4r bra?Egentligen tycker jag v\u00e4l inte att de g\u00f6r n\u00e5got som inte n\u00e5gon annan kunde g\u00f6ra ist\u00e4llet.2. Vad tycker du om\u2026","rel":"","context":"I \u201dVardagsliv\u201d","block_context":{"text":"Vardagsliv","link":"https:\/\/blogg.fumei.se\/?cat=47"},"img":{"alt_text":"","src":"","width":0,"height":0},"classes":[]},{"id":782,"url":"https:\/\/blogg.fumei.se\/?p=782","url_meta":{"origin":1223,"position":4},"title":"Bokenk\u00e4t #1","author":"M :)","date":"2009-01-28","format":false,"excerpt":"Snott fr\u00e5n Kerstin, som snott fr\u00e5n Bokhora:1. Vilka f\u00f6rfattare k\u00f6per du alltid i inbundet (dvs, snabbt efter boken kommit ut)? F\u00f6rr k\u00f6pte jag alltid inbundet, sen uppt\u00e4ckte jag att det \u00e4r mycket roligare att l\u00e4sa p\u00e5 engelska, s\u00e5 nu blir det v\u00e4ldigt s\u00e4llan inbundet.2. Vilka f\u00f6rfattare har du flest b\u00f6cker\u2026","rel":"","context":"I \u201dVardagsliv\u201d","block_context":{"text":"Vardagsliv","link":"https:\/\/blogg.fumei.se\/?cat=47"},"img":{"alt_text":"","src":"","width":0,"height":0},"classes":[]},{"id":3108,"url":"https:\/\/blogg.fumei.se\/?p=3108","url_meta":{"origin":1223,"position":5},"title":"Nyhetstorka tv\u00e4rtom","author":"M :)","date":"2013-08-06","format":false,"excerpt":"Ig\u00e5r lyckades jag med konststycket att f\u00e5 ton\u00e5rssonen ut ur huset! Vi gick p\u00e5 bio och s\u00e5g Wolverine, och den var bra och vi hade det trevligt ett par timmar, men det var inte vad det h\u00e4r inl\u00e4gget skulle handla om. Ist\u00e4llet funderar jag en del \u00f6ver det som intr\u00e4ffade\u2026","rel":"","context":"I \u201dVardagsliv\u201d","block_context":{"text":"Vardagsliv","link":"https:\/\/blogg.fumei.se\/?cat=47"},"img":{"alt_text":"","src":"","width":0,"height":0},"classes":[]}],"_links":{"self":[{"href":"https:\/\/blogg.fumei.se\/index.php?rest_route=\/wp\/v2\/posts\/1223","targetHints":{"allow":["GET"]}}],"collection":[{"href":"https:\/\/blogg.fumei.se\/index.php?rest_route=\/wp\/v2\/posts"}],"about":[{"href":"https:\/\/blogg.fumei.se\/index.php?rest_route=\/wp\/v2\/types\/post"}],"author":[{"embeddable":true,"href":"https:\/\/blogg.fumei.se\/index.php?rest_route=\/wp\/v2\/users\/1"}],"replies":[{"embeddable":true,"href":"https:\/\/blogg.fumei.se\/index.php?rest_route=%2Fwp%2Fv2%2Fcomments&post=1223"}],"version-history":[{"count":0,"href":"https:\/\/blogg.fumei.se\/index.php?rest_route=\/wp\/v2\/posts\/1223\/revisions"}],"wp:attachment":[{"href":"https:\/\/blogg.fumei.se\/index.php?rest_route=%2Fwp%2Fv2%2Fmedia&parent=1223"}],"wp:term":[{"taxonomy":"category","embeddable":true,"href":"https:\/\/blogg.fumei.se\/index.php?rest_route=%2Fwp%2Fv2%2Fcategories&post=1223"},{"taxonomy":"post_tag","embeddable":true,"href":"https:\/\/blogg.fumei.se\/index.php?rest_route=%2Fwp%2Fv2%2Ftags&post=1223"}],"curies":[{"name":"wp","href":"https:\/\/api.w.org\/{rel}","templated":true}]}}