{"id":1226,"date":"2009-12-06T23:23:22","date_gmt":"2009-12-06T23:23:22","guid":{"rendered":"http:\/\/blogg.fumei.se\/?p=1226"},"modified":"2024-03-24T13:06:00","modified_gmt":"2024-03-24T12:06:00","slug":"happy-andra-advent","status":"publish","type":"post","link":"https:\/\/blogg.fumei.se\/?p=1226","title":{"rendered":"Happy andra advent!"},"content":{"rendered":"<p>Idag \u00e4r det 17 dagar kvar till julafton. Fortsatt sn\u00f6fritt, men fortsatt bl\u00f6tt. trist. Det \u00e4r nu man vill att sn\u00f6n ska b\u00f6rja falla s\u00e5 man hinner komma i julst\u00e4mning. Jul utan sn\u00f6 k\u00e4nns inte riktigt som jul, om jag f\u00e5r s\u00e4ga vad jag tycker.<br \/>\nHar inte t\u00e4nt andra ljuset h\u00e4r hemma idag, det f\u00e5r skjutas upp till imorgon. Det kom annat i v\u00e4gen f\u00f6r k\u00f6ksbordsmiddag och t\u00e4nda ljus idag.<\/p>\n<p>Jag slutade 14.30 idag och var s\u00e5 tr\u00f6tt, s\u00e5 jag hoppade \u00f6ver gl\u00f6ggmingel hemma hos Cilla, (\u00e4ven om det s\u00e4kerligen hade varit himla trevligt!) och skyndade ist\u00e4llet iv\u00e4g till t\u00e5get. Det var hur mycket folk som helst, precis som alla andra s\u00f6ndagar. Alla m\u00e4nniskor som varit i Gbg och handlat och alla studenter som ska tillbaka tll J\u00f6nk\u00f6ping eller Sk\u00f6vde \u00e5ker med det t\u00e5get. Men jag hade tur och lyckades f\u00e5 en sittplats som ingen f\u00f6ste bort mig ifr\u00e5n med platsbokad biljett. Tr\u00f6tt som jag var s\u00e5 pluggade jag lurarna i \u00f6ronen, st\u00e4llde mobilens larm p\u00e5 n\u00e5gra minuter innan ETA, tog fram mitt f\u00e4rdbevis och lutade mig tillbaka f\u00f6r en liten tupplur. Vaknar till efter ca 30 minuter, och ser att vi st\u00e5r stilla i Lerum. Mellan tv\u00e5 l\u00e5tar h\u00f6r jag att t\u00e5gv\u00e4rden s\u00e4ger n\u00e5got i h\u00f6gtalaren , men missar naturligtvis hela meddelandet. Jag fattar bara att vi st\u00e5r stilla av n\u00e5gon anledning, och att vi gjort det en bra stund. Strax d\u00e4refter startar t\u00e5get igen, och n\u00e4r vi rullar in mot Alings\u00e5s f\u00e5r vi veta, via h\u00f6gtalarna, att vi m\u00e5ste g\u00e5 av t\u00e5get och inv\u00e4nta ers\u00e4ttningsbussar som ska ta oss till v\u00e5ra respektive stationer, s\u00e5 l\u00e5ngt som till Falk\u00f6ping, d\u00e4r anslutande t\u00e5g g\u00e5r som vanligt ifr\u00e5n.<br \/>\nJag lyckas luska ut att allt detta beror p\u00e5 en nedfallen elledning mellan Alings\u00e5s och V\u00e5rg\u00e5rda.<br \/>\nAlla tv\u00e5 miljoner personer som var med p\u00e5 t\u00e5get rusar nu mot de tre (!) bussar som st\u00e5r och v\u00e4ntar p\u00e5 oss. Det sa ju bara schwopp s\u00e5 var de bussarna fulla. Hur t\u00e4nkte SJ d\u00e4r? Efter ett tag kom ett par bussar till, men de r\u00e4ckte inte heller till, s\u00e5 vi som v\u00e4ntat l\u00e4ngst hade st\u00e5tt d\u00e4r i 35 minuter n\u00e4r vi \u00e4ntligen kom iv\u00e4g. Inte s\u00e5 l\u00e4nge med SJ-m\u00e5tt, men d\u00e5 kan man t\u00e4nka p\u00e5 att jag skulle varit hemma kl 16, och vi kom iv\u00e4g med bussen 17.05.<br \/>\nJag var ganska noga med att kolla upp med f\u00f6raren att han verkligen skulle stanna till i Floby, eftersom vi ju inte brukar vara s\u00e5 m\u00e5nga som g\u00e5r av d\u00e4r, och det &#8221;lustiga&#8221; var att ingen gick av i varken V\u00e5rg\u00e5rda eller Herrljunga, s\u00e5 en karl st\u00e4llde sig upp och fr\u00e5gade om det var n\u00e5gon som skulle n\u00e5gon annanstans \u00e4n direkt till Falk\u00f6ping. Det skulle jag ju, s\u00e5 n\u00e5gra muttrade lite \u00f6ver att endast en person skulle f\u00e5 en stor buss att k\u00f6ra in i det lilla samh\u00e4llet. Men de hade ju kunnat betala min taxi annars, inte mig emot&#8230;<\/p>\n<p>I vilket fall som helst och efter m\u00e5nga om och men kom jag \u00e4ntligen hem. D\u00e5 var jag \u00e5ksjuk efter bussresan, s\u00e5 Robin fick koka makaroner och v\u00e4rma k\u00f6ttf\u00e4rss\u00e5s och \u00e4ta ensam. men vi b\u00e4nkade oss i soffan efter en stund och s\u00e5g p\u00e5 film ist\u00e4llet. Inte f\u00f6r att den var s\u00e5 bra, men nu har vi sett den och den kan nu raderas fr\u00e5n h\u00e5rddisken utan saknad. Watchmen rekommenderas inte!<\/p>\n<p>N\u00e4r jag kopplade bort laptopen fr\u00e5n tv:n s\u00e5g jag att J hade varit inne p\u00e5 MSN (MSN visar ju att man \u00e4r upptagen om\u00a0filmprogram \u00e4r ig\u00e5ng, och om man har status upptagen h\u00f6r man ju inte &#8221;plinget&#8221; n\u00e4r n\u00e5gon skriver till en) men han hade inte loggat ut s\u00e5 det blev en liten &#8221;pratstund&#8221;.<br \/>\nSen diskuterade jag \u00f6nskelistor och l\u00e4xor och prov med barnen innan de gick och kn\u00f6t sig. Och nu t\u00e4nker jag ocks\u00e5 g\u00f6ra det.<\/p>\n","protected":false},"excerpt":{"rendered":"<p>Idag \u00e4r det 17 dagar kvar till julafton. Fortsatt sn\u00f6fritt, men fortsatt bl\u00f6tt. trist. Det \u00e4r nu man vill att sn\u00f6n ska b\u00f6rja falla s\u00e5 man hinner komma i julst\u00e4mning. Jul utan sn\u00f6 k\u00e4nns inte riktigt som jul, om jag f\u00e5r s\u00e4ga vad jag tycker. Har inte t\u00e4nt andra ljuset h\u00e4r hemma idag, det f\u00e5r&#8230;<\/p>\n","protected":false},"author":1,"featured_media":0,"comment_status":"open","ping_status":"open","sticky":false,"template":"","format":"standard","meta":{"jetpack_post_was_ever_published":false,"_jetpack_newsletter_access":"","_jetpack_dont_email_post_to_subs":false,"_jetpack_newsletter_tier_id":0,"_jetpack_memberships_contains_paywalled_content":false,"_jetpack_memberships_contains_paid_content":false,"footnotes":"","jetpack_publicize_message":"","jetpack_publicize_feature_enabled":true,"jetpack_social_post_already_shared":false,"jetpack_social_options":{"image_generator_settings":{"template":"highway","default_image_id":0,"font":"","enabled":false},"version":2}},"categories":[47],"tags":[],"class_list":["post-1226","post","type-post","status-publish","format-standard","hentry","category-vardagsliv"],"jetpack_publicize_connections":[],"jetpack_featured_media_url":"","jetpack_shortlink":"https:\/\/wp.me\/p3qko4-jM","jetpack_sharing_enabled":true,"jetpack_likes_enabled":true,"jetpack-related-posts":[{"id":1212,"url":"https:\/\/blogg.fumei.se\/?p=1212","url_meta":{"origin":1226,"position":0},"title":"Whoa!","author":"M :)","date":"2009-12-17","format":false,"excerpt":"Kan man v\u00e4l s\u00e4ga. Hur l\u00e4nge har vi g\u00e5tt omkring och sagt att vi vill slippa regnet? Att vi vill ha riktig vinter med sn\u00f6? Nu har vi f\u00e5tt det. Och det verkar forts\u00e4tta ett tag till. Sn\u00f6ndet, allts\u00e5. Idag n\u00e4r jag for till Gbg med 16-t\u00e5get l\u00e5g det ca\u2026","rel":"","context":"I \u201dVardagsliv\u201d","block_context":{"text":"Vardagsliv","link":"https:\/\/blogg.fumei.se\/?cat=47"},"img":{"alt_text":"","src":"","width":0,"height":0},"classes":[]},{"id":715,"url":"https:\/\/blogg.fumei.se\/?p=715","url_meta":{"origin":1226,"position":1},"title":"Snart \u00e4r glada julen slut, slut, slut&#8230;","author":"M :)","date":"2008-12-26","format":false,"excerpt":"...bara n\u00e5gra f\u00e5 timmar kvar av sj\u00e4lva julen. Men det g\u00f6r inget, jag brukar oftast vara tr\u00f6tt p\u00e5 julen redan innan den b\u00f6rjat. Mest f\u00f6r att det \u00e4r s\u00e5nt tjat och s\u00e5n hysteri kring allting som har med julen att g\u00f6ra, helst i flera m\u00e5nader i f\u00f6rv\u00e4g. Snart \u00e4r det\u2026","rel":"","context":"I \u201dVardagsliv\u201d","block_context":{"text":"Vardagsliv","link":"https:\/\/blogg.fumei.se\/?cat=47"},"img":{"alt_text":"","src":"","width":0,"height":0},"classes":[]},{"id":46,"url":"https:\/\/blogg.fumei.se\/?p=46","url_meta":{"origin":1226,"position":2},"title":"Ibland undrar man&#8230;","author":"M :)","date":"2011-05-05","format":false,"excerpt":"Som vanligt idag efter jobbet, var\u00a0det massor med folk som skulle med samma t\u00e5g som jag kl 17.07 fr\u00e5n Gbg. S\u00e5 knastrar det till i h\u00f6gtalarna och det kommer inte bara ett, utan tre meddelanden om f\u00f6rseningar och inst\u00e4llda t\u00e5g. F\u00f6r det f\u00f6rsta skulle mitt t\u00e5g bli f\u00f6rsenat \u00e5ga v\u00e4xelfel\u2026","rel":"","context":"I \u201dVardagsliv\u201d","block_context":{"text":"Vardagsliv","link":"https:\/\/blogg.fumei.se\/?cat=47"},"img":{"alt_text":"","src":"https:\/\/i0.wp.com\/blogg.fumei.se\/wp-content\/uploads\/2011\/05\/201105042745-300x224.jpg?resize=350%2C200","width":350,"height":200},"classes":[]},{"id":757,"url":"https:\/\/blogg.fumei.se\/?p=757","url_meta":{"origin":1226,"position":3},"title":"Andra advent","author":"M :)","date":"2008-12-07","format":false,"excerpt":"\u00e4r det idag, och idag fick jag i alla fall n\u00e5gon slags adventfika. F\u00f6rra veckan blev det inget s\u00e5nt, men idag kom mor och far hit en sv\u00e4ng n\u00e4r jag kom hem fr\u00e5n jobbet, och de hade lussebullar med sig. Gott! Jag skrev inget i bloggen ig\u00e5r, f\u00f6r det var\u2026","rel":"","context":"I \u201dVardagsliv\u201d","block_context":{"text":"Vardagsliv","link":"https:\/\/blogg.fumei.se\/?cat=47"},"img":{"alt_text":"","src":"","width":0,"height":0},"classes":[]},{"id":315,"url":"https:\/\/blogg.fumei.se\/?p=315","url_meta":{"origin":1226,"position":4},"title":"Men l\u00e4gg av&#8230;","author":"M :)","date":"2010-01-27","format":false,"excerpt":"Mera sn\u00f6. Sn\u00f6 p\u00e5 tv\u00e4ren, sn\u00f6 p\u00e5 l\u00e4ngden, sn\u00f6 i stora h\u00f6gar och drivor, sn\u00f6 \u00f6verallt. Inte \u00e4r det n\u00e5gon som skottar eller plogar som de ska heller, s\u00e5 det \u00e4r sn\u00f6 \u00f6verallt d\u00e4r man m\u00e5ste g\u00e5, och stora vallar att ta sig \u00f6ver n\u00e4r man ska \u00f6ver n\u00e5n gata.\u2026","rel":"","context":"I \u201dVardagsliv\u201d","block_context":{"text":"Vardagsliv","link":"https:\/\/blogg.fumei.se\/?cat=47"},"img":{"alt_text":"","src":"","width":0,"height":0},"classes":[]},{"id":2032,"url":"https:\/\/blogg.fumei.se\/?p=2032","url_meta":{"origin":1226,"position":5},"title":"Ho-hoo!","author":"M :)","date":"2012-01-08","format":false,"excerpt":"Det ekar tomt i garderob och l\u00e5dor hos Robin efter att jag rensade ut allt som inte passade idag. Nu h\u00e4nger det 5 plagg i garderoben och l\u00e5dorna som f\u00f6rut var proppfulla, g\u00e5r faktiskt att st\u00e4nga! Men i och med att en massa kl\u00e4der \"f\u00f6rsvann\", s\u00e5 inser jag ju samtidigt\u2026","rel":"","context":"I \u201dHemmet\u201d","block_context":{"text":"Hemmet","link":"https:\/\/blogg.fumei.se\/?cat=31"},"img":{"alt_text":"","src":"","width":0,"height":0},"classes":[]}],"_links":{"self":[{"href":"https:\/\/blogg.fumei.se\/index.php?rest_route=\/wp\/v2\/posts\/1226","targetHints":{"allow":["GET"]}}],"collection":[{"href":"https:\/\/blogg.fumei.se\/index.php?rest_route=\/wp\/v2\/posts"}],"about":[{"href":"https:\/\/blogg.fumei.se\/index.php?rest_route=\/wp\/v2\/types\/post"}],"author":[{"embeddable":true,"href":"https:\/\/blogg.fumei.se\/index.php?rest_route=\/wp\/v2\/users\/1"}],"replies":[{"embeddable":true,"href":"https:\/\/blogg.fumei.se\/index.php?rest_route=%2Fwp%2Fv2%2Fcomments&post=1226"}],"version-history":[{"count":1,"href":"https:\/\/blogg.fumei.se\/index.php?rest_route=\/wp\/v2\/posts\/1226\/revisions"}],"predecessor-version":[{"id":6658,"href":"https:\/\/blogg.fumei.se\/index.php?rest_route=\/wp\/v2\/posts\/1226\/revisions\/6658"}],"wp:attachment":[{"href":"https:\/\/blogg.fumei.se\/index.php?rest_route=%2Fwp%2Fv2%2Fmedia&parent=1226"}],"wp:term":[{"taxonomy":"category","embeddable":true,"href":"https:\/\/blogg.fumei.se\/index.php?rest_route=%2Fwp%2Fv2%2Fcategories&post=1226"},{"taxonomy":"post_tag","embeddable":true,"href":"https:\/\/blogg.fumei.se\/index.php?rest_route=%2Fwp%2Fv2%2Ftags&post=1226"}],"curies":[{"name":"wp","href":"https:\/\/api.w.org\/{rel}","templated":true}]}}