{"id":1227,"date":"2009-12-03T18:15:46","date_gmt":"2009-12-03T18:15:46","guid":{"rendered":"http:\/\/blogg.fumei.se\/?p=1227"},"modified":"2009-12-03T18:15:46","modified_gmt":"2009-12-03T18:15:46","slug":"fototriss","status":"publish","type":"post","link":"https:\/\/blogg.fumei.se\/?p=1227","title":{"rendered":"Fototriss"},"content":{"rendered":"<p>Nr 1 f\u00f6r min del, nr 73 f\u00f6r <a href=\"http:\/\/fototriss.blogspot.com\/2009\/11\/fototriss-del-73-bokstaver.html\" target=\"_blank\">Helenas fototriss-blogg<\/a>.<br \/>Veckans tema \u00e4r <em>bokst\u00e4ver<\/em>.<\/p>\n<div style=\"text-align: center;\"><img data-recalc-dims=\"1\" decoding=\"async\" class=\"image\" src=\"https:\/\/i0.wp.com\/emeff.blogg.se\/\/images\/2009\/200912031281_63338586.jpg?w=640\" alt=\"\" \/><br \/>G\u00e4ngliga bokst\u00e4ver ristade i frosten p\u00e5 en busskur.<\/p>\n<p><img data-recalc-dims=\"1\" decoding=\"async\" class=\"image\" src=\"https:\/\/i0.wp.com\/emeff.blogg.se\/\/images\/2009\/200912031283_63338794.jpg?w=640\" alt=\"\" \/><br \/>F\u00f6r-l\u00e4nge-sedan-bokst\u00e4ver p\u00e5 ett hus.<\/p>\n<p><img data-recalc-dims=\"1\" decoding=\"async\" class=\"image\" src=\"https:\/\/i0.wp.com\/emeff.blogg.se\/\/images\/2009\/200912031285_63338986.jpg?w=640\" alt=\"\" \/><br \/>U-sv\u00e4ng till\u00e5ten? Stolpad bokstav vid t\u00e5gstationen.<\/div>\n","protected":false},"excerpt":{"rendered":"<p>Nr 1 f\u00f6r min del, nr 73 f\u00f6r Helenas fototriss-blogg.Veckans tema \u00e4r bokst\u00e4ver. G\u00e4ngliga bokst\u00e4ver ristade i frosten p\u00e5 en busskur. F\u00f6r-l\u00e4nge-sedan-bokst\u00e4ver p\u00e5 ett hus. U-sv\u00e4ng till\u00e5ten? Stolpad bokstav vid t\u00e5gstationen.<\/p>\n","protected":false},"author":1,"featured_media":0,"comment_status":"open","ping_status":"open","sticky":false,"template":"","format":"standard","meta":{"jetpack_post_was_ever_published":false,"_jetpack_newsletter_access":"","_jetpack_dont_email_post_to_subs":false,"_jetpack_newsletter_tier_id":0,"_jetpack_memberships_contains_paywalled_content":false,"_jetpack_memberships_contains_paid_content":false,"footnotes":"","jetpack_publicize_message":"","jetpack_publicize_feature_enabled":true,"jetpack_social_post_already_shared":false,"jetpack_social_options":{"image_generator_settings":{"template":"highway","default_image_id":0,"font":"","enabled":false},"version":2}},"categories":[47],"tags":[],"class_list":["post-1227","post","type-post","status-publish","format-standard","hentry","category-vardagsliv"],"jetpack_publicize_connections":[],"jetpack_featured_media_url":"","jetpack_shortlink":"https:\/\/wp.me\/p3qko4-jN","jetpack_sharing_enabled":true,"jetpack_likes_enabled":true,"jetpack-related-posts":[{"id":3529,"url":"https:\/\/blogg.fumei.se\/?p=3529","url_meta":{"origin":1227,"position":0},"title":"Fototriss nr 5, 2015","author":"M :)","date":"2015-02-26","format":false,"excerpt":"Helena ger ett nytt \u00e4mne varje l\u00f6rdag, och s\u00e5 fotar man och postar. Enkelt och kul! Veckans \u00e4mne var \"se upp\". Kan tolkas p\u00e5 m\u00e5nga s\u00e4tt. Jag valde det bokstavligen, och s\u00e5g m\u00e5nga vackra gamla hus p\u00e5 min promenad genom Haga i G\u00f6teborg idag. och s\u00e5 bjuder jag p\u00e5 en\u2026","rel":"","context":"I \u201dVardagsliv\u201d","block_context":{"text":"Vardagsliv","link":"https:\/\/blogg.fumei.se\/?cat=47"},"img":{"alt_text":"","src":"","width":0,"height":0},"classes":[]},{"id":1231,"url":"https:\/\/blogg.fumei.se\/?p=1231","url_meta":{"origin":1227,"position":1},"title":"Fototriss &#8211; Randigt","author":"M :)","date":"2010-01-20","format":false,"excerpt":"Som jag letade efter bra motiv de f\u00f6rsta dagarna den h\u00e4r veckan! Och s\u00e5 fanns de rakt under n\u00e4san p\u00e5 mig. Bokstavligt talat! Se sj\u00e4lva, p\u00e5 den h\u00e4r bilden: Jag tittade ner, och uppt\u00e4ckte att min pyjamastr\u00f6ja \u00e4r ju randig!S\u00e5 h\u00e4r ser den ut fr\u00e5n mitt h\u00e5ll hi hiBredvid datorn\u2026","rel":"","context":"I \u201dVardagsliv\u201d","block_context":{"text":"Vardagsliv","link":"https:\/\/blogg.fumei.se\/?cat=47"},"img":{"alt_text":"","src":"","width":0,"height":0},"classes":[]},{"id":1915,"url":"https:\/\/blogg.fumei.se\/?p=1915","url_meta":{"origin":1227,"position":2},"title":"Dagens anstr\u00e4ngning 1","author":"M :)","date":"2011-12-26","format":false,"excerpt":"Inte s\u00e5 anstr\u00e4ngande \u00e4nd\u00e5. Scrappade ihop ett litet tack-kort till lilla moster, som inte kunde vara hos oss i jul eftersom hon befinner sig p\u00e5 HIA p\u00e5 KSS. Men hon hade l\u00e4mnat julklappar \u00e5t oss, och eftersom vi \u00e4r b\u00e5de sn\u00e4lla och v\u00e4luppfostrade, s\u00e5 tackar vi sn\u00e4llt, och eftersom jag\u2026","rel":"","context":"I \u201dFamiljen\u201d","block_context":{"text":"Familjen","link":"https:\/\/blogg.fumei.se\/?cat=34"},"img":{"alt_text":"","src":"https:\/\/i0.wp.com\/blogg.fumei.se\/wp-content\/uploads\/2011\/12\/2011-12-26-11.26.24-300x225.jpg?resize=350%2C200","width":350,"height":200},"classes":[]},{"id":3550,"url":"https:\/\/blogg.fumei.se\/?p=3550","url_meta":{"origin":1227,"position":3},"title":"Fototriss nr 6","author":"M :)","date":"2015-03-14","format":false,"excerpt":"Helena ger ett nytt \u00e4mne varje l\u00f6rdag, och s\u00e5 fotar man och postar. Enkelt och kul! Veckans \u00e4mne var \"motljus\". H\u00e4romdagen n\u00e4r jag skulle ge mig ut p\u00e5 min dagliga promenad k\u00e4nde jag inte f\u00f6r att bara traska runt i n\u00e4romr\u00e5det som vanligt, s\u00e5 jag tog sp\u00e5rvagnen till andra \u00e4nden\u2026","rel":"","context":"I \u201dVardagsliv\u201d","block_context":{"text":"Vardagsliv","link":"https:\/\/blogg.fumei.se\/?cat=47"},"img":{"alt_text":"kartaklippan","src":"https:\/\/i0.wp.com\/blogg.fumei.se\/wp-content\/uploads\/2015\/03\/kartaklippan-300x250.jpg?resize=350%2C200","width":350,"height":200},"classes":[]},{"id":81,"url":"https:\/\/blogg.fumei.se\/?p=81","url_meta":{"origin":1227,"position":4},"title":"30 dagar i b\u00f6cker &#8211; Dag 8","author":"M :)","date":"2011-02-11","format":false,"excerpt":"Day 08 \u2013 Most overrated book Rent spontant s\u00e4ger jag Bibeln. T\u00e4nk att en bok som skrevs f\u00f6r mellan 3500 \u00e5r sedan (gamla testamentet) och 2000 \u00e5r sedan (nya testamentet) har ett s\u00e5dant enorm inflytande p\u00e5 kultur, religion och samh\u00e4lle \u00e4nnu idag.Jag \u00e4r inte s\u00e4rskilt troende, jag hade som de\u2026","rel":"","context":"I \u201dVardagsliv\u201d","block_context":{"text":"Vardagsliv","link":"https:\/\/blogg.fumei.se\/?cat=47"},"img":{"alt_text":"","src":"","width":0,"height":0},"classes":[]},{"id":1100,"url":"https:\/\/blogg.fumei.se\/?p=1100","url_meta":{"origin":1227,"position":5},"title":"Det f\u00e5r bli en lista","author":"M :)","date":"2009-09-20","format":false,"excerpt":"f\u00f6r att bota rastl\u00f6sheten. Allting ska b\u00f6rja p\u00e5 samma bokstav som ditt namn b\u00f6rjar p\u00e5. Here goes: Mat: Makaronil\u00e5daTecknad seriefigur: Musse (Pigg) Aff\u00e4r: Mor & Liten Stad: Malm\u00f6 M\u00e4rke: Maybelline Adjektiv: Mjuk Efternamn: Magnusson K\u00e4ndis: Marisa Tomei Verb: Mysa TV-program: Morden\u00a0i Midsomer Hemsida: MySpace.comBok: M is for MagicDisneyfilm: Micke och\u2026","rel":"","context":"I \u201dVardagsliv\u201d","block_context":{"text":"Vardagsliv","link":"https:\/\/blogg.fumei.se\/?cat=47"},"img":{"alt_text":"","src":"","width":0,"height":0},"classes":[]}],"_links":{"self":[{"href":"https:\/\/blogg.fumei.se\/index.php?rest_route=\/wp\/v2\/posts\/1227","targetHints":{"allow":["GET"]}}],"collection":[{"href":"https:\/\/blogg.fumei.se\/index.php?rest_route=\/wp\/v2\/posts"}],"about":[{"href":"https:\/\/blogg.fumei.se\/index.php?rest_route=\/wp\/v2\/types\/post"}],"author":[{"embeddable":true,"href":"https:\/\/blogg.fumei.se\/index.php?rest_route=\/wp\/v2\/users\/1"}],"replies":[{"embeddable":true,"href":"https:\/\/blogg.fumei.se\/index.php?rest_route=%2Fwp%2Fv2%2Fcomments&post=1227"}],"version-history":[{"count":0,"href":"https:\/\/blogg.fumei.se\/index.php?rest_route=\/wp\/v2\/posts\/1227\/revisions"}],"wp:attachment":[{"href":"https:\/\/blogg.fumei.se\/index.php?rest_route=%2Fwp%2Fv2%2Fmedia&parent=1227"}],"wp:term":[{"taxonomy":"category","embeddable":true,"href":"https:\/\/blogg.fumei.se\/index.php?rest_route=%2Fwp%2Fv2%2Fcategories&post=1227"},{"taxonomy":"post_tag","embeddable":true,"href":"https:\/\/blogg.fumei.se\/index.php?rest_route=%2Fwp%2Fv2%2Ftags&post=1227"}],"curies":[{"name":"wp","href":"https:\/\/api.w.org\/{rel}","templated":true}]}}