{"id":1228,"date":"2009-12-02T21:15:30","date_gmt":"2009-12-02T21:15:30","guid":{"rendered":"http:\/\/blogg.fumei.se\/?p=1228"},"modified":"2009-12-02T21:15:30","modified_gmt":"2009-12-02T21:15:30","slug":"jaha-det-var-det-roliga-den-har-manaden","status":"publish","type":"post","link":"https:\/\/blogg.fumei.se\/?p=1228","title":{"rendered":"Jaha&#8230;det var det roliga den h\u00e4r m\u00e5naden&#8230;"},"content":{"rendered":"<p>R\u00e4kningarna betalda och frysen och sk\u00e5pen laddade. Jag \u00e4r pank igen. F\u00f6r att vara helt \u00e4rlig \u00e4r jag s\u00e5 pank nu att jag rimligtvis borde ligga p\u00e5 minus. Och jag \u00e4r officiellt L E S S p\u00e5 det h\u00e4r nu!!<\/p>\n<p style=\"text-align: center;\"><img data-recalc-dims=\"1\" decoding=\"async\" class=\"image\" src=\"https:\/\/i0.wp.com\/emeff.blogg.se\/\/images\/2009\/broke_63249805.jpg?w=640\" alt=\"\" \/><\/p>\n","protected":false},"excerpt":{"rendered":"<p>R\u00e4kningarna betalda och frysen och sk\u00e5pen laddade. Jag \u00e4r pank igen. F\u00f6r att vara helt \u00e4rlig \u00e4r jag s\u00e5 pank nu att jag rimligtvis borde ligga p\u00e5 minus. Och jag \u00e4r officiellt L E S S p\u00e5 det h\u00e4r nu!!<\/p>\n","protected":false},"author":1,"featured_media":0,"comment_status":"open","ping_status":"open","sticky":false,"template":"","format":"standard","meta":{"jetpack_post_was_ever_published":false,"_jetpack_newsletter_access":"","_jetpack_dont_email_post_to_subs":false,"_jetpack_newsletter_tier_id":0,"_jetpack_memberships_contains_paywalled_content":false,"_jetpack_memberships_contains_paid_content":false,"footnotes":"","jetpack_publicize_message":"","jetpack_publicize_feature_enabled":true,"jetpack_social_post_already_shared":false,"jetpack_social_options":{"image_generator_settings":{"template":"highway","default_image_id":0,"font":"","enabled":false},"version":2}},"categories":[47],"tags":[],"class_list":["post-1228","post","type-post","status-publish","format-standard","hentry","category-vardagsliv"],"jetpack_publicize_connections":[],"jetpack_featured_media_url":"","jetpack_shortlink":"https:\/\/wp.me\/p3qko4-jO","jetpack_sharing_enabled":true,"jetpack_likes_enabled":true,"jetpack-related-posts":[{"id":806,"url":"https:\/\/blogg.fumei.se\/?p=806","url_meta":{"origin":1228,"position":0},"title":"F\u00f6delsedagsfirande","author":"M :)","date":"2009-01-18","format":false,"excerpt":"Ig\u00e5r fyllde jag som bekant \u00e5r. Nu \u00e4r jag 39. En kompis kallar mig tant, andra fr\u00e5gar hur det k\u00e4nns att snart bli 40. Vad\u00e5? No big deal, det k\u00e4nns ungef\u00e4r som alla andra dagar, tr\u00f6tt och h\u00e4ngig och pank haha. Aprop\u00e5 pank, s\u00e5 hade jag inte planerat n\u00e5got f\u00f6r\u2026","rel":"","context":"I \u201dVardagsliv\u201d","block_context":{"text":"Vardagsliv","link":"https:\/\/blogg.fumei.se\/?cat=47"},"img":{"alt_text":"","src":"","width":0,"height":0},"classes":[]},{"id":813,"url":"https:\/\/blogg.fumei.se\/?p=813","url_meta":{"origin":1228,"position":1},"title":"F\u00f6delsedagspresent","author":"M :)","date":"2009-01-14","format":false,"excerpt":"fick jag idag n\u00e4r jag kom till jobbet. Sn\u00e4lla Magda hade k\u00f6pt ett presentkort p\u00e5 SF. Egentligen ville hon nog k\u00f6pa en parfym \u00e5t mig, men jag sa att jag skulle v\u00e4gra ta emot den, s\u00e5 hon k\u00f6pte det h\u00e4r ist\u00e4llet. Tack Magda!! Till helgen t\u00e4nker jag inte st\u00e4da, s\u00e5nt\u2026","rel":"","context":"I \u201dVardagsliv\u201d","block_context":{"text":"Vardagsliv","link":"https:\/\/blogg.fumei.se\/?cat=47"},"img":{"alt_text":"","src":"","width":0,"height":0},"classes":[]},{"id":1099,"url":"https:\/\/blogg.fumei.se\/?p=1099","url_meta":{"origin":1228,"position":2},"title":"Bored out of my skull","author":"M :)","date":"2009-09-20","format":false,"excerpt":"Jag har tr\u00e5kigt, jag \u00e4r pank, jag har tr\u00e5kigt, det regnar och jag har tr\u00e5kigt. Om ni inte fattade det s\u00e5 har jag tr\u00e5kigt. S\u00e5 jag har f\u00f6rs\u00f6kt syssels\u00e4tta mig med saker i helgen. Saker som st\u00e4dning (gick s\u00e5d\u00e4r), matlagning (funkade lite b\u00e4ttre), fika med mor och far, promenad, fotografering\u2026","rel":"","context":"I \u201dVardagsliv\u201d","block_context":{"text":"Vardagsliv","link":"https:\/\/blogg.fumei.se\/?cat=47"},"img":{"alt_text":"","src":"","width":0,"height":0},"classes":[]},{"id":967,"url":"https:\/\/blogg.fumei.se\/?p=967","url_meta":{"origin":1228,"position":3},"title":"Under solen intet nytt","author":"M :)","date":"2009-06-29","format":false,"excerpt":"Jag har en liten klocka som pinglar i bakhuvudet och vill tala om varifr\u00e5n citatet kommer, men den pinglar f\u00f6rg\u00e4ves ikv\u00e4ll. Jag kommer s\u00e4kert p\u00e5 det mitt i natten och vaknar av det och kan inte somna om. S\u00e5 brukar det vara. Jag brukar alltid komma p\u00e5 saker och namn\u2026","rel":"","context":"I \u201dVardagsliv\u201d","block_context":{"text":"Vardagsliv","link":"https:\/\/blogg.fumei.se\/?cat=47"},"img":{"alt_text":"","src":"","width":0,"height":0},"classes":[]},{"id":1151,"url":"https:\/\/blogg.fumei.se\/?p=1151","url_meta":{"origin":1228,"position":4},"title":"Najs prajs","author":"M :)","date":"2009-10-14","format":false,"excerpt":"Japp, det kan man kalla lasagne med sallad och dricka f\u00f6r 59 kronor. Det var n\u00e4mligen vad jag och Nina \u00e5t till lunch ig\u00e5r n\u00e4r vi tr\u00e4ffades i Gbg. Nina hade ju f\u00e5tt ett ryck och k\u00f6pt t\u00e5gbiljetter t.o.r Gbg f\u00f6r sina (n\u00e4stan) sista pengar, bara f\u00f6r att hon ville\u2026","rel":"","context":"I \u201dVardagsliv\u201d","block_context":{"text":"Vardagsliv","link":"https:\/\/blogg.fumei.se\/?cat=47"},"img":{"alt_text":"","src":"","width":0,"height":0},"classes":[]},{"id":925,"url":"https:\/\/blogg.fumei.se\/?p=925","url_meta":{"origin":1228,"position":5},"title":"En produktiv slappardag","author":"M :)","date":"2009-05-30","format":false,"excerpt":"har vi haft h\u00e4r hemma idag. Dagen b\u00f6rjade s\u00e5 fint med att min sovmorgon blev avbruten vid 11-tiden av att modern ringde och sa att de var p\u00e5 v\u00e4g. I och f\u00f6r sig \u00e4r 11 en r\u00e4tt rej\u00e4l sovmorgon f\u00f6r min del, men en timme till hade faktiskt inte skadat.\u2026","rel":"","context":"I \u201dVardagsliv\u201d","block_context":{"text":"Vardagsliv","link":"https:\/\/blogg.fumei.se\/?cat=47"},"img":{"alt_text":"","src":"","width":0,"height":0},"classes":[]}],"_links":{"self":[{"href":"https:\/\/blogg.fumei.se\/index.php?rest_route=\/wp\/v2\/posts\/1228","targetHints":{"allow":["GET"]}}],"collection":[{"href":"https:\/\/blogg.fumei.se\/index.php?rest_route=\/wp\/v2\/posts"}],"about":[{"href":"https:\/\/blogg.fumei.se\/index.php?rest_route=\/wp\/v2\/types\/post"}],"author":[{"embeddable":true,"href":"https:\/\/blogg.fumei.se\/index.php?rest_route=\/wp\/v2\/users\/1"}],"replies":[{"embeddable":true,"href":"https:\/\/blogg.fumei.se\/index.php?rest_route=%2Fwp%2Fv2%2Fcomments&post=1228"}],"version-history":[{"count":0,"href":"https:\/\/blogg.fumei.se\/index.php?rest_route=\/wp\/v2\/posts\/1228\/revisions"}],"wp:attachment":[{"href":"https:\/\/blogg.fumei.se\/index.php?rest_route=%2Fwp%2Fv2%2Fmedia&parent=1228"}],"wp:term":[{"taxonomy":"category","embeddable":true,"href":"https:\/\/blogg.fumei.se\/index.php?rest_route=%2Fwp%2Fv2%2Fcategories&post=1228"},{"taxonomy":"post_tag","embeddable":true,"href":"https:\/\/blogg.fumei.se\/index.php?rest_route=%2Fwp%2Fv2%2Ftags&post=1228"}],"curies":[{"name":"wp","href":"https:\/\/api.w.org\/{rel}","templated":true}]}}