{"id":1229,"date":"2010-01-24T13:00:58","date_gmt":"2010-01-24T13:00:58","guid":{"rendered":"http:\/\/blogg.fumei.se\/?p=1229"},"modified":"2010-01-24T13:00:58","modified_gmt":"2010-01-24T13:00:58","slug":"allrakaraste-syster","status":"publish","type":"post","link":"https:\/\/blogg.fumei.se\/?p=1229","title":{"rendered":"Allrak\u00e4raste syster"},"content":{"rendered":"<div style=\"text-align: center;\">(Jag har ju bara dig, men \u00e4nd\u00e5&#8230;) (och jag <em>har<\/em> ju inga ordentliga foton s\u00e5 du f\u00e5 fnysa b\u00e4st du vill&#8230;)<\/p>\n<p><img data-recalc-dims=\"1\" decoding=\"async\" class=\"image\" src=\"https:\/\/i0.wp.com\/emeff.blogg.se\/\/images\/2010\/ilse46-emeff2010_70760120.jpg?w=640\" alt=\"\" \/><img data-recalc-dims=\"1\" decoding=\"async\" class=\"image\" src=\"https:\/\/i0.wp.com\/emeff.blogg.se\/\/images\/2010\/grattissyster_70760200.jpg?w=640\" alt=\"\" \/><\/div>\n","protected":false},"excerpt":{"rendered":"<p>(Jag har ju bara dig, men \u00e4nd\u00e5&#8230;) (och jag har ju inga ordentliga foton s\u00e5 du f\u00e5 fnysa b\u00e4st du vill&#8230;)<\/p>\n","protected":false},"author":1,"featured_media":0,"comment_status":"open","ping_status":"open","sticky":false,"template":"","format":"standard","meta":{"jetpack_post_was_ever_published":false,"_jetpack_newsletter_access":"","_jetpack_dont_email_post_to_subs":false,"_jetpack_newsletter_tier_id":0,"_jetpack_memberships_contains_paywalled_content":false,"_jetpack_memberships_contains_paid_content":false,"footnotes":"","jetpack_publicize_message":"","jetpack_publicize_feature_enabled":true,"jetpack_social_post_already_shared":false,"jetpack_social_options":{"image_generator_settings":{"template":"highway","default_image_id":0,"font":"","enabled":false},"version":2}},"categories":[47],"tags":[],"class_list":["post-1229","post","type-post","status-publish","format-standard","hentry","category-vardagsliv"],"jetpack_publicize_connections":[],"jetpack_featured_media_url":"","jetpack_shortlink":"https:\/\/wp.me\/p3qko4-jP","jetpack_sharing_enabled":true,"jetpack_likes_enabled":true,"jetpack-related-posts":[{"id":1813,"url":"https:\/\/blogg.fumei.se\/?p=1813","url_meta":{"origin":1229,"position":0},"title":"Trevligheter","author":"M :)","date":"2011-12-01","format":false,"excerpt":"Ikv\u00e4ll har jag varit p\u00e5 tr\u00e4ff med mitt arbetslag. Vi tr\u00e4ffades hemma hos Cilla och var och en hade med sig n\u00e5t att \u00e4ta, s\u00e5 det blev ett ordentligt kalas med massa god mat och \u00e4ven en del gott att dricka. Alla kunde inte komma, tyv\u00e4rr, men de flesta av\u2026","rel":"","context":"I \u201dVardagsliv\u201d","block_context":{"text":"Vardagsliv","link":"https:\/\/blogg.fumei.se\/?cat=47"},"img":{"alt_text":"","src":"https:\/\/i0.wp.com\/blogg.fumei.se\/wp-content\/uploads\/2011\/12\/2011-12-01-20.14.29.jpg?resize=350%2C200","width":350,"height":200},"classes":[]},{"id":1806,"url":"https:\/\/blogg.fumei.se\/?p=1806","url_meta":{"origin":1229,"position":1},"title":"Wishful thinking","author":"M :)","date":"2011-12-01","format":false,"excerpt":"Jag plagierar Emmas id\u00e8 och l\u00e4gger ut barnens (ton\u00e5ringarnas) \u00f6nskelistor h\u00e4r p\u00e5 bloggen, s\u00e5 att var och en som k\u00e4nner att de vill bidra med klappar kan f\u00e5 instpiration h\u00e4r. Sophia \u00f6rh\u00e4ngen med FC Liverpools logga kuddfodral med engelska flaggan tr\u00f6jor med engelska flaggan p\u00e5 Iphone 4 \/ Iphone 4s\u2026","rel":"","context":"I \u201dVardagsliv\u201d","block_context":{"text":"Vardagsliv","link":"https:\/\/blogg.fumei.se\/?cat=47"},"img":{"alt_text":"","src":"","width":0,"height":0},"classes":[]},{"id":2364,"url":"https:\/\/blogg.fumei.se\/?p=2364","url_meta":{"origin":1229,"position":2},"title":"En svensk klassiker","author":"M :)","date":"2012-05-14","format":false,"excerpt":"Nix nej jag ska inte varken cykla, simma eller springa. Det handlar om radioklassiker. N\u00e4rmare best\u00e4mt Svensktoppen. Ett program som jag, och m\u00e5nga med mig, v\u00e4xte upp med p\u00e5 radion vid frukostbordet p\u00e5 s\u00f6ndagarna. H\u00e4romdagen damp detta kort ner i brevl\u00e5dan: och eftersom det \u00e4r lite nostalgivarning p\u00e5 den, och\u2026","rel":"","context":"I \u201dVardagsliv\u201d","block_context":{"text":"Vardagsliv","link":"https:\/\/blogg.fumei.se\/?cat=47"},"img":{"alt_text":"","src":"","width":0,"height":0},"classes":[]},{"id":695,"url":"https:\/\/blogg.fumei.se\/?p=695","url_meta":{"origin":1229,"position":3},"title":"Ett nytt blad i historieboken","author":"M :)","date":"2008-11-05","format":false,"excerpt":"Jo men visst m\u00e5ste man v\u00e4l b\u00f6rja p\u00e5 en ny fin sida om man ska b\u00f6rja ber\u00e4tta om hur USA fick sin f\u00f6rsta icke-vita president?! I \"the land of the free\" och alla dr\u00f6mmars och m\u00f6jligheters land, d\u00e4r har det inte alltid varit s\u00e5, och synar man ordentligt s\u00e5 inte\u2026","rel":"","context":"I \u201dVardagsliv\u201d","block_context":{"text":"Vardagsliv","link":"https:\/\/blogg.fumei.se\/?cat=47"},"img":{"alt_text":"","src":"","width":0,"height":0},"classes":[]},{"id":277,"url":"https:\/\/blogg.fumei.se\/?p=277","url_meta":{"origin":1229,"position":4},"title":"S\u00e5d\u00e4r d\u00e5","author":"M :)","date":"2010-03-07","format":false,"excerpt":"D\u00e5 var det slut p\u00e5 \u00e4nnu en vecka. Den h\u00e4r veckan har jag klarat av att arbeta sex arbetspass fast\u00e4n jag bara hade\u00a0tre pass inlagda i schemat, inte illa pinkat av en gammal h\u00e4st. Hoppas det visar sig positivt i kassan n\u00e4r l\u00f6nen kommer ocks\u00e5. Allts\u00e5 n\u00e4sta m\u00e5nads l\u00f6n, f\u00f6r\u2026","rel":"","context":"I \u201dVardagsliv\u201d","block_context":{"text":"Vardagsliv","link":"https:\/\/blogg.fumei.se\/?cat=47"},"img":{"alt_text":"","src":"","width":0,"height":0},"classes":[]},{"id":3439,"url":"https:\/\/blogg.fumei.se\/?p=3439","url_meta":{"origin":1229,"position":5},"title":"Buzzning: Vanish","author":"M :)","date":"2014-12-14","format":false,"excerpt":"All skit f\u00f6rsvinner! sa Suzanne Reuter i en Lorry-sketch en g\u00e5ng i tiden. Detsamma h\u00e4vdar reklamen att det ska ske om man bara b\u00f6rjar anv\u00e4nda vanish p\u00e5 alla fl\u00e4ckar och missf\u00e4rgningar man f\u00e5r p\u00e5 kl\u00e4der och andra textilier. Som Buzzador fick jag chansen att testa om det verkligen \u00e4r s\u00e5.\u2026","rel":"","context":"I \u201dVardagsliv\u201d","block_context":{"text":"Vardagsliv","link":"https:\/\/blogg.fumei.se\/?cat=47"},"img":{"alt_text":"20141205_120135","src":"https:\/\/i0.wp.com\/blogg.fumei.se\/wp-content\/uploads\/2014\/12\/20141205_120135-300x277.jpg?resize=350%2C200","width":350,"height":200},"classes":[]}],"_links":{"self":[{"href":"https:\/\/blogg.fumei.se\/index.php?rest_route=\/wp\/v2\/posts\/1229","targetHints":{"allow":["GET"]}}],"collection":[{"href":"https:\/\/blogg.fumei.se\/index.php?rest_route=\/wp\/v2\/posts"}],"about":[{"href":"https:\/\/blogg.fumei.se\/index.php?rest_route=\/wp\/v2\/types\/post"}],"author":[{"embeddable":true,"href":"https:\/\/blogg.fumei.se\/index.php?rest_route=\/wp\/v2\/users\/1"}],"replies":[{"embeddable":true,"href":"https:\/\/blogg.fumei.se\/index.php?rest_route=%2Fwp%2Fv2%2Fcomments&post=1229"}],"version-history":[{"count":0,"href":"https:\/\/blogg.fumei.se\/index.php?rest_route=\/wp\/v2\/posts\/1229\/revisions"}],"wp:attachment":[{"href":"https:\/\/blogg.fumei.se\/index.php?rest_route=%2Fwp%2Fv2%2Fmedia&parent=1229"}],"wp:term":[{"taxonomy":"category","embeddable":true,"href":"https:\/\/blogg.fumei.se\/index.php?rest_route=%2Fwp%2Fv2%2Fcategories&post=1229"},{"taxonomy":"post_tag","embeddable":true,"href":"https:\/\/blogg.fumei.se\/index.php?rest_route=%2Fwp%2Fv2%2Ftags&post=1229"}],"curies":[{"name":"wp","href":"https:\/\/api.w.org\/{rel}","templated":true}]}}