{"id":123,"date":"2011-01-14T13:25:00","date_gmt":"2011-01-14T13:25:00","guid":{"rendered":"\/Blogg\/post\/30-dagarslista3b-Dag-12.aspx"},"modified":"2011-01-14T13:25:00","modified_gmt":"2011-01-14T13:25:00","slug":"30-dagarslista-dag-12","status":"publish","type":"post","link":"https:\/\/blogg.fumei.se\/?p=123","title":{"rendered":"30-dagarslista; Dag 12"},"content":{"rendered":"<p><em>Dag 12: En bild p&aring; ditt favoritminne.<\/em><\/p>\n<p>&Aring;h herre jissus, det finns s&aring; m&aring;nga favoriter, jag kan inte v&auml;lja <em>en<\/em>, och jag har inga foton p&aring; de flesta av dem.<br \/>Sj&auml;lvklar delar mina barns ankomst till v&auml;rlden p&aring; f&ouml;rstaplatsen, men d&auml;r finns ocks&aring; andra p&aring; listan, tex n&auml;r jag tr&auml;ffade J, sommaren 1982 i Italien, min 30-&aring;rsfest, och sj&auml;lvklart n&aring;gra till.<\/p>\n<p>Ni f&aring;r helt enkelt klara er utan bilder &auml;nnu en g&aring;ng.<\/p>\n","protected":false},"excerpt":{"rendered":"<p>Dag 12: En bild p&aring; ditt favoritminne. &Aring;h herre jissus, det finns s&aring; m&aring;nga favoriter, jag kan inte v&auml;lja en, och jag har inga foton p&aring; de flesta av dem.Sj&auml;lvklar delar mina barns ankomst till v&auml;rlden p&aring; f&ouml;rstaplatsen, men d&auml;r finns ocks&aring; andra p&aring; listan, tex n&auml;r jag tr&auml;ffade J, sommaren 1982 i Italien, min&#8230;<\/p>\n","protected":false},"author":1,"featured_media":0,"comment_status":"open","ping_status":"open","sticky":false,"template":"","format":"standard","meta":{"jetpack_post_was_ever_published":false,"_jetpack_newsletter_access":"","_jetpack_dont_email_post_to_subs":false,"_jetpack_newsletter_tier_id":0,"_jetpack_memberships_contains_paywalled_content":false,"_jetpack_memberships_contains_paid_content":false,"footnotes":"","jetpack_publicize_message":"","jetpack_publicize_feature_enabled":true,"jetpack_social_post_already_shared":false,"jetpack_social_options":{"image_generator_settings":{"template":"highway","default_image_id":0,"font":"","enabled":false},"version":2}},"categories":[47],"tags":[],"class_list":["post-123","post","type-post","status-publish","format-standard","hentry","category-vardagsliv"],"jetpack_publicize_connections":[],"jetpack_featured_media_url":"","jetpack_shortlink":"https:\/\/wp.me\/p3qko4-1Z","jetpack_sharing_enabled":true,"jetpack_likes_enabled":true,"jetpack-related-posts":[{"id":143,"url":"https:\/\/blogg.fumei.se\/?p=143","url_meta":{"origin":123,"position":0},"title":"30-dagarslista","author":"M :)","date":"2011-01-01","format":false,"excerpt":"Dag 1: En bild p\u00e5 dig sj\u00e4lv och femton fakta om dig sj\u00e4lv.Dag 2; En bild p\u00e5 dig sj\u00e4lv och den person du varit v\u00e4n med l\u00e4ngst.Dag 3; En bild p\u00e5 dig och n\u00e5gon som f\u00e5r dig att skratta mycket.Dag 4; En bild p\u00e5 n\u00e5got du skulle vilja g\u00f6ra igen.Dag\u2026","rel":"","context":"I \u201dVardagsliv\u201d","block_context":{"text":"Vardagsliv","link":"https:\/\/blogg.fumei.se\/?cat=47"},"img":{"alt_text":"","src":"","width":0,"height":0},"classes":[]},{"id":133,"url":"https:\/\/blogg.fumei.se\/?p=133","url_meta":{"origin":123,"position":1},"title":"30-dagarslista; Dag 5","author":"M :)","date":"2011-01-05","format":false,"excerpt":"Dag 5; En bild p\u00e5 n\u00e5got du \u00e4lskar. N\u00e5got jag \u00e4lskar. Jaha...det kan ju vara en hel massa saker...just nu \u00e4r jag olidligt sugen p\u00e5 vindruvor. Men eftersom de enda druvor som finns i v\u00e5r lilla butik h\u00e4r hemmavid \u00e4r s\u00e5dana d\u00e4r sm\u00e5 och sura, s\u00e5 f\u00e5r det vara.Jag illustrerar\u2026","rel":"","context":"I \u201dVardagsliv\u201d","block_context":{"text":"Vardagsliv","link":"https:\/\/blogg.fumei.se\/?cat=47"},"img":{"alt_text":"","src":"","width":0,"height":0},"classes":[]},{"id":104,"url":"https:\/\/blogg.fumei.se\/?p=104","url_meta":{"origin":123,"position":2},"title":"30-dagarslista; Dag 21","author":"M :)","date":"2011-02-01","format":false,"excerpt":"Dag 21: En bild p\u00e5 n\u00e5got du helst vill gl\u00f6mma. \u00a0 Det finns m\u00e5nga saker man g\u00e4rna vill f\u00f6rpassa till gl\u00f6mskans skogar, men n\u00e5got jag g\u00e4rna vill gl\u00f6mma, men aldrig kan gl\u00f6mma, det \u00e4r att jag var mobbad i skolan n\u00e4r jag var liten.Pga detta, eller kanske tack vare, s\u00e5\u2026","rel":"","context":"I \u201dVardagsliv\u201d","block_context":{"text":"Vardagsliv","link":"https:\/\/blogg.fumei.se\/?cat=47"},"img":{"alt_text":"","src":"","width":0,"height":0},"classes":[]},{"id":127,"url":"https:\/\/blogg.fumei.se\/?p=127","url_meta":{"origin":123,"position":3},"title":"30-dagarslista; Dag 8","author":"M :)","date":"2011-01-14","format":false,"excerpt":"Dag 8; En bild av din natt. Hahaha, den h\u00e4r \u00e4r lite rolig, f\u00f6r faktiskt s\u00e5 tog J kort p\u00e5 mig n\u00e4r jag sov f\u00f6r inte s\u00e5 l\u00e4nge sen. Hans avsikt var att visa mig hur mycket jag brer ut mig i s\u00e4ngen n\u00e4r jag sover. Allvarligt, hur mycket plats\u2026","rel":"","context":"I \u201dVardagsliv\u201d","block_context":{"text":"Vardagsliv","link":"https:\/\/blogg.fumei.se\/?cat=47"},"img":{"alt_text":"","src":"","width":0,"height":0},"classes":[]},{"id":95,"url":"https:\/\/blogg.fumei.se\/?p=95","url_meta":{"origin":123,"position":4},"title":"30-dagarslista; Dag 30","author":"M :)","date":"2011-02-01","format":false,"excerpt":"Dag 30: En bild p\u00e5 n\u00e5gon du saknar. \u00a0 Fia \u2665 \u00a0","rel":"","context":"I \u201dVardagsliv\u201d","block_context":{"text":"Vardagsliv","link":"https:\/\/blogg.fumei.se\/?cat=47"},"img":{"alt_text":"","src":"","width":0,"height":0},"classes":[]},{"id":76,"url":"https:\/\/blogg.fumei.se\/?p=76","url_meta":{"origin":123,"position":5},"title":"30 dagar i b\u00f6cker &#8211; Dag 12","author":"M :)","date":"2011-02-16","format":false,"excerpt":"Day 12 \u2013 A book you used to love but don\u2019t anymore Vad\u00e5 \"inte \u00e4lskar l\u00e4ngre\"? Om jag en g\u00e5ng f\u00f6r\u00e4lskat mig i en bok, s\u00e5 kommer jag alltid att \u00e4lska den. Men man kan se det lite fr\u00e5n en annan vinkel - det finns b\u00f6cker jag varit helt passionerad\u2026","rel":"","context":"I \u201dVardagsliv\u201d","block_context":{"text":"Vardagsliv","link":"https:\/\/blogg.fumei.se\/?cat=47"},"img":{"alt_text":"","src":"","width":0,"height":0},"classes":[]}],"_links":{"self":[{"href":"https:\/\/blogg.fumei.se\/index.php?rest_route=\/wp\/v2\/posts\/123","targetHints":{"allow":["GET"]}}],"collection":[{"href":"https:\/\/blogg.fumei.se\/index.php?rest_route=\/wp\/v2\/posts"}],"about":[{"href":"https:\/\/blogg.fumei.se\/index.php?rest_route=\/wp\/v2\/types\/post"}],"author":[{"embeddable":true,"href":"https:\/\/blogg.fumei.se\/index.php?rest_route=\/wp\/v2\/users\/1"}],"replies":[{"embeddable":true,"href":"https:\/\/blogg.fumei.se\/index.php?rest_route=%2Fwp%2Fv2%2Fcomments&post=123"}],"version-history":[{"count":0,"href":"https:\/\/blogg.fumei.se\/index.php?rest_route=\/wp\/v2\/posts\/123\/revisions"}],"wp:attachment":[{"href":"https:\/\/blogg.fumei.se\/index.php?rest_route=%2Fwp%2Fv2%2Fmedia&parent=123"}],"wp:term":[{"taxonomy":"category","embeddable":true,"href":"https:\/\/blogg.fumei.se\/index.php?rest_route=%2Fwp%2Fv2%2Fcategories&post=123"},{"taxonomy":"post_tag","embeddable":true,"href":"https:\/\/blogg.fumei.se\/index.php?rest_route=%2Fwp%2Fv2%2Ftags&post=123"}],"curies":[{"name":"wp","href":"https:\/\/api.w.org\/{rel}","templated":true}]}}